{"id":2926,"date":"2025-09-19T10:01:05","date_gmt":"2025-09-19T10:01:05","guid":{"rendered":"https:\/\/oma.skoletjenesten.no\/?p=2926"},"modified":"2026-04-07T21:01:41","modified_gmt":"2026-04-07T21:01:41","slug":"virtuell-virkelighet-37-25","status":"publish","type":"post","link":"https:\/\/oma.skoletjenesten.no\/?p=2926","title":{"rendered":"Virtuell virkelighet 37\/25"},"content":{"rendered":"\n<p><small>Denne spalten het tidligere <em>Alternative fakta<\/em>, som fortsatt er kategori-betegnelsen. I<em> Alternative fakta<\/em> l\u00e5 vekten ofte mer p\u00e5 det alternative enn p\u00e5 fakta. Her i <em>Virtuell virkelighet<\/em> kan vekten&nbsp; ligge mer p\u00e5 det virtuelle enn p\u00e5 virkeligheten.<\/small><\/p>\n\n\n\n<p><small>Navneskiftet ble forklart i <a href=\"http:\/\/ttt.skoletjenesten.no\/alternative-fakta-3-21\/\" target=\"_blank\" rel=\"noreferrer noopener\">siste utgave av Alternative fakta 15. januar 2021<\/a>.<\/small><\/p>\n\n\n\n<hr class=\"wp-block-separator has-alpha-channel-opacity\"\/>\n\n\n\n<p><strong><em>Vv 1: Eplen\u00f8d.<\/em><\/strong> S\u00e5 st\u00e5r epleplukkehelgen for d\u00f8ren \u2013 \u00e9n uke forsinket p.g.a. sykdom. V\u00e6ret ser ut til \u00e5 bli nesten perfekt, men de faste plukkerne er fortsatt sykmeldt. Dette kan bli krise \u2013 bortsett fra for elgen (som tok noen h\u00f8ythengende epler en m\u00f8rk h\u00f8stkveld for noen \u00e5r siden) og etter hvert mus og rotter (som liker nedfallsfrukt). Bloggeren st\u00e5r klar til \u00e5 motta hjelp fra i 12-tiden i morgen og s\u00f8ndag. Det som plukkes, tilfaller plukkeren.<\/p>\n\n\n\n<p><a href=\"mailto:ttt@skoletjenesten.no?cc=&amp;bcc=&amp;subject=Vv%201\/38&amp;amptarget=\"><em>Kommenter denne notisen<\/em><\/a><\/p>\n\n\n\n<p class=\"has-text-align-center\">\u058e\u058e\u058e<\/p>\n\n\n<div class=\"wp-block-image is-style-twentytwentyone-border\">\n<figure class=\"alignright size-full\"><a href=\"http:\/\/ttt.skoletjenesten.no\/wp-content\/uploads\/2025\/09\/15_Epledamen_Budstikka%2019-09-1975-pages_9.pdf\" target=\"_blank\" rel=\" noreferrer noopener\"><img loading=\"lazy\" decoding=\"async\" width=\"554\" height=\"807\" src=\"https:\/\/oma.skoletjenesten.no\/wp-content\/uploads\/2025\/09\/15_Epledamen_Budstikka2019-09-1975-pages_9.pdf.png\" alt=\"\" class=\"wp-image-2934\" srcset=\"https:\/\/oma.skoletjenesten.no\/wp-content\/uploads\/2025\/09\/15_Epledamen_Budstikka2019-09-1975-pages_9.pdf.png 554w, https:\/\/oma.skoletjenesten.no\/wp-content\/uploads\/2025\/09\/15_Epledamen_Budstikka2019-09-1975-pages_9.pdf-206x300.png 206w\" sizes=\"auto, (max-width: 554px) 100vw, 554px\" \/><\/a><figcaption class=\"wp-element-caption\">Asker og B\u00e6rums Budstikke 19. september 1975. Klikk for \u00e5 lese.<\/figcaption><\/figure>\n<\/div>\n\n\n<p><strong><em>Vv 2: Eplefolk.<\/em><\/strong> Bloggeren, som kan kalles en slags eplemann, leste med interesse i Budstikka for 50 \u00e5r siden om \u00abepledamen\u00bb (klippet ved siden av).<\/p>\n\n\n\n<p>.<\/p>\n\n\n\n<p>.<\/p>\n\n\n\n<p>.<\/p>\n\n\n\n<p>.<\/p>\n\n\n\n<p><a href=\"mailto:ttt@skoletjenesten.no?cc=&amp;bcc=&amp;subject=Vv%202\/38&amp;amptarget=\"><em>Kommenter denne notisen<\/em><\/a><\/p>\n\n\n\n<p class=\"has-text-align-center\">\u058e\u058e\u058e<\/p>\n\n\n\n<figure class=\"wp-block-video alignright\"><video height=\"436\" style=\"aspect-ratio: 400 \/ 436;\" width=\"400\" controls src=\"https:\/\/oma.skoletjenesten.no\/wp-content\/uploads\/2025\/09\/20_Kaur2.mp4\"><\/video><\/figure>\n\n\n\n<p id=\"Ungdomspartileder\"><strong><em>Vv 3: Ungdomspartileder.<\/em><\/strong> Det lille partiet R\u00f8dt etterlikner de store partiene ved \u00e5 ha et ungdomsparti som gj\u00f8r dumme ting. F. eks. valgte R\u00f8d ungdom <a href=\"https:\/\/snl.no\/Amrit_Kaur\" data-type=\"link\" data-id=\"https:\/\/snl.no\/Amrit_Kaur\" target=\"_blank\" rel=\"noreferrer noopener\">Amrit Kaur<\/a> som leder. Hun er god til \u00e5 tenke seg om <em>etter<\/em> at hun har lagt ut p\u00e5 sosiale medier noe som er noks\u00e5 dumt. Klippet ved siden av er nyeste eksempel. Det f\u00f8rte til at selv de voksne i partiet (voksne i hvert fall i alder) tok avstand, og Amrit Kaur trakk seg som leder. Hvilket tap for norsk politikk!<\/p>\n\n\n\n<p><a href=\"mailto:ttt@skoletjenesten.no?cc=&amp;bcc=&amp;subject=Vv%203\/38&amp;amptarget=\"><em>Kommenter denne notisen<\/em><\/a><\/p>\n\n\n\n<p class=\"has-text-align-center\">\u058e\u058e\u058e<\/p>\n\n\n\n<p><strong><em>Vv 4: Punjab-navn.<\/em><\/strong> Etternavnet Kaur (se forrige notis, Vv-3) er indisk, og betegner at damen som b\u00e6rer det, tilh\u00f8rer <a href=\"https:\/\/snl.no\/sikhisme\" data-type=\"link\" data-id=\"https:\/\/snl.no\/sikhisme\" target=\"_blank\" rel=\"noreferrer noopener\">sikhismen <\/a>(tilsvarende navn for menn er Singh). Den avg\u00e5tte lederen for R\u00f8d ungdom heter egentlig Amrit Kaur Sandhu. \u00c5rsaken til at hun ikke bruker det siste navnet, er nok at hun vil unng\u00e5 forveksling med <a href=\"https:\/\/no.wikipedia.org\/wiki\/Harnaaz_Sandhu\" data-type=\"link\" data-id=\"https:\/\/en.wikipedia.org\/wiki\/Harnaaz_Sandhu\" target=\"_blank\" rel=\"noreferrer noopener\">Harnaaz Kaur Sandhu<\/a>, som ble Miss Universe i 2021.<\/p>\n\n\n\n<p><a href=\"mailto:ttt@skoletjenesten.no?cc=&amp;bcc=&amp;subject=Vv%204\/38&amp;amptarget=\"><em>Kommenter denne notisen<\/em><\/a><\/p>\n\n\n\n<p class=\"has-text-align-center\">\u058e\u058e\u058e<\/p>\n\n\n\n<p><strong><em>Vv 5: H\u00f8yhus-fare.<\/em><\/strong> Da Hamas gjorde statskupp i Gaza i 2007, ble motstanderne deres <a href=\"https:\/\/en.wikipedia.org\/wiki\/Battle_of_Gaza_(2007)#Battle\" data-type=\"link\" data-id=\"https:\/\/en.wikipedia.org\/wiki\/Battle_of_Gaza_(2007)#Battle\" target=\"_blank\" rel=\"noreferrer noopener\">kastet ut fra h\u00f8ye hus<\/a>. Bloggeren ser ikke bort fra at dette kan v\u00e6re noe av \u00e5rsaken til at h\u00f8ye hus n\u00e5 er s\u00e6rlig utsatt n\u00e5r Israel tar kontrollen over Gaza by.<\/p>\n\n\n\n<p><a href=\"mailto:ttt@skoletjenesten.no?cc=&amp;bcc=&amp;subject=Vv%205\/38&amp;amptarget=\"><em>Kommenter denne notisen<\/em><\/a><\/p>\n\n\n\n<p class=\"has-text-align-center\">\u058e\u058e\u058e<\/p>\n\n\n\n<p><strong><em>Vv 6: Gaza-ro.<\/em><\/strong> Fra 1956 til 1967 var det trygt p\u00e5 Gaza-stripen. For der holdt DANOR-bataljonen vakt. Denne dansk-norske delen av <a href=\"https:\/\/snl.no\/United_Nations_Emergency_Force\" data-type=\"link\" data-id=\"https:\/\/snl.no\/United_Nations_Emergency_Force\" target=\"_blank\" rel=\"noreferrer noopener\">UNEF-1<\/a> ble utplassert p\u00e5 den da egyptiske Gazastripen etter Suez-krigen i 1956, og ble trukket tilbake etter krav fra Egypts president Gamal Abdel Nasser like f\u00f8r seksdagers-krigen i 1967. Wenche Myhres fanklubb samlet inn penger til et barnesykehus i Gaza, og Falkeklubben i NRK (den gang lisensfinansiert) sendte en <a href=\"https:\/\/ttt.skoletjenesten.no\/israel-og-palestina-mange-sporsmal-fa-svar\/#wenchemyhre\" data-type=\"link\" data-id=\"https:\/\/ttt.skoletjenesten.no\/israel-og-palestina-mange-sporsmal-fa-svar\/#wenchemyhre\" target=\"_blank\" rel=\"noreferrer noopener\">Gaza-reportasje<\/a> i forbindelse med \u00e5pningen av hospitalet. P\u00e5 NRKs nettsider kommenterer <a href=\"https:\/\/www.nrk.no\/video\/wenche-myhre-i-gaza_18071\" data-type=\"link\" data-id=\"https:\/\/www.nrk.no\/video\/wenche-myhre-i-gaza_18071\" target=\"_blank\" rel=\"noreferrer noopener\">Wenche Myhre i 2010<\/a> filmen fra 1964.<\/p>\n\n\n\n<p><a href=\"mailto:ttt@skoletjenesten.no?cc=&amp;bcc=&amp;subject=Vv%206\/38&amp;amptarget=\"><em>Kommenter denne notisen<\/em><\/a><\/p>\n\n\n\n<p class=\"has-text-align-center\">\u058e\u058e\u058e<\/p>\n\n\n\n<p><strong><em>Vv 7: Donald-fare?<\/em><\/strong> President Donald i Sambandsstatene har bestemt seg for \u00e5 sende nasjonalgarden til et par av de st\u00f8rre byene i unionen. Bloggeren ser dette i sammenheng med de to klippene nedenfor fra Aftenposten: <em>&#8211; Dette er handlingene til en diktator, ikke en president<\/em> og <em>N\u00e5 trapper han opp krigen mot amerikanske medier<\/em>. Men forel\u00f8pig gjelder <a href=\"https:\/\/oma.skoletjenesten.no\/?p=1594\/#trumpnedtelling\" data-type=\"link\" data-id=\"https:\/\/oma.skoletjenesten.no\/?p=1594\/#trumpnedtelling\" target=\"_blank\" rel=\"noreferrer noopener\">telleverket fra bloggens nr. 11\/25<\/a>.<\/p>\n\n\n\n<div class=\"wp-block-columns is-layout-flex wp-container-core-columns-is-layout-9d6595d7 wp-block-columns-is-layout-flex\">\n<div class=\"wp-block-column is-layout-flow wp-block-column-is-layout-flow\">\n<figure class=\"wp-block-image size-full is-style-twentytwentyone-border\"><a href=\"http:\/\/ttt.skoletjenesten.no\/wp-content\/uploads\/2025\/09\/30_Trump---Diktator_Aftenposten%2010.%20juni%202025.pdf\" target=\"_blank\" rel=\" noreferrer noopener\"><img loading=\"lazy\" decoding=\"async\" width=\"764\" height=\"538\" src=\"https:\/\/oma.skoletjenesten.no\/wp-content\/uploads\/2025\/09\/30_Trump1-250610Opera-Bilde_2025-08-10_125020_e-avis.aftenposten.no_.png\" alt=\"\" class=\"wp-image-2931\" srcset=\"https:\/\/oma.skoletjenesten.no\/wp-content\/uploads\/2025\/09\/30_Trump1-250610Opera-Bilde_2025-08-10_125020_e-avis.aftenposten.no_.png 764w, https:\/\/oma.skoletjenesten.no\/wp-content\/uploads\/2025\/09\/30_Trump1-250610Opera-Bilde_2025-08-10_125020_e-avis.aftenposten.no_-300x211.png 300w\" sizes=\"auto, (max-width: 764px) 100vw, 764px\" \/><\/a><figcaption class=\"wp-element-caption\">Aftenposten 10. juni 2025. Klikk for \u00e5 lese.<\/figcaption><\/figure>\n<\/div>\n\n\n\n<div class=\"wp-block-column is-layout-flow wp-block-column-is-layout-flow\">\n<figure class=\"wp-block-image size-full is-style-twentytwentyone-border\"><a href=\"http:\/\/ttt.skoletjenesten.no\/wp-content\/uploads\/2025\/09\/30_Trrump---mediekrig_Aftenposten%2010.%20juni%202025.pdf\" target=\"_blank\" rel=\" noreferrer noopener\"><img loading=\"lazy\" decoding=\"async\" width=\"397\" height=\"531\" src=\"https:\/\/oma.skoletjenesten.no\/wp-content\/uploads\/2025\/09\/30_Trump2-250610Opera-Bilde_2025-08-10_125020_e-avis.aftenposten.no_.png\" alt=\"\" class=\"wp-image-2932\" srcset=\"https:\/\/oma.skoletjenesten.no\/wp-content\/uploads\/2025\/09\/30_Trump2-250610Opera-Bilde_2025-08-10_125020_e-avis.aftenposten.no_.png 397w, https:\/\/oma.skoletjenesten.no\/wp-content\/uploads\/2025\/09\/30_Trump2-250610Opera-Bilde_2025-08-10_125020_e-avis.aftenposten.no_-224x300.png 224w\" sizes=\"auto, (max-width: 397px) 100vw, 397px\" \/><\/a><figcaption class=\"wp-element-caption\">Aftenposten 10. juni 2025. Klikk for \u00e5 lese.<\/figcaption><\/figure>\n<\/div>\n<\/div>\n\n\n\n<p><a href=\"mailto:ttt@skoletjenesten.no?cc=&amp;bcc=&amp;subject=Vv%207\/38&amp;amptarget=\"><em>Kommenter denne notisen<\/em><\/a><\/p>\n\n\n\n<p class=\"has-text-align-center\">\u058e\u058e\u058e<\/p>\n\n\n<div class=\"wp-block-image is-style-twentytwentyone-border\">\n<figure class=\"alignright size-full\"><a href=\"http:\/\/ttt.skoletjenesten.no\/wp-content\/uploads\/2025\/09\/40_Bakerialkohol_Aftenposten%20Aften%2019.%20september%201925.pdf\" target=\"_blank\" rel=\" noreferrer noopener\"><img loading=\"lazy\" decoding=\"async\" width=\"523\" height=\"677\" src=\"https:\/\/oma.skoletjenesten.no\/wp-content\/uploads\/2025\/09\/40_Bak-erialkohol_Aftenposten-Aften-19.-september-1925.jpg\" alt=\"\" class=\"wp-image-2933\" srcset=\"https:\/\/oma.skoletjenesten.no\/wp-content\/uploads\/2025\/09\/40_Bak-erialkohol_Aftenposten-Aften-19.-september-1925.jpg 523w, https:\/\/oma.skoletjenesten.no\/wp-content\/uploads\/2025\/09\/40_Bak-erialkohol_Aftenposten-Aften-19.-september-1925-232x300.jpg 232w\" sizes=\"auto, (max-width: 523px) 100vw, 523px\" \/><\/a><figcaption class=\"wp-element-caption\">Aftenposten 19. september 1925. Klikk for \u00e5 lese.<\/figcaption><\/figure>\n<\/div>\n\n\n<p><strong><em>Vv 8: Destillering.<\/em><\/strong> If\u00f8lge den lille notisen ved siden av fra Aftenposten for hundre \u00e5r siden kan man utvinne alkohol av dampen fra br\u00f8dbaking. Bloggens lesere skal imidlertid ikke av den grunn kaste seg over hjemmebaking av br\u00f8d. Notisen nevner nemlig ogs\u00e5 at patentet som omtales, har v\u00e6rt utpr\u00f8vd i br\u00f8d<em>fabrikker<\/em>.<\/p>\n\n\n\n<p>.<\/p>\n\n\n\n<p><a href=\"mailto:ttt@skoletjenesten.no?cc=&amp;bcc=&amp;subject=Vv%208\/38&amp;amptarget=\"><em>Kommenter denne notisen<\/em><\/a><\/p>\n\n\n\n<p class=\"has-text-align-center\">\u058e\u058e\u058e<\/p>\n\n\n\n<p><strong><em>Vv 9: Damestemmerett.<\/em><\/strong> Enkelte damer er frenetisk opptatt av at Norge innf\u00f8rte stemmerett for damer \u00aballerede\u00bb i 1913. De kan ta inn over seg \u2013 hvis de er i stand til det \u2013 at New Zealand innf\u00f8rte allmenn stemmerett for damer i 1893.<\/p>\n\n\n\n<p><a href=\"mailto:ttt@skoletjenesten.no?cc=&amp;bcc=&amp;subject=Vv%209\/38&amp;amptarget=\"><em>Kommenter denne notisen<\/em><\/a><\/p>\n\n\n\n<div style=\"height:100px\" aria-hidden=\"true\" class=\"wp-block-spacer\"><\/div>\n\n\n\n<hr class=\"wp-block-separator has-alpha-channel-opacity\"\/>\n\n\n\n<p class=\"has-text-align-center\"><em><a href=\"https:\/\/oma.skoletjenesten.no\/?p=2924\">Til innholdsliste for denne utgaven<\/a><\/em><\/p>\n","protected":false},"excerpt":{"rendered":"<p>Denne spalten het tidligere Alternative fakta, som fortsatt er kategori-betegnelsen. I Alternative fakta l\u00e5 vekten ofte mer p\u00e5 det alternative enn p\u00e5 fakta. Her i Virtuell virkelighet kan vekten&nbsp; ligge mer p\u00e5 det virtuelle enn p\u00e5 virkeligheten. Navneskiftet ble forklart i siste utgave av Alternative fakta 15. januar 2021. Vv 1: Eplen\u00f8d. S\u00e5 st\u00e5r epleplukkehelgen&hellip; <a class=\"more-link\" href=\"https:\/\/oma.skoletjenesten.no\/?p=2926\">Fortsett \u00e5 lese <span class=\"screen-reader-text\">Virtuell virkelighet 37\/25<\/span><\/a><\/p>\n","protected":false},"author":1,"featured_media":0,"comment_status":"open","ping_status":"open","sticky":false,"template":"","format":"standard","meta":{"footnotes":""},"categories":[11],"tags":[],"class_list":["post-2926","post","type-post","status-publish","format-standard","hentry","category-alternative-fakta","entry"],"_links":{"self":[{"href":"https:\/\/oma.skoletjenesten.no\/index.php?rest_route=\/wp\/v2\/posts\/2926","targetHints":{"allow":["GET"]}}],"collection":[{"href":"https:\/\/oma.skoletjenesten.no\/index.php?rest_route=\/wp\/v2\/posts"}],"about":[{"href":"https:\/\/oma.skoletjenesten.no\/index.php?rest_route=\/wp\/v2\/types\/post"}],"author":[{"embeddable":true,"href":"https:\/\/oma.skoletjenesten.no\/index.php?rest_route=\/wp\/v2\/users\/1"}],"replies":[{"embeddable":true,"href":"https:\/\/oma.skoletjenesten.no\/index.php?rest_route=%2Fwp%2Fv2%2Fcomments&post=2926"}],"version-history":[{"count":8,"href":"https:\/\/oma.skoletjenesten.no\/index.php?rest_route=\/wp\/v2\/posts\/2926\/revisions"}],"predecessor-version":[{"id":4588,"href":"https:\/\/oma.skoletjenesten.no\/index.php?rest_route=\/wp\/v2\/posts\/2926\/revisions\/4588"}],"wp:attachment":[{"href":"https:\/\/oma.skoletjenesten.no\/index.php?rest_route=%2Fwp%2Fv2%2Fmedia&parent=2926"}],"wp:term":[{"taxonomy":"category","embeddable":true,"href":"https:\/\/oma.skoletjenesten.no\/index.php?rest_route=%2Fwp%2Fv2%2Fcategories&post=2926"},{"taxonomy":"post_tag","embeddable":true,"href":"https:\/\/oma.skoletjenesten.no\/index.php?rest_route=%2Fwp%2Fv2%2Ftags&post=2926"}],"curies":[{"name":"wp","href":"https:\/\/api.w.org\/{rel}","templated":true}]}}