{"id":2924,"date":"2025-09-19T10:04:13","date_gmt":"2025-09-19T10:04:13","guid":{"rendered":"https:\/\/oma.skoletjenesten.no\/?p=2924"},"modified":"2025-10-11T12:25:28","modified_gmt":"2025-10-11T12:25:28","slug":"nr-38-25-fredag-19-09-25","status":"publish","type":"post","link":"https:\/\/oma.skoletjenesten.no\/?p=2924","title":{"rendered":"Nr. 38\/25 fredag 19.09.25"},"content":{"rendered":"\n<p class=\"has-text-align-center has-large-font-size\"><strong><em><u>Innhold i denne utgaven<\/u><\/em><\/strong><\/p>\n\n\n\n<p><br>Oversikten nedenfor ligger ogs\u00e5 p\u00e5 <a href=\"twitter.com\">Twitter<\/a> (@torgeirstanker)<br><strong><br><\/strong><a href=\"https:\/\/oma.skoletjenesten.no\/?p=2918\"><span style=\"text-decoration: underline;\"><em><strong>Storhet i motgang<\/strong><\/em><\/span><\/a><\/p>\n\n\n\n<p class=\"has-small-font-size\">Einar Gerhardsens to ufrivillige avganger som statsminister. V\u00e5lerenga kjerke.<\/p>\n\n\n\n<p><strong><br><a href=\"https:\/\/oma.skoletjenesten.no\/?p=2922\"><span style=\"text-decoration: underline;\"><em>VASA og vett<\/em><\/span><\/a><\/strong><\/p>\n\n\n\n<p class=\"has-small-font-size\">VASA forliste fordi kongen ikke h\u00f8rte p\u00e5 sine fagfolk, og de hadde for stor respekt for \u00ab\u00f8vrigheta\u00bb til \u00e5 t\u00f8rre \u00e5 si fra. Historien gjentar seg?<br>For stor tiltro til ekspertisen kan ogs\u00e5 g\u00e5 galt.<\/p>\n\n\n\n<p><strong><br><a href=\"https:\/\/oma.skoletjenesten.no\/?p=2926\"><span style=\"text-decoration: underline;\"><em>Virtuell virkelighet 37\/25<\/em><\/span><\/a><\/strong><\/p>\n\n\n\n<p class=\"has-small-font-size\">Eplen\u00f8d \u058e\u058e Eplefolk \u058e\u058e Ungdomspartileder \u058e\u058e Punjab-navn \u058e\u058e H\u00f8yhus-fare \u058e\u058e Gaza-ro \u058e\u058e Donald-fare? \u058e\u058e Destillering \u058e\u058e Damestemmerett<\/p>\n\n\n\n<p><strong><br><span style=\"text-decoration: underline;\"><em><a href=\"https:\/\/oma.skoletjenesten.no\/?p=2937\">Tilbakeblikk 19.09.25<\/a><\/em><\/span><\/strong><\/p>\n\n\n\n<p class=\"has-small-font-size\">Propagandakrigen p\u00e5g\u00e5r (05.09.2025)<\/p>\n\n\n\n<p><\/p>\n\n\n\n<hr class=\"wp-block-separator has-alpha-channel-opacity\"\/>\n\n\n\n<p class=\"has-small-font-size\"><span style=\"text-decoration: underline;\"><em><strong>Forrige utgave:<\/strong><\/em><\/span><br><a href=\"https:\/\/oma.skoletjenesten.no\/?p=2862\">Et godt valg<\/a><br><a href=\"https:\/\/oma.skoletjenesten.no\/?p=2870\">60 \u00e5r!<\/a><br><a href=\"https:\/\/oma.skoletjenesten.no\/?p=2876\">Virtuell virkelighet 36\/25<\/a><br><a href=\"https:\/\/oma.skoletjenesten.no\/?p=2885\">Tilbakeblikk 12.09 25<\/a><\/p>\n\n\n\n<hr class=\"wp-block-separator has-alpha-channel-opacity\"\/>\n\n\n\n<p class=\"has-text-align-center has-large-font-size\"><em><strong><a href=\"http:\/\/ttt.skoletjenesten.no\/innhold-i-tidligere-utgaver\/\">Se innholdsoversikt for tidligere utgaver<\/a><\/strong><\/em><\/p>\n","protected":false},"excerpt":{"rendered":"<p>Innhold i denne utgaven Oversikten nedenfor ligger ogs\u00e5 p\u00e5 Twitter (@torgeirstanker)Storhet i motgang Einar Gerhardsens to ufrivillige avganger som statsminister. V\u00e5lerenga kjerke. VASA og vett VASA forliste fordi kongen ikke h\u00f8rte p\u00e5 sine fagfolk, og de hadde for stor respekt for \u00ab\u00f8vrigheta\u00bb til \u00e5 t\u00f8rre \u00e5 si fra. Historien gjentar seg?For stor tiltro til ekspertisen&hellip; <a class=\"more-link\" href=\"https:\/\/oma.skoletjenesten.no\/?p=2924\">Fortsett \u00e5 lese <span class=\"screen-reader-text\">Nr. 38\/25 fredag 19.09.25<\/span><\/a><\/p>\n","protected":false},"author":1,"featured_media":0,"comment_status":"open","ping_status":"open","sticky":false,"template":"","format":"standard","meta":{"footnotes":""},"categories":[18],"tags":[],"class_list":["post-2924","post","type-post","status-publish","format-standard","hentry","category-innhold","entry"],"_links":{"self":[{"href":"https:\/\/oma.skoletjenesten.no\/index.php?rest_route=\/wp\/v2\/posts\/2924","targetHints":{"allow":["GET"]}}],"collection":[{"href":"https:\/\/oma.skoletjenesten.no\/index.php?rest_route=\/wp\/v2\/posts"}],"about":[{"href":"https:\/\/oma.skoletjenesten.no\/index.php?rest_route=\/wp\/v2\/types\/post"}],"author":[{"embeddable":true,"href":"https:\/\/oma.skoletjenesten.no\/index.php?rest_route=\/wp\/v2\/users\/1"}],"replies":[{"embeddable":true,"href":"https:\/\/oma.skoletjenesten.no\/index.php?rest_route=%2Fwp%2Fv2%2Fcomments&post=2924"}],"version-history":[{"count":4,"href":"https:\/\/oma.skoletjenesten.no\/index.php?rest_route=\/wp\/v2\/posts\/2924\/revisions"}],"predecessor-version":[{"id":2952,"href":"https:\/\/oma.skoletjenesten.no\/index.php?rest_route=\/wp\/v2\/posts\/2924\/revisions\/2952"}],"wp:attachment":[{"href":"https:\/\/oma.skoletjenesten.no\/index.php?rest_route=%2Fwp%2Fv2%2Fmedia&parent=2924"}],"wp:term":[{"taxonomy":"category","embeddable":true,"href":"https:\/\/oma.skoletjenesten.no\/index.php?rest_route=%2Fwp%2Fv2%2Fcategories&post=2924"},{"taxonomy":"post_tag","embeddable":true,"href":"https:\/\/oma.skoletjenesten.no\/index.php?rest_route=%2Fwp%2Fv2%2Ftags&post=2924"}],"curies":[{"name":"wp","href":"https:\/\/api.w.org\/{rel}","templated":true}]}}