{"id":2885,"date":"2025-09-12T10:00:49","date_gmt":"2025-09-12T10:00:49","guid":{"rendered":"https:\/\/oma.skoletjenesten.no\/?p=2885"},"modified":"2025-09-18T13:11:38","modified_gmt":"2025-09-18T13:11:38","slug":"tilbakeblikk-12-09-25","status":"publish","type":"post","link":"https:\/\/oma.skoletjenesten.no\/?p=2885","title":{"rendered":"Tilbakeblikk 12.09 25"},"content":{"rendered":"\n<p><small>Postene nedenfor er utfyllende stoff til innlegg som har st\u00e5tt i bloggen tidligere&nbsp;.<\/small><\/p>\n\n\n\n<hr class=\"wp-block-separator has-alpha-channel-opacity\"\/>\n\n\n\n<p><em><strong><em><strong><a href=\"https:\/\/torgeirs-tanker.skoletjenesten.no\/kadettangen-kjernekraftverk\" target=\"_blank\" rel=\"noreferrer noopener\">Kadettangen-kjernekraftverk<\/a> (27.01.2023)<\/strong><\/em><\/strong><\/em><\/p>\n\n\n\n<p>Kjernekraft var ikke et tema i valgkampen, og kjernekraftverk p\u00e5 Kadettangen blir vel f\u00f8rst et tema n\u00e5r det er kommunevalg. Motstanderne mot Kadettangen kjernekraftverk er antakelig immune mot saklige argumenter. Alle med et \u00e5pent sinn b\u00f8r se Dagsrevy-innslaget om kjernekraft med Gry Blekastad Alm\u00e5s i den skattefinansierte TV-kanalen NRK forrige s\u00f8ndag.<\/p>\n\n\n\n<figure class=\"wp-block-video\"><video height=\"750\" style=\"aspect-ratio: 1344 \/ 750;\" width=\"1344\" controls src=\"https:\/\/oma.skoletjenesten.no\/wp-content\/uploads\/2025\/09\/100_Kjernekraft.mp4\"><\/video><figcaption class=\"wp-element-caption\">NRK Dagsrevyen 31. august 2025.<\/figcaption><\/figure>\n\n\n\n<hr class=\"wp-block-separator has-alpha-channel-opacity\"\/>\n\n\n\n<p><em><strong><a href=\"https:\/\/ttt.skoletjenesten.no\/limerick\" data-type=\"link\" data-id=\"https:\/\/ttt.skoletjenesten.no\/limerick\" target=\"_blank\" rel=\"noreferrer noopener\">Limerick<\/a> (11.02.2017)<\/strong><\/em><\/p>\n\n\n\n<p>I blogginnlegget det er lenket til ovenfor, lovet jeg verdensber\u00f8mmelse (= publisering her i bloggen) til den som kunne frembringe en limerick med f\u00f8rstelinjen \u00abEn bonde p\u00e5 Stormyr i \u00c5dal\u00bb. Det var nok en umulig oppgave, for hva rimer p\u00e5 \u00c5dal? Problemet lar seg l\u00f8se med litt kreativitet. Etter bare syv \u00e5r ble jeg inspirert til teksten nedenfor, og jeg beholder premien selv:<\/p>\n\n\n\n<p><em>En bonde p\u00e5 Stormyr i \u00c5dal<br>gikk til naboen sin og sa: \u00abN\u00e5, Dahl.<br>Ingen h\u00f8yballer har jeg,<br>s\u00e5 derfor s\u00e5 tar jeg<br>med dyra og flytter til Vr\u00e5dal.<\/em><\/p>\n\n\n\n<div style=\"height:100px\" aria-hidden=\"true\" class=\"wp-block-spacer\"><\/div>\n\n\n\n<hr class=\"wp-block-separator has-alpha-channel-opacity\"\/>\n\n\n\n<p class=\"has-text-align-center\"><em><a href=\"https:\/\/oma.skoletjenesten.no\/?p=2867\">Til innholdsliste for denne utgaven<\/a><\/em><\/p>\n","protected":false},"excerpt":{"rendered":"<p>Postene nedenfor er utfyllende stoff til innlegg som har st\u00e5tt i bloggen tidligere&nbsp;. Kadettangen-kjernekraftverk (27.01.2023) Kjernekraft var ikke et tema i valgkampen, og kjernekraftverk p\u00e5 Kadettangen blir vel f\u00f8rst et tema n\u00e5r det er kommunevalg. Motstanderne mot Kadettangen kjernekraftverk er antakelig immune mot saklige argumenter. Alle med et \u00e5pent sinn b\u00f8r se Dagsrevy-innslaget om kjernekraft&hellip; <a class=\"more-link\" href=\"https:\/\/oma.skoletjenesten.no\/?p=2885\">Fortsett \u00e5 lese <span class=\"screen-reader-text\">Tilbakeblikk 12.09 25<\/span><\/a><\/p>\n","protected":false},"author":1,"featured_media":0,"comment_status":"open","ping_status":"open","sticky":false,"template":"","format":"standard","meta":{"footnotes":""},"categories":[1],"tags":[],"class_list":["post-2885","post","type-post","status-publish","format-standard","hentry","category-uncategorized","entry"],"_links":{"self":[{"href":"https:\/\/oma.skoletjenesten.no\/index.php?rest_route=\/wp\/v2\/posts\/2885","targetHints":{"allow":["GET"]}}],"collection":[{"href":"https:\/\/oma.skoletjenesten.no\/index.php?rest_route=\/wp\/v2\/posts"}],"about":[{"href":"https:\/\/oma.skoletjenesten.no\/index.php?rest_route=\/wp\/v2\/types\/post"}],"author":[{"embeddable":true,"href":"https:\/\/oma.skoletjenesten.no\/index.php?rest_route=\/wp\/v2\/users\/1"}],"replies":[{"embeddable":true,"href":"https:\/\/oma.skoletjenesten.no\/index.php?rest_route=%2Fwp%2Fv2%2Fcomments&post=2885"}],"version-history":[{"count":9,"href":"https:\/\/oma.skoletjenesten.no\/index.php?rest_route=\/wp\/v2\/posts\/2885\/revisions"}],"predecessor-version":[{"id":2905,"href":"https:\/\/oma.skoletjenesten.no\/index.php?rest_route=\/wp\/v2\/posts\/2885\/revisions\/2905"}],"wp:attachment":[{"href":"https:\/\/oma.skoletjenesten.no\/index.php?rest_route=%2Fwp%2Fv2%2Fmedia&parent=2885"}],"wp:term":[{"taxonomy":"category","embeddable":true,"href":"https:\/\/oma.skoletjenesten.no\/index.php?rest_route=%2Fwp%2Fv2%2Fcategories&post=2885"},{"taxonomy":"post_tag","embeddable":true,"href":"https:\/\/oma.skoletjenesten.no\/index.php?rest_route=%2Fwp%2Fv2%2Ftags&post=2885"}],"curies":[{"name":"wp","href":"https:\/\/api.w.org\/{rel}","templated":true}]}}