{"id":2876,"date":"2025-09-12T10:01:36","date_gmt":"2025-09-12T10:01:36","guid":{"rendered":"https:\/\/oma.skoletjenesten.no\/?p=2876"},"modified":"2026-02-05T22:04:20","modified_gmt":"2026-02-05T22:04:20","slug":"virtuell-virkelighet-36-25","status":"publish","type":"post","link":"https:\/\/oma.skoletjenesten.no\/?p=2876","title":{"rendered":"Virtuell virkelighet 36\/25"},"content":{"rendered":"\n<p><small>Denne spalten het tidligere <em>Alternative fakta<\/em>, som fortsatt er kategori-betegnelsen. I<em> Alternative fakta<\/em> l\u00e5 vekten ofte mer p\u00e5 det alternative enn p\u00e5 fakta. Her i <em>Virtuell virkelighet<\/em> kan vekten&nbsp; ligge mer p\u00e5 det virtuelle enn p\u00e5 virkeligheten.<\/small><\/p>\n\n\n\n<p><small>Navneskiftet ble forklart i <a href=\"http:\/\/ttt.skoletjenesten.no\/alternative-fakta-3-21\/\" target=\"_blank\" rel=\"noreferrer noopener\">siste utgave av Alternative fakta 15. januar 2021<\/a>.<\/small><\/p>\n\n\n\n<hr class=\"wp-block-separator has-alpha-channel-opacity\"\/>\n\n\n\n<p><strong><em>Vv 1: Epleplukk-flytting.<\/em><\/strong> Epleplukkehelgen er flyttet en uke p\u00e5 grunn av sykdomsforfall. Opprinnelig skulle eplene plukkes denne helgen, men de t\u00e5ler \u00e5 henge en uke til, og 20.-21. september blir det plukking. Alle bloggens lesere er velkommen, og skulle noen dukke opp allerede denne helgen, er det greit.<\/p>\n\n\n\n<p><a href=\"mailto:ttt@skoletjenesten.no?cc=&amp;bcc=&amp;subject=Vv%201\/37&amp;amptarget=\"><em>Kommenter denne notisen<\/em><\/a><\/p>\n\n\n\n<p class=\"has-text-align-center\">\u058e\u058e\u058e<\/p>\n\n\n\n<figure class=\"wp-block-image size-large is-style-twentytwentyone-border\"><img loading=\"lazy\" decoding=\"async\" width=\"1024\" height=\"373\" src=\"https:\/\/oma.skoletjenesten.no\/wp-content\/uploads\/2025\/09\/20_Rullatorstengt_IMG_20250906_145425101-1024x373.jpg\" alt=\"\" class=\"wp-image-2879\" srcset=\"https:\/\/oma.skoletjenesten.no\/wp-content\/uploads\/2025\/09\/20_Rullatorstengt_IMG_20250906_145425101-1024x373.jpg 1024w, https:\/\/oma.skoletjenesten.no\/wp-content\/uploads\/2025\/09\/20_Rullatorstengt_IMG_20250906_145425101-300x109.jpg 300w, https:\/\/oma.skoletjenesten.no\/wp-content\/uploads\/2025\/09\/20_Rullatorstengt_IMG_20250906_145425101-768x280.jpg 768w, https:\/\/oma.skoletjenesten.no\/wp-content\/uploads\/2025\/09\/20_Rullatorstengt_IMG_20250906_145425101-1536x559.jpg 1536w, https:\/\/oma.skoletjenesten.no\/wp-content\/uploads\/2025\/09\/20_Rullatorstengt_IMG_20250906_145425101-1568x571.jpg 1568w, https:\/\/oma.skoletjenesten.no\/wp-content\/uploads\/2025\/09\/20_Rullatorstengt_IMG_20250906_145425101.jpg 1642w\" sizes=\"auto, (max-width: 1024px) 100vw, 1024px\" \/><\/figure>\n\n\n\n<p><strong><em>Vv 2: Enveiskj\u00f8ring.<\/em> <\/strong> Da bloggeren kj\u00f8rte rullator til valglokalet mandag, var han i tvil om det var tillatt \u00e5 kj\u00f8re rullatoren p\u00e5 samme m\u00e5te som skiltingen tillater for sykkel: mot kj\u00f8reretningen i det som en gang var g\u00e5gate i Sandvika. En dame med samme type kj\u00f8ret\u00f8y som bloggerens, mente det var greit, s\u00e5 bloggeren tok sjansen og n\u00e5dde valglokalet uten problemer.<\/p>\n\n\n\n<p><a href=\"mailto:ttt@skoletjenesten.no?cc=&amp;bcc=&amp;subject=Vv%202\/37&amp;amptarget=\"><em>Kommenter denne notisen<\/em><\/a><\/p>\n\n\n\n<p class=\"has-text-align-center\">\u058e\u058e\u058e<\/p>\n\n\n<div class=\"wp-block-image is-style-twentytwentyone-border\">\n<figure class=\"alignright size-full\"><a href=\"http:\/\/ttt.skoletjenesten.no\/wp-content\/uploads\/2025\/09\/30_Telefonkiosk-oedelagt_Budstikka%2012-09-1975-pages_13.pdf\" target=\"_blank\" rel=\" noreferrer noopener\"><img loading=\"lazy\" decoding=\"async\" width=\"557\" height=\"810\" src=\"https:\/\/oma.skoletjenesten.no\/wp-content\/uploads\/2025\/09\/30_Telefonkiosk-oedelagt_Budstikka2012-09-1975-pages_13.jpg\" alt=\"\" class=\"wp-image-2883\" srcset=\"https:\/\/oma.skoletjenesten.no\/wp-content\/uploads\/2025\/09\/30_Telefonkiosk-oedelagt_Budstikka2012-09-1975-pages_13.jpg 557w, https:\/\/oma.skoletjenesten.no\/wp-content\/uploads\/2025\/09\/30_Telefonkiosk-oedelagt_Budstikka2012-09-1975-pages_13-206x300.jpg 206w\" sizes=\"auto, (max-width: 557px) 100vw, 557px\" \/><\/a><figcaption class=\"wp-element-caption\">Asker og B\u00e6rums Budstikke 12. september 1975.  Klikk for \u00e5 lese.<\/figcaption><\/figure>\n<\/div>\n\n\n<p><strong><em>Vv 3: Telefonkiosk.<\/em><\/strong> For femti \u00e5r siden hadde nesten ingen mobiltelefon. Den var nemlig s\u00e5 stor at den m\u00e5tte monteres i bilens bagasjerom. Da m\u00e5tte man ty til telefonkiosk eller l\u00e5ne telefonen et sted, og h\u00e6rverk p\u00e5 telefonkiosken \u2013 slik Budstikka fortalte om (klippet ved siden av) \u2013 kunne f\u00e5 alvorlige konsekvenser.<\/p>\n\n\n\n<p>.<\/p>\n\n\n\n<p>.<\/p>\n\n\n\n<p><a href=\"mailto:ttt@skoletjenesten.no?cc=&amp;bcc=&amp;subject=Vv%203\/37&amp;amptarget=\"><em>Kommenter denne notisen<\/em><\/a><\/p>\n\n\n\n<p class=\"has-text-align-center\">\u058e\u058e\u058e<\/p>\n\n\n<div class=\"wp-block-image is-style-twentytwentyone-border\">\n<figure class=\"alignright size-full\"><img loading=\"lazy\" decoding=\"async\" width=\"793\" height=\"486\" src=\"https:\/\/oma.skoletjenesten.no\/wp-content\/uploads\/2025\/09\/40_Vipper-Bryn_IMG_20250906_153900968.jpg\" alt=\"\" class=\"wp-image-2880\" srcset=\"https:\/\/oma.skoletjenesten.no\/wp-content\/uploads\/2025\/09\/40_Vipper-Bryn_IMG_20250906_153900968.jpg 793w, https:\/\/oma.skoletjenesten.no\/wp-content\/uploads\/2025\/09\/40_Vipper-Bryn_IMG_20250906_153900968-300x184.jpg 300w, https:\/\/oma.skoletjenesten.no\/wp-content\/uploads\/2025\/09\/40_Vipper-Bryn_IMG_20250906_153900968-768x471.jpg 768w\" sizes=\"auto, (max-width: 793px) 100vw, 793px\" \/><\/figure>\n<\/div>\n\n\n<p><strong><em>Vv 4: Forbokstav.<\/em><\/strong> Skiltet \u2013 eller hva man kan kalle det \u2013 p\u00e5 bildet ved siden av er \u00e5 finne i den fordums g\u00e5gaten i Sandvika. Bloggeren vet hvor Bryn er (b\u00e5de i B\u00e6rum og i Oslo), men Vipper?<\/p>\n\n\n\n<p><a href=\"mailto:ttt@skoletjenesten.no?cc=&amp;bcc=&amp;subject=Vv%204\/37&amp;amptarget=\"><em>Kommenter denne notisen<\/em><\/a><\/p>\n\n\n\n<p class=\"has-text-align-center\">\u058e\u058e\u058e<\/p>\n\n\n\n<p><strong><em>Vv 5: Vikingskipfart.<\/em><\/strong> Da Osebergskipet ble flyttet fra Vikingskiphuset til sin plass i det nye Vikingtidsmuseet, skjedde det med en fart av 25 cm i minuttet (if\u00f8lge den skattefinansierte radiokanalen NRK). Omregnet til en mer maritim hastighetsbetegnelse, var det en fart p\u00e5 0,00216 knop.<\/p>\n\n\n\n<p><a href=\"mailto:ttt@skoletjenesten.no?cc=&amp;bcc=&amp;subject=Vv%205\/37&amp;amptarget=\"><em>Kommenter denne notisen<\/em><\/a><\/p>\n\n\n\n<p class=\"has-text-align-center\">\u058e\u058e\u058e<\/p>\n\n\n\n<p><strong><em>Vv 6: Skole-1.<\/em><\/strong> Da bloggeren gikk p\u00e5 Valler kommunale h\u00f8gre almenskole, var det forbudt \u00e5 r\u00f8yke p\u00e5 skolen (unntatt p\u00e5 l\u00e6rerv\u00e6relset). De elevene som hadde opparbeidet et nikotinbehov, samlet seg imidlertid i et hj\u00f8rne av det lille parkomr\u00e5det ved siden av skoleg\u00e5rden. Der kunne man finne skjul blant prydbuskene for \u00e5 ta en rask r\u00f8yk. Omr\u00e5det fikk navnet Reykjavik, og var utsatt for jevnlig inspeksjon, blant annet (s\u00e6rlig?) fra lektor Jensen, som lot som om han var p\u00e5 vei et annet sted, men som plutselig skiftet kurs og l\u00f8p mot Reykjavik. Se ogs\u00e5 <em><a href=\"https:\/\/oma.skoletjenesten.no\/?p=2870\" data-type=\"link\" data-id=\"https:\/\/oma.skoletjenesten.no\/?p=2870\" target=\"_blank\" rel=\"noreferrer noopener\">60\u00e5r!<\/a><\/em> i dagens utgave av bloggen.<\/p>\n\n\n\n<p><a href=\"mailto:ttt@skoletjenesten.no?cc=&amp;bcc=&amp;subject=Vv%206\/37&amp;amptarget=\"><em>Kommenter denne notisen<\/em><\/a><\/p>\n\n\n\n<p class=\"has-text-align-center\">\u058e\u058e\u058e<\/p>\n\n\n\n<p><strong>Vv 7:<strong><em> Skole-<\/em><\/strong><em>2<\/em>.<\/strong> Lektor Jensen p\u00e5 Valler (se ogs\u00e5 forrige notis, <em>Vv-6<\/em>) syklet til jobb, tok sykkelen med inn og l\u00e5ste dem til radiatoren utenfor l\u00e6rerv\u00e6relset i 2. etasje. Slik ble det etter at russen et \u00e5r hadde heist sykkelen opp i flaggstangen, og f\u00e5tt den ned igjen slik at den l\u00e5 p\u00e5 bakken med rammen rundt flaggstangfoten.<\/p>\n\n\n\n<p><a href=\"mailto:ttt@skoletjenesten.no?cc=&amp;bcc=&amp;subject=Vv%207\/37&amp;amptarget=\"><em>Kommenter denne notisen<\/em><\/a><\/p>\n\n\n\n<p class=\"has-text-align-center\">\u058e\u058e\u058e<\/p>\n\n\n\n<p><strong><em>Vv 8: Eksamensruss.<\/em><\/strong> Til v\u00e5ren skal avgangseksamen i videreg\u00e5ende skole v\u00e6re avviklet f\u00f8r 17. mai. Det kan bety at russetiden blir som i bloggerens tid, med start 17. mai. Men det kan ogs\u00e5 bety at russetiden blir forskj\u00f8vet til enda tidligere i \u00e5ret enn de siste \u00e5rene, og kanskje g\u00e5r i ett med julefeiringen.<\/p>\n\n\n<div class=\"wp-block-image is-style-twentytwentyone-border\">\n<figure class=\"aligncenter size-full\"><a href=\"http:\/\/ttt.skoletjenesten.no\/wp-content\/uploads\/2025\/09\/90_40_Ekssamen_Aftenposten%2019.%20juni%202025.pdf\" target=\"_blank\" rel=\" noreferrer noopener\"><img loading=\"lazy\" decoding=\"async\" width=\"497\" height=\"379\" src=\"https:\/\/oma.skoletjenesten.no\/wp-content\/uploads\/2025\/09\/90_40_Ekssamen_Aftenposten-19.-juni-2025.png\" alt=\"\" class=\"wp-image-2878\" srcset=\"https:\/\/oma.skoletjenesten.no\/wp-content\/uploads\/2025\/09\/90_40_Ekssamen_Aftenposten-19.-juni-2025.png 497w, https:\/\/oma.skoletjenesten.no\/wp-content\/uploads\/2025\/09\/90_40_Ekssamen_Aftenposten-19.-juni-2025-300x229.png 300w\" sizes=\"auto, (max-width: 497px) 100vw, 497px\" \/><\/a><figcaption class=\"wp-element-caption\">Aftenposten 19. juni 2025. Klikk for \u00e5 lese.<\/figcaption><\/figure>\n<\/div>\n\n\n<p><a href=\"mailto:ttt@skoletjenesten.no?cc=&amp;bcc=&amp;subject=Vv%208\/37&amp;amptarget=\"><em>Kommenter denne notisen<\/em><\/a><\/p>\n\n\n\n<div style=\"height:100px\" aria-hidden=\"true\" class=\"wp-block-spacer\"><\/div>\n\n\n\n<hr class=\"wp-block-separator has-alpha-channel-opacity\"\/>\n\n\n\n<p class=\"has-text-align-center\"><em><a href=\"https:\/\/oma.skoletjenesten.no\/?p=2867\">Til innholdsliste for denne utgaven<\/a><\/em><\/p>\n","protected":false},"excerpt":{"rendered":"<p>Denne spalten het tidligere Alternative fakta, som fortsatt er kategori-betegnelsen. I Alternative fakta l\u00e5 vekten ofte mer p\u00e5 det alternative enn p\u00e5 fakta. Her i Virtuell virkelighet kan vekten&nbsp; ligge mer p\u00e5 det virtuelle enn p\u00e5 virkeligheten. Navneskiftet ble forklart i siste utgave av Alternative fakta 15. januar 2021. Vv 1: Epleplukk-flytting. Epleplukkehelgen er flyttet&hellip; <a class=\"more-link\" href=\"https:\/\/oma.skoletjenesten.no\/?p=2876\">Fortsett \u00e5 lese <span class=\"screen-reader-text\">Virtuell virkelighet 36\/25<\/span><\/a><\/p>\n","protected":false},"author":1,"featured_media":0,"comment_status":"open","ping_status":"open","sticky":false,"template":"","format":"standard","meta":{"footnotes":""},"categories":[11],"tags":[],"class_list":["post-2876","post","type-post","status-publish","format-standard","hentry","category-alternative-fakta","entry"],"_links":{"self":[{"href":"https:\/\/oma.skoletjenesten.no\/index.php?rest_route=\/wp\/v2\/posts\/2876","targetHints":{"allow":["GET"]}}],"collection":[{"href":"https:\/\/oma.skoletjenesten.no\/index.php?rest_route=\/wp\/v2\/posts"}],"about":[{"href":"https:\/\/oma.skoletjenesten.no\/index.php?rest_route=\/wp\/v2\/types\/post"}],"author":[{"embeddable":true,"href":"https:\/\/oma.skoletjenesten.no\/index.php?rest_route=\/wp\/v2\/users\/1"}],"replies":[{"embeddable":true,"href":"https:\/\/oma.skoletjenesten.no\/index.php?rest_route=%2Fwp%2Fv2%2Fcomments&post=2876"}],"version-history":[{"count":5,"href":"https:\/\/oma.skoletjenesten.no\/index.php?rest_route=\/wp\/v2\/posts\/2876\/revisions"}],"predecessor-version":[{"id":2900,"href":"https:\/\/oma.skoletjenesten.no\/index.php?rest_route=\/wp\/v2\/posts\/2876\/revisions\/2900"}],"wp:attachment":[{"href":"https:\/\/oma.skoletjenesten.no\/index.php?rest_route=%2Fwp%2Fv2%2Fmedia&parent=2876"}],"wp:term":[{"taxonomy":"category","embeddable":true,"href":"https:\/\/oma.skoletjenesten.no\/index.php?rest_route=%2Fwp%2Fv2%2Fcategories&post=2876"},{"taxonomy":"post_tag","embeddable":true,"href":"https:\/\/oma.skoletjenesten.no\/index.php?rest_route=%2Fwp%2Fv2%2Ftags&post=2876"}],"curies":[{"name":"wp","href":"https:\/\/api.w.org\/{rel}","templated":true}]}}