{"id":2870,"date":"2025-09-12T10:03:23","date_gmt":"2025-09-12T10:03:23","guid":{"rendered":"https:\/\/oma.skoletjenesten.no\/?p=2870"},"modified":"2025-12-21T21:13:43","modified_gmt":"2025-12-21T21:13:43","slug":"60-ar","status":"publish","type":"post","link":"https:\/\/oma.skoletjenesten.no\/?p=2870","title":{"rendered":"60 \u00e5r!"},"content":{"rendered":"\n<p>For 60 \u00e5r siden begynte jeg min karriere som student ved <a href=\"https:\/\/ttt.skoletjenesten.no\/det-kongelige-frederiks\" data-type=\"link\" data-id=\"https:\/\/ttt.skoletjenesten.no\/det-kongelige-frederiks\" target=\"_blank\" rel=\"noreferrer noopener\">Det Kongelige Frederiks Universitet<\/a> (n\u00e5 UiO). I den anledning inviterte B\u00e6rum kommune for ti \u00e5r siden det \u00e5rets 50-\u00e5rsjubilanter til mottakelse i R\u00e5dhuset. Hverken 60-\u00e5rs- eller 50-\u00e5rsjubilanter ble invitert i \u00e5r, men mitt \u00e5rskull samlet seg p\u00e5 eget initiativ til jubileumsfest p\u00e5 Bekkestua.<\/p>\n\n\n\n<p>1946-kullet, som jeg tilh\u00f8rer, var tallrikt. Da vi begynte p\u00e5 skolen, var det trangt om plassen. Det er et fenomen som har fulgt oss gjennom \u00e5rene \u2013 jeg tror det var vanskelig \u00e5 f\u00e5 leid selskapslokaler da vi fylte 60. Men vi var \u00abfredskullet\u00bb, og ble ogs\u00e5 fulgt av den optimismen som hersket de f\u00f8rste \u00e5rene etter okkupasjonen.<\/p>\n\n\n<div class=\"wp-block-image\">\n<figure class=\"alignright size-large\"><img loading=\"lazy\" decoding=\"async\" width=\"1024\" height=\"671\" src=\"https:\/\/oma.skoletjenesten.no\/wp-content\/uploads\/2025\/09\/Valler-k-h-a-s_VallervideregA5endeskole29-1024x671.jpg\" alt=\"\" class=\"wp-image-2874\" srcset=\"https:\/\/oma.skoletjenesten.no\/wp-content\/uploads\/2025\/09\/Valler-k-h-a-s_VallervideregA5endeskole29-1024x671.jpg 1024w, https:\/\/oma.skoletjenesten.no\/wp-content\/uploads\/2025\/09\/Valler-k-h-a-s_VallervideregA5endeskole29-300x197.jpg 300w, https:\/\/oma.skoletjenesten.no\/wp-content\/uploads\/2025\/09\/Valler-k-h-a-s_VallervideregA5endeskole29-768x503.jpg 768w, https:\/\/oma.skoletjenesten.no\/wp-content\/uploads\/2025\/09\/Valler-k-h-a-s_VallervideregA5endeskole29.jpg 1200w\" sizes=\"auto, (max-width: 1024px) 100vw, 1024px\" \/><figcaption class=\"wp-element-caption\">Valler skole har forandret seg lite utvendig siden jeg gikk der.<\/figcaption><\/figure>\n<\/div>\n\n\n<p>P\u00e5 Valler kommunale h\u00f8gre allmennskole (den heter n\u00e5 Valler videreg\u00e5ende skole), der jeg tok min <em><a href=\"https:\/\/snl.no\/examen_artium\" data-type=\"link\" data-id=\"https:\/\/snl.no\/examen_artium\" target=\"_blank\" rel=\"noreferrer noopener\">examen artium<\/a><\/em>, hadde vi l\u00e6rere som nok var preget av etterkrigsoptimismen, og som dessuten hadde individuelle s\u00e6rpreg i st\u00f8rre grad enn jeg tror l\u00e6rere t\u00f8r \u00e5 ha n\u00e5.<\/p>\n\n\n\n<p>P\u00e5 engelsklinjen, der jeg gikk, var det flest jenter i klassen \u2013 jeg tror vi var fem gutter. Vi fem hadde gym sammen med den ene reallinjeklassen, og de f\u00e5 jentene der hadde gym sammen med jentene p\u00e5 engelsklinjen. For \u00e5 f\u00e5 timeplanen til \u00e5 g\u00e5 opp, hadde guttene historie n\u00e5r jentene hadde gym og vice versa. Vi var s\u00e5 heldige \u00e5 ha Reidar Vikhamar i historie og Jan Petter \u00abPiter\u00bb Hansen i gym.<\/p>\n\n\n\n<p>N\u00e5r det ringte inn p\u00e5 Valler, kunne alle se hvem som skulle ha time med Vikhamar. For han forlot l\u00e6rerv\u00e6relset straks det ringte, og l\u00e5ste d\u00f8ren til klasserommet n\u00e5r han var der. De som da ikke var p\u00e5 plass, m\u00e5tte unnv\u00e6re den timen.<\/p>\n\n\n\n<p>\u00abPiter\u00bb var godt kjent blant de av mine medelever som bodde fra Sandvika og vestover. Hans fag, gymnastikk, var ikke blant mine favorittfag, for \u00e5 si det forsiktig. S\u00e5 jeg spurte etter to \u00e5r om jeg kunne f\u00e5 bruke gymtimene til \u00e5 jogge i Valler-omr\u00e5det i stedet for holde p\u00e5 i gymsalen med de h\u00e5pl\u00f8se apparatene som jeg aldri fikk til. \u00abPiter\u00bb sa ja, og satte meg opp fra \u00abnuggen\u00bb (d\u00e5rligste karakter) til \u00abtilfredsstillende\u00bb i gymnastikk.<\/p>\n\n\n\n<p>Norskl\u00e6reren, Helene Margrethe Gunn, ga meg min f\u00f8rste l\u00e6rerjobb. Hun hadde f\u00e5tt permisjon til et kurs om h\u00f8sten det \u00e5ret jeg var russ, og ba meg v\u00e6re vikar. Oppdraget medf\u00f8rte at jeg var med p\u00e5 l\u00e6rerr\u00e5d med setting av ordens- og oppf\u00f8rselskarakterer i f\u00f8rste h\u00f8st-termin. Der kom det et forslag om at de som hadde anmerkningg for glemming mer enn to ganger i m\u00e5neden, skulle f\u00e5 nedsatt ordenskarakter. Da kom lektor Jensen ut fra retterommet hvor han hadde sittet og fulgt forhandlingene mens han rettet. Han sa: \u00abJeg glemmer minst to ganger i m\u00e5neden, og jeg skal <em>ikke<\/em> ha nedsatt ordenskarakter!&raquo; Forslaget ble ikke vedtatt.<\/p>\n\n\n\n<p>Under det festlige samv\u00e6ret p\u00e5 Bekkestua sang vi to sanger. Den ene, <em>Kro-kro-dill<\/em>, tror jeg er hentet fra en student- eller russerevy. Jeg har den p\u00e5 plate, men f\u00e5r ikke digitalisert den slik at den kan legges ut her. I stedet \u2013 og p\u00e5 samme melodi \u2013 kommer en skoletekst jeg lagde til \u00e5rets avgangsklasse i et av mine l\u00e6rer\u00e5r (det m\u00e5 ha v\u00e6rt tidlig p\u00e5 1970-tallet).<\/p>\n\n\n\n<figure class=\"wp-block-video\"><video height=\"720\" style=\"aspect-ratio: 1280 \/ 720;\" width=\"1280\" controls src=\"https:\/\/oma.skoletjenesten.no\/wp-content\/uploads\/2025\/09\/Siste-skoledag.mp4\"><\/video><figcaption class=\"wp-element-caption\">Den kunstige intelligensen som synger, har dessverre problemer med riktig tekstuttale.<\/figcaption><\/figure>\n\n\n\n<p class=\"has-small-font-size\"><em>Se ogs\u00e5 <a href=\"https:\/\/ttt.skoletjenesten.no\/russetid\" data-type=\"link\" data-id=\"https:\/\/ttt.skoletjenesten.no\/russetid\" target=\"_blank\" rel=\"noreferrer noopener\">Russetid f\u00f8r og n\u00e5<\/a> fra mai 2017.<\/em><\/p>\n\n\n\n<hr class=\"wp-block-separator has-alpha-channel-opacity\"\/>\n\n\n\n<p class=\"has-text-align-center\"><em><a href=\"https:\/\/oma.skoletjenesten.no\/?p=2867\">Til innholdsliste for denne utgaven<\/a><\/em><\/p>\n","protected":false},"excerpt":{"rendered":"<p>For 60 \u00e5r siden begynte jeg min karriere som student ved Det Kongelige Frederiks Universitet (n\u00e5 UiO). I den anledning inviterte B\u00e6rum kommune for ti \u00e5r siden det \u00e5rets 50-\u00e5rsjubilanter til mottakelse i R\u00e5dhuset. Hverken 60-\u00e5rs- eller 50-\u00e5rsjubilanter ble invitert i \u00e5r, men mitt \u00e5rskull samlet seg p\u00e5 eget initiativ til jubileumsfest p\u00e5 Bekkestua. 1946-kullet,&hellip; <a class=\"more-link\" href=\"https:\/\/oma.skoletjenesten.no\/?p=2870\">Fortsett \u00e5 lese <span class=\"screen-reader-text\">60 \u00e5r!<\/span><\/a><\/p>\n","protected":false},"author":1,"featured_media":0,"comment_status":"open","ping_status":"open","sticky":false,"template":"","format":"standard","meta":{"footnotes":""},"categories":[1],"tags":[],"class_list":["post-2870","post","type-post","status-publish","format-standard","hentry","category-uncategorized","entry"],"_links":{"self":[{"href":"https:\/\/oma.skoletjenesten.no\/index.php?rest_route=\/wp\/v2\/posts\/2870","targetHints":{"allow":["GET"]}}],"collection":[{"href":"https:\/\/oma.skoletjenesten.no\/index.php?rest_route=\/wp\/v2\/posts"}],"about":[{"href":"https:\/\/oma.skoletjenesten.no\/index.php?rest_route=\/wp\/v2\/types\/post"}],"author":[{"embeddable":true,"href":"https:\/\/oma.skoletjenesten.no\/index.php?rest_route=\/wp\/v2\/users\/1"}],"replies":[{"embeddable":true,"href":"https:\/\/oma.skoletjenesten.no\/index.php?rest_route=%2Fwp%2Fv2%2Fcomments&post=2870"}],"version-history":[{"count":7,"href":"https:\/\/oma.skoletjenesten.no\/index.php?rest_route=\/wp\/v2\/posts\/2870\/revisions"}],"predecessor-version":[{"id":3610,"href":"https:\/\/oma.skoletjenesten.no\/index.php?rest_route=\/wp\/v2\/posts\/2870\/revisions\/3610"}],"wp:attachment":[{"href":"https:\/\/oma.skoletjenesten.no\/index.php?rest_route=%2Fwp%2Fv2%2Fmedia&parent=2870"}],"wp:term":[{"taxonomy":"category","embeddable":true,"href":"https:\/\/oma.skoletjenesten.no\/index.php?rest_route=%2Fwp%2Fv2%2Fcategories&post=2870"},{"taxonomy":"post_tag","embeddable":true,"href":"https:\/\/oma.skoletjenesten.no\/index.php?rest_route=%2Fwp%2Fv2%2Ftags&post=2870"}],"curies":[{"name":"wp","href":"https:\/\/api.w.org\/{rel}","templated":true}]}}