{"id":2862,"date":"2025-09-12T10:04:34","date_gmt":"2025-09-12T10:04:34","guid":{"rendered":"https:\/\/oma.skoletjenesten.no\/?p=2862"},"modified":"2025-09-18T13:12:26","modified_gmt":"2025-09-18T13:12:26","slug":"et-godt-valg","status":"publish","type":"post","link":"https:\/\/oma.skoletjenesten.no\/?p=2862","title":{"rendered":"Et godt valg"},"content":{"rendered":"\n<p>Det er fire dager siden stortingsvalget, og etterarbeidet er i gang. Ap og Venstre hadde sentralstyrem\u00f8te allerede tirsdag, H\u00f8yre har sentralstyrem\u00f8te i dag.<\/p>\n\n\n\n<p>At det var et godt valg, b\u00f8r alle kunne v\u00e6re enige om. Selve valgresultatet skapte nok b\u00e5de glede, skuffelse og frustrasjon. Men det har ikke v\u00e6rt noen diskusjon om det faktum at resultatet ble slik det ble, og Jonas kan rolig bli sittende i statsministerstolen uten frykt for at konkurrentene vil pr\u00f8ve \u00e5 fjerne ham med makt. Som vi har sett, er ikke det noen selvf\u00f8lge, selv i land vi liker \u00e5 sammenlikne oss med. Jeg synes Erna Solberg viste dette p\u00e5 en god m\u00e5te da hun talte til H\u00f8yres valgvake.<\/p>\n\n\n\n<figure class=\"wp-block-video\"><video height=\"702\" style=\"aspect-ratio: 1344 \/ 702;\" width=\"1344\" controls src=\"https:\/\/oma.skoletjenesten.no\/wp-content\/uploads\/2025\/09\/Valg25_Solberg.mp4\"><\/video><figcaption class=\"wp-element-caption\">Erna Solberg taler til H\u00f8yres valgvake, Se ogs\u00e5 <a href=\"http:\/\/ttt.skoletjenesten.no\/wp-content\/uploads\/2025\/09\/Valg25_Stoere.mp4\" data-type=\"link\" data-id=\"http:\/\/ttt.skoletjenesten.no\/wp-content\/uploads\/2025\/09\/Valg25_Stoere.mp4\" target=\"_blank\" rel=\"noreferrer noopener\">Jonas Gahr St\u00f8re<\/a> og <a href=\"http:\/\/ttt.skoletjenesten.no\/wp-content\/uploads\/2025\/09\/Valg25_Listhaug.mp4\" data-type=\"link\" data-id=\"http:\/\/ttt.skoletjenesten.no\/wp-content\/uploads\/2025\/09\/Valg25_Listhaug.mp4\" target=\"_blank\" rel=\"noreferrer noopener\">Sylvi Listhaug<\/a>.<\/figcaption><\/figure>\n\n\n\n<p>Men statsministeren b\u00f8r ikke ta det altfor rolig. Han kjenner nok til \u2013 men er for ung til \u00e5 ha opplevd \u2013 Kings Bay-saken, da Einar Gerhardsen m\u00e5tte g\u00e5 av som statsminister etter et mistillitsvotum som som ogs\u00e5 hans st\u00f8tteparti SF (Sosialistisk Folkeparti, forgjenger for SV) stemte for. Blant partiene han n\u00e5 trenger st\u00f8tte fra, har Sp gjort det kjent at partiet anser seg for \u00e5 v\u00e6re p\u00e5 vippen. Sp har tradisjon for \u00e5 v\u00e6re en utrygg samarbeidspartner: \u00ab<a href=\"https:\/\/www.aftenposten.no\/historie\/i\/0Kog5E\/flyturen-som-felte-norges-statsminister\" data-type=\"link\" data-id=\"https:\/\/www.aftenposten.no\/historie\/i\/0Kog5E\/flyturen-som-felte-norges-statsminister\" target=\"_blank\" rel=\"noreferrer noopener\">Lekkasjesaken<\/a>\u00bb i 1971 (da <a href=\"https:\/\/no.wikipedia.org\/wiki\/Kjell_Bondevik\" data-type=\"link\" data-id=\"https:\/\/no.wikipedia.org\/wiki\/Kjell_Bondevik\" target=\"_blank\" rel=\"noreferrer noopener\">Kjell Bondevik<\/a>, onkel til Kjell Magne, sa at han var \u00abdjupt s\u00e5ra og vonbroten\u00bb over Senterpartiet) og <a href=\"https:\/\/snl.no\/Jan_P._Syse\" data-type=\"link\" data-id=\"https:\/\/snl.no\/Jan_P._Syse\" target=\"_blank\" rel=\"noreferrer noopener\">Syse<\/a>-regjeringens avgang i 1990.<\/p>\n\n\n\n<p>Men fortsatt sitter det 169. Storting. <a href=\"https:\/\/no.wikipedia.org\/wiki\/Liste_over_stortingsrepresentanter_2025\u20132029\" data-type=\"link\" data-id=\"https:\/\/no.wikipedia.org\/wiki\/Liste_over_stortingsrepresentanter_2025\u20132029\" target=\"_blank\" rel=\"noreferrer noopener\">De representantene vi valgte mandag<\/a>, har konstituerende m\u00f8te onsdag 1. oktober. Da kommer statsministeren fortsatt til \u00e5 ha det franskliknende navnet Gacheteure. Av dem som sitter i stortingssalen, er halvparten nye representanter. De er valgt, men ikke utvalgt, av omtrent 80% av velgerne. Utvalget st\u00e5r partimedlemmene for, og de utgj\u00f8r under ti prosent av folket. Vi f\u00e5r h\u00e5pe stortingsrepresentantene har fornuften i behold, og at de klarer \u00e5 takle de uventede situasjonene som kommer til \u00e5 oppst\u00e5.<\/p>\n\n\n\n<hr class=\"wp-block-separator has-alpha-channel-opacity\"\/>\n\n\n\n<p class=\"has-text-align-center\"><em><a href=\"https:\/\/oma.skoletjenesten.no\/?p=2867\">Til innholdsliste for denne utgaven<\/a><\/em><\/p>\n","protected":false},"excerpt":{"rendered":"<p>Det er fire dager siden stortingsvalget, og etterarbeidet er i gang. Ap og Venstre hadde sentralstyrem\u00f8te allerede tirsdag, H\u00f8yre har sentralstyrem\u00f8te i dag. At det var et godt valg, b\u00f8r alle kunne v\u00e6re enige om. Selve valgresultatet skapte nok b\u00e5de glede, skuffelse og frustrasjon. Men det har ikke v\u00e6rt noen diskusjon om det faktum at&hellip; <a class=\"more-link\" href=\"https:\/\/oma.skoletjenesten.no\/?p=2862\">Fortsett \u00e5 lese <span class=\"screen-reader-text\">Et godt valg<\/span><\/a><\/p>\n","protected":false},"author":1,"featured_media":0,"comment_status":"open","ping_status":"open","sticky":false,"template":"","format":"standard","meta":{"footnotes":""},"categories":[1],"tags":[],"class_list":["post-2862","post","type-post","status-publish","format-standard","hentry","category-uncategorized","entry"],"_links":{"self":[{"href":"https:\/\/oma.skoletjenesten.no\/index.php?rest_route=\/wp\/v2\/posts\/2862","targetHints":{"allow":["GET"]}}],"collection":[{"href":"https:\/\/oma.skoletjenesten.no\/index.php?rest_route=\/wp\/v2\/posts"}],"about":[{"href":"https:\/\/oma.skoletjenesten.no\/index.php?rest_route=\/wp\/v2\/types\/post"}],"author":[{"embeddable":true,"href":"https:\/\/oma.skoletjenesten.no\/index.php?rest_route=\/wp\/v2\/users\/1"}],"replies":[{"embeddable":true,"href":"https:\/\/oma.skoletjenesten.no\/index.php?rest_route=%2Fwp%2Fv2%2Fcomments&post=2862"}],"version-history":[{"count":7,"href":"https:\/\/oma.skoletjenesten.no\/index.php?rest_route=\/wp\/v2\/posts\/2862\/revisions"}],"predecessor-version":[{"id":2894,"href":"https:\/\/oma.skoletjenesten.no\/index.php?rest_route=\/wp\/v2\/posts\/2862\/revisions\/2894"}],"wp:attachment":[{"href":"https:\/\/oma.skoletjenesten.no\/index.php?rest_route=%2Fwp%2Fv2%2Fmedia&parent=2862"}],"wp:term":[{"taxonomy":"category","embeddable":true,"href":"https:\/\/oma.skoletjenesten.no\/index.php?rest_route=%2Fwp%2Fv2%2Fcategories&post=2862"},{"taxonomy":"post_tag","embeddable":true,"href":"https:\/\/oma.skoletjenesten.no\/index.php?rest_route=%2Fwp%2Fv2%2Ftags&post=2862"}],"curies":[{"name":"wp","href":"https:\/\/api.w.org\/{rel}","templated":true}]}}