{"id":2820,"date":"2025-09-05T10:02:35","date_gmt":"2025-09-05T10:02:35","guid":{"rendered":"https:\/\/oma.skoletjenesten.no\/?p=2820"},"modified":"2025-12-07T22:21:53","modified_gmt":"2025-12-07T22:21:53","slug":"mannen-og-ungen","status":"publish","type":"post","link":"https:\/\/oma.skoletjenesten.no\/?p=2820","title":{"rendered":"Mannen og Ungen"},"content":{"rendered":"<div class=\"wp-block-image\">\n<figure class=\"alignright size-large\"><img loading=\"lazy\" decoding=\"async\" width=\"729\" height=\"1024\" src=\"https:\/\/oma.skoletjenesten.no\/wp-content\/uploads\/2025\/09\/Mannen_Mannen_2022mars-729x1024.jpg\" alt=\"\" class=\"wp-image-2821\" style=\"object-fit:cover\" srcset=\"https:\/\/oma.skoletjenesten.no\/wp-content\/uploads\/2025\/09\/Mannen_Mannen_2022mars-729x1024.jpg 729w, https:\/\/oma.skoletjenesten.no\/wp-content\/uploads\/2025\/09\/Mannen_Mannen_2022mars-214x300.jpg 214w, https:\/\/oma.skoletjenesten.no\/wp-content\/uploads\/2025\/09\/Mannen_Mannen_2022mars-768x1079.jpg 768w, https:\/\/oma.skoletjenesten.no\/wp-content\/uploads\/2025\/09\/Mannen_Mannen_2022mars-1094x1536.jpg 1094w, https:\/\/oma.skoletjenesten.no\/wp-content\/uploads\/2025\/09\/Mannen_Mannen_2022mars-1458x2048.jpg 1458w, https:\/\/oma.skoletjenesten.no\/wp-content\/uploads\/2025\/09\/Mannen_Mannen_2022mars-1568x2202.jpg 1568w, https:\/\/oma.skoletjenesten.no\/wp-content\/uploads\/2025\/09\/Mannen_Mannen_2022mars-scaled.jpg 1823w\" sizes=\"auto, (max-width: 729px) 100vw, 729px\" \/><figcaption class=\"wp-element-caption\">Mannen i Romsdalen.<\/figcaption><\/figure>\n<\/div>\n\n\n<p>Er det noen som husker Mannen? Fjellet i Romsdalen sto sentralt i nyhetsbildet i 2019, og p\u00e5 dagens dato raste den delen som heter Veslemannen. Under opptakten til dette var saken til og med omtalt her i bloggen (<em><a href=\"https:\/\/ttt.skoletjenesten.no\/byrakratene-og-de-berorte\" data-type=\"link\" data-id=\"https:\/\/ttt.skoletjenesten.no\/byrakratene-og-de-berorte\" target=\"_blank\" rel=\"noreferrer noopener\">Byr\u00e5kratene og de ber\u00f8rte<\/a><\/em> \u2013 desember 2017).<\/p>\n\n\n\n<p>\u00abAlle\u00bb husker M\u00fcnchen-OL og den palestinske terroraksjonen mot Israels deltakere. I 1972 var det <em><a href=\"https:\/\/snl.no\/Svart_september_-_organisasjon\" data-type=\"link\" data-id=\"https:\/\/snl.no\/Svart_september_-_organisasjon\" target=\"_blank\" rel=\"noreferrer noopener\">Svart september<\/a><\/em>, ikke <em>HAMAS<\/em>, som utf\u00f8rte terroren.<\/p>\n\n\n\n<p>TV2 startet sine sendinger p\u00e5 dagens dato i 1992. TV2s <em>Nyhetene 21<\/em> h\u00f8rer til min daglige virkelighetsorientering \u2013 unntatt ved store sportsbegivenheter, for TV2 prioriterer sport foran nyheter.<\/p>\n\n\n\n<p id=\"svendsen-75\"><a href=\"https:\/\/snl.no\/Kari_Svendsen\" data-type=\"link\" data-id=\"https:\/\/snl.no\/Kari_Svendsen\" target=\"_blank\" rel=\"noreferrer noopener\">Kari Svendsen<\/a> fyller 75 \u00e5r i dag, Det gir meg et p\u00e5skudd til \u00e5 spille hennes utgave av <em>Dr\u00f8mmen om morrada&#8217;n<\/em> fra musikalen <em><a href=\"https:\/\/no.wikipedia.org\/wiki\/Ungen_(film_fra_1974)\" data-type=\"link\" data-id=\"https:\/\/no.wikipedia.org\/wiki\/Ungen_(film_fra_1974)\" target=\"_blank\" rel=\"noreferrer noopener\">Ungen<\/a><\/em>. I mine \u00f8rer er Kari Svendsens versjon spr\u00e5klig riktigere enn den med <a href=\"https:\/\/www.youtube.com\/watch?v=FwCZ0Ka2Jfg&amp;list=RDFwCZ0Ka2Jfg&amp;start_radio=1\" data-type=\"link\" data-id=\"https:\/\/www.youtube.com\/watch?v=FwCZ0Ka2Jfg&amp;list=RDFwCZ0Ka2Jfg&amp;start_radio=1\" target=\"_blank\" rel=\"noreferrer noopener\">S\u00f8lvi Wang<\/a>. Det kan komme av at Kari Svendsen har vokst opp ikke s\u00e5 langt fra Akerselva (tror jeg), mens S\u00f8lvi Wang vokste opp i B\u00e6rum. H\u00f8r p\u00e5 uttalen av \u00ab\u2026 kan aldri st\u00e6las\/stjeles fra&#8217;n.\u00bb At ordvariantene <em>sne<\/em> og <em>vet<\/em> forekommer \u2013 til og med som rimord \u2013 skyldes vel at tekstforfatter Harald Tusberg var bergenser.<\/p>\n\n\n\n<figure class=\"wp-block-embed is-type-video is-provider-youtube wp-block-embed-youtube wp-embed-aspect-4-3 wp-has-aspect-ratio\"><div class=\"wp-block-embed__wrapper\">\n<iframe loading=\"lazy\" title=\"Dr\u00f8mmen om morrada\u2019n\" width=\"750\" height=\"563\" src=\"https:\/\/www.youtube.com\/embed\/DpY8U0EUarA?list=PL68PHadM1qkZB1iTIzKWY1IWwQ_fgFGF_\" frameborder=\"0\" allow=\"accelerometer; autoplay; clipboard-write; encrypted-media; gyroscope; picture-in-picture; web-share\" referrerpolicy=\"strict-origin-when-cross-origin\" allowfullscreen><\/iframe>\n<\/div><\/figure>\n\n\n\n<div style=\"height:100px\" aria-hidden=\"true\" class=\"wp-block-spacer\"><\/div>\n\n\n\n<hr class=\"wp-block-separator has-alpha-channel-opacity\"\/>\n\n\n\n<p class=\"has-text-align-center\"><em><a href=\"https:\/\/oma.skoletjenesten.no\/?p=2832\">Til innholdsliste for denne utgaven<\/a><\/em><\/p>\n","protected":false},"excerpt":{"rendered":"<p>Er det noen som husker Mannen? Fjellet i Romsdalen sto sentralt i nyhetsbildet i 2019, og p\u00e5 dagens dato raste den delen som heter Veslemannen. Under opptakten til dette var saken til og med omtalt her i bloggen (Byr\u00e5kratene og de ber\u00f8rte \u2013 desember 2017). \u00abAlle\u00bb husker M\u00fcnchen-OL og den palestinske terroraksjonen mot Israels deltakere.&hellip; <a class=\"more-link\" href=\"https:\/\/oma.skoletjenesten.no\/?p=2820\">Fortsett \u00e5 lese <span class=\"screen-reader-text\">Mannen og Ungen<\/span><\/a><\/p>\n","protected":false},"author":1,"featured_media":0,"comment_status":"closed","ping_status":"open","sticky":false,"template":"","format":"standard","meta":{"footnotes":""},"categories":[10],"tags":[],"class_list":["post-2820","post","type-post","status-publish","format-standard","hentry","category-dagen-i-dag","entry"],"_links":{"self":[{"href":"https:\/\/oma.skoletjenesten.no\/index.php?rest_route=\/wp\/v2\/posts\/2820","targetHints":{"allow":["GET"]}}],"collection":[{"href":"https:\/\/oma.skoletjenesten.no\/index.php?rest_route=\/wp\/v2\/posts"}],"about":[{"href":"https:\/\/oma.skoletjenesten.no\/index.php?rest_route=\/wp\/v2\/types\/post"}],"author":[{"embeddable":true,"href":"https:\/\/oma.skoletjenesten.no\/index.php?rest_route=\/wp\/v2\/users\/1"}],"replies":[{"embeddable":true,"href":"https:\/\/oma.skoletjenesten.no\/index.php?rest_route=%2Fwp%2Fv2%2Fcomments&post=2820"}],"version-history":[{"count":7,"href":"https:\/\/oma.skoletjenesten.no\/index.php?rest_route=\/wp\/v2\/posts\/2820\/revisions"}],"predecessor-version":[{"id":3507,"href":"https:\/\/oma.skoletjenesten.no\/index.php?rest_route=\/wp\/v2\/posts\/2820\/revisions\/3507"}],"wp:attachment":[{"href":"https:\/\/oma.skoletjenesten.no\/index.php?rest_route=%2Fwp%2Fv2%2Fmedia&parent=2820"}],"wp:term":[{"taxonomy":"category","embeddable":true,"href":"https:\/\/oma.skoletjenesten.no\/index.php?rest_route=%2Fwp%2Fv2%2Fcategories&post=2820"},{"taxonomy":"post_tag","embeddable":true,"href":"https:\/\/oma.skoletjenesten.no\/index.php?rest_route=%2Fwp%2Fv2%2Ftags&post=2820"}],"curies":[{"name":"wp","href":"https:\/\/api.w.org\/{rel}","templated":true}]}}