{"id":2815,"date":"2025-09-05T10:00:42","date_gmt":"2025-09-05T10:00:42","guid":{"rendered":"https:\/\/oma.skoletjenesten.no\/?p=2815"},"modified":"2026-02-05T22:04:38","modified_gmt":"2026-02-05T22:04:38","slug":"virtuell-virkelighet-35-25","status":"publish","type":"post","link":"https:\/\/oma.skoletjenesten.no\/?p=2815","title":{"rendered":"Virtuell virkelighet 35\/25"},"content":{"rendered":"\n<p><small>Denne spalten het tidligere <em>Alternative fakta<\/em>, som fortsatt er kategori-betegnelsen. I<em> Alternative fakta<\/em> l\u00e5 vekten ofte mer p\u00e5 det alternative enn p\u00e5 fakta. Her i <em>Virtuell virkelighet<\/em> kan vekten&nbsp; ligge mer p\u00e5 det virtuelle enn p\u00e5 virkeligheten.<\/small><\/p>\n\n\n\n<p><small>Navneskiftet ble forklart i <a href=\"http:\/\/ttt.skoletjenesten.no\/alternative-fakta-3-21\/\" target=\"_blank\" rel=\"noreferrer noopener\">siste utgave av Alternative fakta 15. januar 2021<\/a>.<\/small><\/p>\n\n\n\n<hr class=\"wp-block-separator has-alpha-channel-opacity\"\/>\n\n\n\n<p><strong><em>Vv 1: Sokkel-utleie.<\/em><\/strong>  En solrik sokkelleilighet i n\u00e6rheten av H\u00f8vikodden Kunstsenter er ledig for utleie fra 1. november. 50 kvadratmeter fordelt p\u00e5 kombinert stue\/kj\u00f8kken, soverom, bad og bod, dessuten uteplass.  Egen inngang. Bloggeren kan formidle kontakt.<\/p>\n\n\n\n<div class=\"wp-block-columns is-layout-flex wp-container-core-columns-is-layout-9d6595d7 wp-block-columns-is-layout-flex\">\n<div class=\"wp-block-column is-layout-flow wp-block-column-is-layout-flow\"><div class=\"wp-block-image is-style-twentytwentyone-border\">\n<figure class=\"alignright size-full is-resized\"><img loading=\"lazy\" decoding=\"async\" width=\"500\" height=\"600\" src=\"https:\/\/oma.skoletjenesten.no\/wp-content\/uploads\/2025\/09\/Sokkelleilighet-Ellen_Inngang-nedenfra.jpg\" alt=\"\" class=\"wp-image-2816\" style=\"width:auto;height:130px\" srcset=\"https:\/\/oma.skoletjenesten.no\/wp-content\/uploads\/2025\/09\/Sokkelleilighet-Ellen_Inngang-nedenfra.jpg 500w, https:\/\/oma.skoletjenesten.no\/wp-content\/uploads\/2025\/09\/Sokkelleilighet-Ellen_Inngang-nedenfra-250x300.jpg 250w\" sizes=\"auto, (max-width: 500px) 100vw, 500px\" \/><\/figure>\n<\/div><\/div>\n\n\n\n<div class=\"wp-block-column is-layout-flow wp-block-column-is-layout-flow\">\n<figure class=\"wp-block-image size-large is-style-twentytwentyone-border\"><img loading=\"lazy\" decoding=\"async\" width=\"1024\" height=\"768\" src=\"https:\/\/oma.skoletjenesten.no\/wp-content\/uploads\/2025\/09\/Sokkelleilighet-Ellen_Stue-Kopi-1024x768.jpg\" alt=\"\" class=\"wp-image-2817\" srcset=\"https:\/\/oma.skoletjenesten.no\/wp-content\/uploads\/2025\/09\/Sokkelleilighet-Ellen_Stue-Kopi-1024x768.jpg 1024w, https:\/\/oma.skoletjenesten.no\/wp-content\/uploads\/2025\/09\/Sokkelleilighet-Ellen_Stue-Kopi-300x225.jpg 300w, https:\/\/oma.skoletjenesten.no\/wp-content\/uploads\/2025\/09\/Sokkelleilighet-Ellen_Stue-Kopi-768x576.jpg 768w, https:\/\/oma.skoletjenesten.no\/wp-content\/uploads\/2025\/09\/Sokkelleilighet-Ellen_Stue-Kopi-1536x1152.jpg 1536w, https:\/\/oma.skoletjenesten.no\/wp-content\/uploads\/2025\/09\/Sokkelleilighet-Ellen_Stue-Kopi-2048x1536.jpg 2048w, https:\/\/oma.skoletjenesten.no\/wp-content\/uploads\/2025\/09\/Sokkelleilighet-Ellen_Stue-Kopi-1568x1176.jpg 1568w\" sizes=\"auto, (max-width: 1024px) 100vw, 1024px\" \/><\/figure>\n<\/div>\n\n\n\n<div class=\"wp-block-column is-layout-flow wp-block-column-is-layout-flow\">\n<figure class=\"wp-block-image size-full is-style-twentytwentyone-border\"><img loading=\"lazy\" decoding=\"async\" width=\"640\" height=\"480\" src=\"https:\/\/oma.skoletjenesten.no\/wp-content\/uploads\/2025\/09\/Sokkelleilighet-Ellen_Terrasse.jpg\" alt=\"\" class=\"wp-image-2818\" srcset=\"https:\/\/oma.skoletjenesten.no\/wp-content\/uploads\/2025\/09\/Sokkelleilighet-Ellen_Terrasse.jpg 640w, https:\/\/oma.skoletjenesten.no\/wp-content\/uploads\/2025\/09\/Sokkelleilighet-Ellen_Terrasse-300x225.jpg 300w\" sizes=\"auto, (max-width: 640px) 100vw, 640px\" \/><\/figure>\n<\/div>\n<\/div>\n\n\n\n<div class=\"wp-block-columns is-layout-flex wp-container-core-columns-is-layout-9d6595d7 wp-block-columns-is-layout-flex\">\n<div class=\"wp-block-column is-layout-flow wp-block-column-is-layout-flow\">\n<p><a href=\"mailto:ttt@skoletjenesten.no?cc=&amp;bcc=&amp;subject=Vv%201\/36&amp;amptarget=\"><em>Kommenter denne notisen<\/em><\/a><\/p>\n\n\n\n<p class=\"has-text-align-center\">\u058e\u058e\u058e<\/p>\n\n\n\n<p><strong><em>Vv 2: Epleplukk.<\/em><\/strong> Det er en uke til epleplukkehelgen, der alle bloggens lesere er velkommen. Langtidsvarselet p\u00e5 Yr viser gr\u00e5v\u00e6r, og det er bra fordi man slipper skarp sol i \u00f8ynene under h\u00f8stingen. Men Yr p\u00e5st\u00e5r ogs\u00e5 at det skal regne i den beste plukketiden. Det vil bli tatt opp med landbruksdepartementet \u2013 helt uavhengig av valgresultatet.<\/p>\n\n\n\n<p><a href=\"mailto:ttt@skoletjenesten.no?cc=&amp;bcc=&amp;subject=Vv%202\/36&amp;amptarget=\"><em>Kommenter denne notisen<\/em><\/a><\/p>\n\n\n\n<p class=\"has-text-align-center\">\u058e\u058e\u058e<\/p>\n\n\n\n<p><strong><em>Vv 3: Valgr\u00e5d.<\/em><\/strong> Mandag er det flaggdag p\u00e5 grunn av stortingsvalget. Da skal bloggeren, etter \u00e5 ha hvilt seg litt etter flaggheisen, kj\u00f8re rullator til Sandvika videreg\u00e5ende skole for \u00e5 avgi sin stemme. Bloggens lesere \u00f8nsker selvsagt veiledning f\u00f8r valget. Den er todelt. F\u00f8rst et r\u00e5d: Tenk selv. S\u00e5 en advarsel: Ikke bruk valgomater og lignende. De som vil ha mer valgr\u00e5dgivning, kan lese <a href=\"https:\/\/oma.skoletjenesten.no\/?page_id=2834\" data-type=\"link\" data-id=\"https:\/\/oma.skoletjenesten.no\/?page_id=2834\" target=\"_blank\" rel=\"noreferrer noopener\">det som er skrevet i bloggen<\/a> i forbindelse med tidligere valg.<\/p>\n\n\n\n<p><a href=\"mailto:ttt@skoletjenesten.no?cc=&amp;bcc=&amp;subject=Vv%203\/36&amp;amptarget=\"><em>Kommenter denne notisen<\/em><\/a><\/p>\n\n\n\n<p class=\"has-text-align-center\">\u058e\u058e\u058e<\/p>\n\n\n<div class=\"wp-block-image is-style-twentytwentyone-border\">\n<figure class=\"alignright size-full\"><img loading=\"lazy\" decoding=\"async\" width=\"439\" height=\"432\" src=\"https:\/\/oma.skoletjenesten.no\/wp-content\/uploads\/2025\/09\/30_Mummi-Stinky.jpg\" alt=\"\" class=\"wp-image-2839\" srcset=\"https:\/\/oma.skoletjenesten.no\/wp-content\/uploads\/2025\/09\/30_Mummi-Stinky.jpg 439w, https:\/\/oma.skoletjenesten.no\/wp-content\/uploads\/2025\/09\/30_Mummi-Stinky-300x295.jpg 300w\" sizes=\"auto, (max-width: 439px) 100vw, 439px\" \/><figcaption class=\"wp-element-caption\">Stinky-figuren ble fjernet fra en Mummi-utstilling i New York fordi den er rasistisk. Eller kanskje fordi den likner for mye p\u00e5 president Donald?<\/figcaption><\/figure>\n<\/div>\n\n\n<p><strong><em>Vv 4: Rasistisk.<\/em><\/strong> Mummitroll-figuren ved siden av er rasistisk. Det mener i hvert fall en av de som har finansiert en utstilling om mummitrollene i <em>Brooklyn Public Library<\/em> i New York. Figuren er derfor fjernet fra utstillingen.<\/p>\n\n\n\n<p>.<\/p>\n\n\n\n<p><a href=\"mailto:ttt@skoletjenesten.no?cc=&amp;bcc=&amp;subject=Vv%204\/36&amp;amptarget=\"><em>Kommenter denne notisen<\/em><\/a><\/p>\n\n\n\n<p class=\"has-text-align-center\">\u058e\u058e\u058e<\/p>\n\n\n<div class=\"wp-block-image is-style-twentytwentyone-border\">\n<figure class=\"alignright size-full is-resized\"><img loading=\"lazy\" decoding=\"async\" width=\"288\" height=\"810\" src=\"https:\/\/oma.skoletjenesten.no\/wp-content\/uploads\/2025\/09\/40_Oelannonse_1925-0824_Opera-Bilde_2025-08-17_134232_eavis.budstikka.no_.png\" alt=\"\" class=\"wp-image-2840\" style=\"width:auto;height:300px\" srcset=\"https:\/\/oma.skoletjenesten.no\/wp-content\/uploads\/2025\/09\/40_Oelannonse_1925-0824_Opera-Bilde_2025-08-17_134232_eavis.budstikka.no_.png 288w, https:\/\/oma.skoletjenesten.no\/wp-content\/uploads\/2025\/09\/40_Oelannonse_1925-0824_Opera-Bilde_2025-08-17_134232_eavis.budstikka.no_-107x300.png 107w\" sizes=\"auto, (max-width: 288px) 100vw, 288px\" \/><\/figure>\n<\/div>\n\n\n<p><strong><em>Vv 5: \u00d8l.<\/em><\/strong> Yngre lesere av bloggen lurer sikkert p\u00e5 hva <a href=\"https:\/\/lokalhistoriewiki.no\/Lands\u00f8l_(lager\u00f8l)\" data-type=\"link\" data-id=\"https:\/\/lokalhistoriewiki.no\/Lands\u00f8l_(lager\u00f8l)\" target=\"_blank\" rel=\"noreferrer noopener\">lands\u00f8l<\/a> og v\u00f8rter\u00f8l i annonsen ved siden av er for noe. Disse \u00f8lsortene var s\u00e5 alkohol-svake at butikkene kunne selge dem uten bevilling. Og for ordens skyld: \u00d8verst p\u00e5 listen st\u00e5r <em><a href=\"https:\/\/snl.no\/bokk\u00f8l\" data-type=\"link\" data-id=\"https:\/\/snl.no\/bokk\u00f8l\" target=\"_blank\" rel=\"noreferrer noopener\">bok\u00f8l<\/a><\/em>, som ikke er trykkfeil for boks\u00f8l.<\/p>\n\n\n\n<p><\/p>\n\n\n\n<p><a href=\"mailto:ttt@skoletjenesten.no?cc=&amp;bcc=&amp;subject=Vv%205\/36&amp;amptarget=\"><em>Kommenter denne notisen<\/em><\/a><\/p>\n\n\n\n<p class=\"has-text-align-center\">\u058e\u058e\u058e<\/p>\n\n\n\n<p><strong><em>Vv 6: Veiledning?<\/em><\/strong> Meldingen nedenfor gikk ut fra radioprogrammet <em>Spr\u00e5ksnakk<\/em> i den skattefinansierte radiokanalen NRK fredag 29. august (legg merke til datoen). Meldingen er av samme type som historien om professoren som kommer inn i et auditorium, g\u00e5r til tavlen og skriver: \u00abMin forelesning, som skulle v\u00e6rt holdt i auditorium 3, holdes i stedet her.\u00bb<\/p>\n\n\n\n<figure class=\"wp-block-audio\"><audio controls src=\"https:\/\/oma.skoletjenesten.no\/wp-content\/uploads\/2025\/09\/50_Spraaksnakk-Ny-semdetid.mp3\"><\/audio><figcaption class=\"wp-element-caption\">NRK Spr\u00e5ksnakk 29. august 2025.<\/figcaption><\/figure>\n\n\n\n<p><a href=\"mailto:ttt@skoletjenesten.no?cc=&amp;bcc=&amp;subject=Vv%206\/36&amp;amptarget=\"><em>Kommenter denne notisen<\/em><\/a><\/p>\n\n\n\n<p class=\"has-text-align-center\">\u058e\u058e\u058e<\/p>\n\n\n<div class=\"wp-block-image is-style-twentytwentyone-border\">\n<figure class=\"alignright size-large\"><a href=\"https:\/\/oma.skoletjenesten.no\/wp-content\/uploads\/2025\/09\/60_Rekkverkfelle_OK_IMG_20250903_154250062-scaled.jpg\" target=\"_blank\" rel=\" noreferrer noopener\"><img loading=\"lazy\" decoding=\"async\" width=\"1024\" height=\"608\" src=\"https:\/\/oma.skoletjenesten.no\/wp-content\/uploads\/2025\/09\/60_Rekkverkfelle_OK_IMG_20250903_154250062-1024x608.jpg\" alt=\"\" class=\"wp-image-2842\" srcset=\"https:\/\/oma.skoletjenesten.no\/wp-content\/uploads\/2025\/09\/60_Rekkverkfelle_OK_IMG_20250903_154250062-1024x608.jpg 1024w, https:\/\/oma.skoletjenesten.no\/wp-content\/uploads\/2025\/09\/60_Rekkverkfelle_OK_IMG_20250903_154250062-300x178.jpg 300w, https:\/\/oma.skoletjenesten.no\/wp-content\/uploads\/2025\/09\/60_Rekkverkfelle_OK_IMG_20250903_154250062-768x456.jpg 768w, https:\/\/oma.skoletjenesten.no\/wp-content\/uploads\/2025\/09\/60_Rekkverkfelle_OK_IMG_20250903_154250062-1536x912.jpg 1536w, https:\/\/oma.skoletjenesten.no\/wp-content\/uploads\/2025\/09\/60_Rekkverkfelle_OK_IMG_20250903_154250062-2048x1217.jpg 2048w, https:\/\/oma.skoletjenesten.no\/wp-content\/uploads\/2025\/09\/60_Rekkverkfelle_OK_IMG_20250903_154250062-1568x931.jpg 1568w\" sizes=\"auto, (max-width: 1024px) 100vw, 1024px\" \/><\/a><figcaption class=\"wp-element-caption\">Klikk for st\u00f8rre bilde.<\/figcaption><\/figure>\n<\/div>\n\n\n<p><strong><em>Vv 7: Fallfelle.<\/em><\/strong> Bloggeren ble lurt i en felle sist fredag. Der han sto p\u00e5 plattingen utenfor inngangen til det st\u00f8yfylte danselokalet (bildet ved siden av), var rekkverket behagelig \u00e5 lene seg mot. Men det var ogs\u00e5 farlig. Da \u00e9n person til lente seg mot rekkverket, sviktet det, og bloggeren med flere falt bakover og ned p\u00e5 gresset. Man g\u00e5r i fare hvor man g\u00e5r \u2013 eller lener seg.<\/p>\n\n\n\n<p><a href=\"mailto:ttt@skoletjenesten.no?cc=&amp;bcc=&amp;subject=Vv%207\/36&amp;amptarget=\"><em>Kommenter denne notisen<\/em><\/a><\/p>\n\n\n\n<p class=\"has-text-align-center\">\u058e\u058e\u058e<\/p>\n\n\n<div class=\"wp-block-image is-style-twentytwentyone-border\">\n<figure class=\"alignright size-large\"><a href=\"https:\/\/oma.skoletjenesten.no\/wp-content\/uploads\/2025\/09\/80_Langset_OK_Opera-Bilde_2025-08-19_200457_tv.nrk_.no_.jpg\" target=\"_blank\" rel=\" noreferrer noopener\"><img loading=\"lazy\" decoding=\"async\" width=\"1024\" height=\"481\" src=\"https:\/\/oma.skoletjenesten.no\/wp-content\/uploads\/2025\/09\/80_Langset_OK_Opera-Bilde_2025-08-19_200457_tv.nrk_.no_-1024x481.jpg\" alt=\"\" class=\"wp-image-2843\" srcset=\"https:\/\/oma.skoletjenesten.no\/wp-content\/uploads\/2025\/09\/80_Langset_OK_Opera-Bilde_2025-08-19_200457_tv.nrk_.no_-1024x481.jpg 1024w, https:\/\/oma.skoletjenesten.no\/wp-content\/uploads\/2025\/09\/80_Langset_OK_Opera-Bilde_2025-08-19_200457_tv.nrk_.no_-300x141.jpg 300w, https:\/\/oma.skoletjenesten.no\/wp-content\/uploads\/2025\/09\/80_Langset_OK_Opera-Bilde_2025-08-19_200457_tv.nrk_.no_-768x361.jpg 768w, https:\/\/oma.skoletjenesten.no\/wp-content\/uploads\/2025\/09\/80_Langset_OK_Opera-Bilde_2025-08-19_200457_tv.nrk_.no_.jpg 1188w\" sizes=\"auto, (max-width: 1024px) 100vw, 1024px\" \/><\/a><figcaption class=\"wp-element-caption\">Klikk for st\u00f8rre bilde.<\/figcaption><\/figure>\n<\/div>\n\n\n<p><strong><em>Vv 8: Linselus?<\/em><\/strong> Den skattefinansierte TV-kanalen NRK lar ingen sjanse g\u00e5 fra seg til \u00e5 avbilde bloggens hovedkvarter. Bildet ved siden av er fra 4 v\u00e6rmeldingen i distriktssendingen \u00d8stlandet for et par uker siden.<\/p>\n\n\n\n<p><a href=\"mailto:ttt@skoletjenesten.no?cc=&amp;bcc=&amp;subject=Vv%208\/36&amp;amptarget=\"><em>Kommenter denne notisen<\/em><\/a><\/p>\n\n\n\n<p class=\"has-text-align-center\">\u058e\u058e\u058e<\/p>\n\n\n\n<p><strong><em>Vv 9: Sveising.<\/em><\/strong> Sveising av aluminium skal v\u00e6re vanskelig, har bloggeren h\u00f8rt. Videoklippet nedenfor viser at dette er noe man kan gj\u00f8re hjemme.<\/p>\n\n\n\n<figure class=\"wp-block-embed is-type-video is-provider-youtube wp-block-embed-youtube wp-embed-aspect-16-9 wp-has-aspect-ratio\"><div class=\"wp-block-embed__wrapper\">\n<iframe loading=\"lazy\" title=\"Welding Aluminum Is So Easy! But So Few People Know This Method!\" width=\"750\" height=\"422\" src=\"https:\/\/www.youtube.com\/embed\/1KVJZinXd1o?feature=oembed\" frameborder=\"0\" allow=\"accelerometer; autoplay; clipboard-write; encrypted-media; gyroscope; picture-in-picture; web-share\" referrerpolicy=\"strict-origin-when-cross-origin\" allowfullscreen><\/iframe>\n<\/div><\/figure>\n\n\n\n<p><a href=\"mailto:ttt@skoletjenesten.no?cc=&amp;bcc=&amp;subject=Vv%209\/36&amp;amptarget=\"><em>Kommenter denne notisen<\/em><\/a><\/p>\n<\/div>\n<\/div>\n\n\n\n<div class=\"wp-block-columns is-layout-flex wp-container-core-columns-is-layout-9d6595d7 wp-block-columns-is-layout-flex\">\n<div class=\"wp-block-column is-layout-flow wp-block-column-is-layout-flow\"><\/div>\n\n\n\n<div class=\"wp-block-column is-layout-flow wp-block-column-is-layout-flow\"><\/div>\n<\/div>\n","protected":false},"excerpt":{"rendered":"<p>Denne spalten het tidligere Alternative fakta, som fortsatt er kategori-betegnelsen. I Alternative fakta l\u00e5 vekten ofte mer p\u00e5 det alternative enn p\u00e5 fakta. Her i Virtuell virkelighet kan vekten&nbsp; ligge mer p\u00e5 det virtuelle enn p\u00e5 virkeligheten. Navneskiftet ble forklart i siste utgave av Alternative fakta 15. januar 2021. Vv 1: Sokkel-utleie. En solrik sokkelleilighet&hellip; <a class=\"more-link\" href=\"https:\/\/oma.skoletjenesten.no\/?p=2815\">Fortsett \u00e5 lese <span class=\"screen-reader-text\">Virtuell virkelighet 35\/25<\/span><\/a><\/p>\n","protected":false},"author":1,"featured_media":0,"comment_status":"open","ping_status":"open","sticky":false,"template":"","format":"standard","meta":{"footnotes":""},"categories":[11],"tags":[],"class_list":["post-2815","post","type-post","status-publish","format-standard","hentry","category-alternative-fakta","entry"],"_links":{"self":[{"href":"https:\/\/oma.skoletjenesten.no\/index.php?rest_route=\/wp\/v2\/posts\/2815","targetHints":{"allow":["GET"]}}],"collection":[{"href":"https:\/\/oma.skoletjenesten.no\/index.php?rest_route=\/wp\/v2\/posts"}],"about":[{"href":"https:\/\/oma.skoletjenesten.no\/index.php?rest_route=\/wp\/v2\/types\/post"}],"author":[{"embeddable":true,"href":"https:\/\/oma.skoletjenesten.no\/index.php?rest_route=\/wp\/v2\/users\/1"}],"replies":[{"embeddable":true,"href":"https:\/\/oma.skoletjenesten.no\/index.php?rest_route=%2Fwp%2Fv2%2Fcomments&post=2815"}],"version-history":[{"count":9,"href":"https:\/\/oma.skoletjenesten.no\/index.php?rest_route=\/wp\/v2\/posts\/2815\/revisions"}],"predecessor-version":[{"id":2856,"href":"https:\/\/oma.skoletjenesten.no\/index.php?rest_route=\/wp\/v2\/posts\/2815\/revisions\/2856"}],"wp:attachment":[{"href":"https:\/\/oma.skoletjenesten.no\/index.php?rest_route=%2Fwp%2Fv2%2Fmedia&parent=2815"}],"wp:term":[{"taxonomy":"category","embeddable":true,"href":"https:\/\/oma.skoletjenesten.no\/index.php?rest_route=%2Fwp%2Fv2%2Fcategories&post=2815"},{"taxonomy":"post_tag","embeddable":true,"href":"https:\/\/oma.skoletjenesten.no\/index.php?rest_route=%2Fwp%2Fv2%2Ftags&post=2815"}],"curies":[{"name":"wp","href":"https:\/\/api.w.org\/{rel}","templated":true}]}}