{"id":2772,"date":"2025-08-29T10:02:05","date_gmt":"2025-08-29T10:02:05","guid":{"rendered":"https:\/\/oma.skoletjenesten.no\/?p=2772"},"modified":"2025-09-04T20:58:06","modified_gmt":"2025-09-04T20:58:06","slug":"skole","status":"publish","type":"post","link":"https:\/\/oma.skoletjenesten.no\/?p=2772","title":{"rendered":"Skole"},"content":{"rendered":"<div class=\"wp-block-image\">\n<figure class=\"alignright size-full\"><img loading=\"lazy\" decoding=\"async\" width=\"267\" height=\"189\" src=\"https:\/\/oma.skoletjenesten.no\/wp-content\/uploads\/2025\/08\/Timeplan_images.jpg\" alt=\"\" class=\"wp-image-2773\"\/><figcaption class=\"wp-element-caption\">Da jeg gikk p\u00e5 skolen, var timeplanen uten fargeillustrasjoner og hadde den store og den lille gangetabellen p\u00e5 baksiden.<\/figcaption><\/figure>\n<\/div>\n\n\n<p>I dag har landets skoleelever fullf\u00f8rt sin f\u00f8rste hele uketimeplan dette skole\u00e5ret. Det gjelder ogs\u00e5 <a href=\"https:\/\/jotunheimenvgs.no\" data-type=\"link\" data-id=\"https:\/\/jotunheimenvgs.no\" target=\"_blank\" rel=\"noreferrer noopener\">Jotunheimen privatistskule<\/a> i Lom. Slik skolestart der ble presentert i nyhetene, er skolen et resultat av at Innlandet fylkesting vedtok \u00e5 nedlegge den offentlige videreg\u00e5ende skolen i Lom, noe bygdefolket ikke ville finne seg i. Den nyopprettede skolen er i sin helhet en fortsettelse av den offentlige. Bygningene er kj\u00f8pt med innsamlede midler, og l\u00e6rerpersonalet har skiftet arbeidsgiver. Sannsynligvis er ogs\u00e5 mange av \u00e5rets elever de samme som i fjor, og fortsetter p\u00e5 det utdanningsl\u00f8pet de hadde planlagt.<\/p>\n\n\n\n<p>Utdanningsl\u00f8pet for dagens elever er ganske forskjellig fra hva jeg opplevde. I min tid var det syv \u00e5rs obligatorisk skolegang; n\u00e5 er det ti \u00e5r. Det er fristende \u00e5 regne med at elevene n\u00e5 er dummere og derfor m\u00e5 g\u00e5 lenger p\u00e5 skolen. Eller kanskje har det g\u00e5tt inflasjon i skolegang?<\/p>\n\n\n\n<p>Treg som jeg er, fortsatte jeg med skole lenge etter den obligatoriske, til slutt som l\u00e6rer. I min f\u00f8rste tid som l\u00e6rer eksisterte kursplan-systemet. Da m\u00e5tte elevene f.o.m. 8. klasse (2. \u00e5r i ungdomsskolen) velge mellom tre kursplaner i fagene norsk, engelsk og matematikk. De som ville g\u00e5 videreg\u00e5ende skole etter ungdomsskolen, m\u00e5tte velge kursplan 3, den vanskeligste. De fleste valgte denne. Men noen fant etter hvert ut at de ville skifte til den lettere kursplan 2. Det var slik jeg kom til skolen som ble min arbeidsplass i \u00e5tte \u00e5r, da en gruppe p\u00e5 kursplan 2 var blitt for stor og m\u00e5tte deles, og det ble behov for \u00e9n l\u00e6rer til.<\/p>\n\n\n\n<p>Individuell tilpasning av undervisningen er fortsatt et \u00f8nske i skolen, tror jeg. Men kursplanssystemet var nok for rigid, og det ble forlatt etter noen \u00e5r. Kanskje var det en bedre niv\u00e5deling slik min generasjon hadde. Vi kunne avslutte skolegangen etter 7, 9, 10 eller 12 \u00e5r (etter folkeskole, framhaldsskole, realskole eller gymnas). Men det sp\u00f8rs om dagens samfunn er tilpasset 13-\u00e5ringer som skal ut i yrkeslivet.<\/p>\n\n\n\n<p>Alexander Kielland skrev om lille Marius som gikk p\u00e5 latinskolen. Odd B\u00f8rretzens lille Marius gikk p\u00e5 det B\u00f8rretzen kalte \u00abden ni\u00e5rige, obligatoriske, linjedelte barneskole\u00bb \u2013 det skulle vel v\u00e6rt den kursplandelte ungdomsskolen. Uansett: Opptaket fra Sandvika kino en kald desemberdag i 1973 er en treffende karakteristikk av datidens skole.<\/p>\n\n\n\n<figure class=\"wp-block-embed is-type-video is-provider-youtube wp-block-embed-youtube wp-embed-aspect-4-3 wp-has-aspect-ratio\"><div class=\"wp-block-embed__wrapper\">\n<iframe loading=\"lazy\" title=\"Sangen Om Lille Marius (Live)\" width=\"750\" height=\"563\" src=\"https:\/\/www.youtube.com\/embed\/_8ExpXa4aVE?feature=oembed\" frameborder=\"0\" allow=\"accelerometer; autoplay; clipboard-write; encrypted-media; gyroscope; picture-in-picture; web-share\" referrerpolicy=\"strict-origin-when-cross-origin\" allowfullscreen><\/iframe>\n<\/div><\/figure>\n\n\n\n<hr class=\"wp-block-separator has-alpha-channel-opacity\"\/>\n\n\n\n<p class=\"has-text-align-center\"><em><a href=\"https:\/\/oma.skoletjenesten.no\/?p=2796\">Til innholdsliste for denne utgaven<\/a><\/em><\/p>\n","protected":false},"excerpt":{"rendered":"<p>I dag har landets skoleelever fullf\u00f8rt sin f\u00f8rste hele uketimeplan dette skole\u00e5ret. Det gjelder ogs\u00e5 Jotunheimen privatistskule i Lom. Slik skolestart der ble presentert i nyhetene, er skolen et resultat av at Innlandet fylkesting vedtok \u00e5 nedlegge den offentlige videreg\u00e5ende skolen i Lom, noe bygdefolket ikke ville finne seg i. Den nyopprettede skolen er i&hellip; <a class=\"more-link\" href=\"https:\/\/oma.skoletjenesten.no\/?p=2772\">Fortsett \u00e5 lese <span class=\"screen-reader-text\">Skole<\/span><\/a><\/p>\n","protected":false},"author":1,"featured_media":0,"comment_status":"open","ping_status":"open","sticky":false,"template":"","format":"standard","meta":{"footnotes":""},"categories":[10],"tags":[],"class_list":["post-2772","post","type-post","status-publish","format-standard","hentry","category-dagen-i-dag","entry"],"_links":{"self":[{"href":"https:\/\/oma.skoletjenesten.no\/index.php?rest_route=\/wp\/v2\/posts\/2772","targetHints":{"allow":["GET"]}}],"collection":[{"href":"https:\/\/oma.skoletjenesten.no\/index.php?rest_route=\/wp\/v2\/posts"}],"about":[{"href":"https:\/\/oma.skoletjenesten.no\/index.php?rest_route=\/wp\/v2\/types\/post"}],"author":[{"embeddable":true,"href":"https:\/\/oma.skoletjenesten.no\/index.php?rest_route=\/wp\/v2\/users\/1"}],"replies":[{"embeddable":true,"href":"https:\/\/oma.skoletjenesten.no\/index.php?rest_route=%2Fwp%2Fv2%2Fcomments&post=2772"}],"version-history":[{"count":6,"href":"https:\/\/oma.skoletjenesten.no\/index.php?rest_route=\/wp\/v2\/posts\/2772\/revisions"}],"predecessor-version":[{"id":2806,"href":"https:\/\/oma.skoletjenesten.no\/index.php?rest_route=\/wp\/v2\/posts\/2772\/revisions\/2806"}],"wp:attachment":[{"href":"https:\/\/oma.skoletjenesten.no\/index.php?rest_route=%2Fwp%2Fv2%2Fmedia&parent=2772"}],"wp:term":[{"taxonomy":"category","embeddable":true,"href":"https:\/\/oma.skoletjenesten.no\/index.php?rest_route=%2Fwp%2Fv2%2Fcategories&post=2772"},{"taxonomy":"post_tag","embeddable":true,"href":"https:\/\/oma.skoletjenesten.no\/index.php?rest_route=%2Fwp%2Fv2%2Ftags&post=2772"}],"curies":[{"name":"wp","href":"https:\/\/api.w.org\/{rel}","templated":true}]}}