{"id":2769,"date":"2025-08-29T10:00:52","date_gmt":"2025-08-29T10:00:52","guid":{"rendered":"https:\/\/oma.skoletjenesten.no\/?p=2769"},"modified":"2025-09-04T20:59:02","modified_gmt":"2025-09-04T20:59:02","slug":"virtuell-virkelighet-34-25","status":"publish","type":"post","link":"https:\/\/oma.skoletjenesten.no\/?p=2769","title":{"rendered":"Virtuell virkelighet 34\/25"},"content":{"rendered":"\n<p><small>Denne spalten het tidligere <em>Alternative fakta<\/em>, som fortsatt er kategori-betegnelsen. I<em> Alternative fakta<\/em> l\u00e5 vekten ofte mer p\u00e5 det alternative enn p\u00e5 fakta. Her i <em>Virtuell virkelighet<\/em> kan vekten&nbsp; ligge mer p\u00e5 det virtuelle enn p\u00e5 virkeligheten.<\/small><\/p>\n\n\n\n<p><small>Navneskiftet ble forklart i <a href=\"http:\/\/ttt.skoletjenesten.no\/alternative-fakta-3-21\/\" target=\"_blank\" rel=\"noreferrer noopener\">siste utgave av Alternative fakta 15. januar 2021<\/a>.<\/small><\/p>\n\n\n\n<hr class=\"wp-block-separator has-alpha-channel-opacity\"\/>\n\n\n\n<p><strong><em>Vv 1: Epleh\u00f8st.<\/em><\/strong> Eplene ser fristende ut, men er ikke modne enn\u00e5. Det er tre uker til h\u00f8ste-helgen (13.-14. september), og alle bloggens lesere er invitert til \u00e5 plukke sin andel. I \u00e5r er planen \u00e5 sette opp saftfabrikken slik at det man h\u00f8ster, kan tas med enten p\u00e5 kanne eller \u2013 u-presset \u2013 i pose.<\/p>\n\n\n\n<p><a href=\"mailto:ttt@skoletjenesten.no?cc=&amp;bcc=&amp;subject=Vv%201\/35&amp;amptarget=\"><em>Kommenter denne notisen<\/em><\/a><\/p>\n\n\n\n<p class=\"has-text-align-center\">\u058e\u058e\u058e<\/p>\n\n\n\n<figure class=\"wp-block-video alignright\"><video height=\"144\" style=\"aspect-ratio: 176 \/ 144;\" width=\"176\" controls src=\"https:\/\/oma.skoletjenesten.no\/wp-content\/uploads\/2025\/08\/Simbatut.mp4\"><\/video><figcaption class=\"wp-element-caption\">Simba svarer ambulansen. <\/figcaption><\/figure>\n\n\n\n<p><strong><em>Vv 2: Ulvetut.<\/em><\/strong> Langsets vakthund, Simba, er av den tause, sterke typen. Siden han kom hit for mange \u00e5r siden, har bloggeren registrert to bjeff. Men han f\u00f8ler seg \u00e5penbart i slekt med utrykningskj\u00f8ret\u00f8y med ulende sirener, og svarer s\u00e5 godt han kan. Simbas n\u00e6rmeste overordnede har dokumentert dette (ved siden av). Bildene er litt uklare, men her er det lyden som teller.<\/p>\n\n\n\n<p><a href=\"mailto:ttt@skoletjenesten.no?cc=&amp;bcc=&amp;subject=Vv%202\/35&amp;amptarget=\"><em>Kommenter denne notisen<\/em><\/a><\/p>\n\n\n\n<p class=\"has-text-align-center\">\u058e\u058e\u058e<\/p>\n\n\n\n<p><strong><em>Vv 3: Oversettelse.<\/em><\/strong> I innlegget <em><a href=\"https:\/\/oma.skoletjenesten.no\/?p=2775\" data-type=\"link\" data-id=\"https:\/\/oma.skoletjenesten.no\/?p=2775\" target=\"_blank\" rel=\"noreferrer noopener\">Kunstig intelligens<\/a><\/em> i dagens blogg nevnes i forbifarten at google-oversettelser m\u00e5 etterg\u00e5s av ekte intelligens. Det har neppe skjedd i teksten bloggeren fant da han lette etter en stokk som man ogs\u00e5 kan bruke som en-bent krakk. Han fant en \u00abfolding stool\u00bb \u2013 med norsk oversettelse: \u00abVekten av den sammenleggbare avf\u00f8ringen er veldig lett, bare 340 g\u00bb (originaltekst: <em>The the weight of the folding stool is very light, only 340 g<\/em>).<\/p>\n\n\n\n<p><a href=\"mailto:ttt@skoletjenesten.no?cc=&amp;bcc=&amp;subject=Vv%203\/35&amp;amptarget=\"><em>Kommenter denne notisen<\/em><\/a><\/p>\n\n\n\n<p class=\"has-text-align-center\">\u058e\u058e\u058e<\/p>\n\n\n<div class=\"wp-block-image is-style-twentytwentyone-border\">\n<figure class=\"alignright size-full\"><a href=\"http:\/\/ttt.skoletjenesten.no\/\/wp-content\/uploads\/2025\/07\/40_Ekssamen_Aftenposten%2019.%20juni%202025.pdf\" target=\"_blank\" rel=\" noreferrer noopener\"><img loading=\"lazy\" decoding=\"async\" width=\"322\" height=\"99\" src=\"https:\/\/oma.skoletjenesten.no\/wp-content\/uploads\/2025\/08\/40_Frspr-Eng_Opera-Bilde_2025-08-24_130840_e-avis.aftenposten.no_.png\" alt=\"\" class=\"wp-image-2788\" srcset=\"https:\/\/oma.skoletjenesten.no\/wp-content\/uploads\/2025\/08\/40_Frspr-Eng_Opera-Bilde_2025-08-24_130840_e-avis.aftenposten.no_.png 322w, https:\/\/oma.skoletjenesten.no\/wp-content\/uploads\/2025\/08\/40_Frspr-Eng_Opera-Bilde_2025-08-24_130840_e-avis.aftenposten.no_-300x92.png 300w\" sizes=\"auto, (max-width: 322px) 100vw, 322px\" \/><\/a><figcaption class=\"wp-element-caption\">Aftenposten 19. juni 2025. Klikk for \u00e5 lese hele artikkelen.<\/figcaption><\/figure>\n<\/div>\n\n\n<p><strong><em>Vv 4: Eksamen.<\/em><\/strong> Datoene for avgangseksamen i videreg\u00e5ende skole i 2026 er allerede berammet. Det vekker selvsagt liten begeistring hos den vordende russen at en eksamensdag er lagt rett etter russestevnet i Kongeparken. Sett fra en gammel manns st\u00e5sted er russestevnet lagt rett f\u00f8r eksamen. Men mer interessant er det at engelsk ikke er fremmedspr\u00e5k, i hvert fall hvis man skal tolke Aftenpostens oversikt  bokstavelig.<\/p>\n\n\n\n<p><a href=\"mailto:ttt@skoletjenesten.no?cc=&amp;bcc=&amp;subject=Vv%204\/35&amp;amptarget=\"><em>Kommenter denne notisen<\/em><\/a><\/p>\n\n\n\n<p class=\"has-text-align-center\">\u058e\u058e\u058e<\/p>\n\n\n<div class=\"wp-block-image is-style-twentytwentyone-border\">\n<figure class=\"alignright size-large\"><a href=\"https:\/\/oma.skoletjenesten.no\/wp-content\/uploads\/2025\/08\/50_Brislingfiske-IndreOslofjord_1975-0522_Opera-Bilde_2025-08-17_135345_eavis.budstikka.no_.png\" target=\"_blank\" rel=\" noreferrer noopener\"><img loading=\"lazy\" decoding=\"async\" width=\"1024\" height=\"705\" src=\"https:\/\/oma.skoletjenesten.no\/wp-content\/uploads\/2025\/08\/50_Brislingfiske-IndreOslofjord_1975-0522_Opera-Bilde_2025-08-17_135345_eavis.budstikka.no_-1024x705.png\" alt=\"\" class=\"wp-image-2789\" srcset=\"https:\/\/oma.skoletjenesten.no\/wp-content\/uploads\/2025\/08\/50_Brislingfiske-IndreOslofjord_1975-0522_Opera-Bilde_2025-08-17_135345_eavis.budstikka.no_-1024x705.png 1024w, https:\/\/oma.skoletjenesten.no\/wp-content\/uploads\/2025\/08\/50_Brislingfiske-IndreOslofjord_1975-0522_Opera-Bilde_2025-08-17_135345_eavis.budstikka.no_-300x207.png 300w, https:\/\/oma.skoletjenesten.no\/wp-content\/uploads\/2025\/08\/50_Brislingfiske-IndreOslofjord_1975-0522_Opera-Bilde_2025-08-17_135345_eavis.budstikka.no_-768x529.png 768w, https:\/\/oma.skoletjenesten.no\/wp-content\/uploads\/2025\/08\/50_Brislingfiske-IndreOslofjord_1975-0522_Opera-Bilde_2025-08-17_135345_eavis.budstikka.no_.png 1228w\" sizes=\"auto, (max-width: 1024px) 100vw, 1024px\" \/><\/a><figcaption class=\"wp-element-caption\">Asker og B\u00e6rums Budstikke 22. mai 1975. Klikk for st\u00f8rre tekst.<\/figcaption><\/figure>\n<\/div>\n\n\n<p><strong>Vv 5: Lysfiske.<\/strong> Bloggeren husker fra de f\u00f8rste \u00e5rene han hadde sin tresnekke p\u00e5 vannet, at det foregikk <a href=\"https:\/\/snl.no\/lysfiske\" data-type=\"link\" data-id=\"https:\/\/snl.no\/lysfiske\" target=\"_blank\" rel=\"noreferrer noopener\">lysfiske<\/a> i fjorden, noe som var lett \u00e5 observere i m\u00f8rke h\u00f8stkvelder. En slik lysrigg l\u00e5 en gang innenfor Saraholmen, som ligger noen hundre meter fra H\u00f8vikodden. N\u00e5 er det totalforbud mot fiske i Indre Oslofjord.<\/p>\n\n\n\n<p><a href=\"mailto:ttt@skoletjenesten.no?cc=&amp;bcc=&amp;subject=Vv%205\/35&amp;amptarget=\"><em>Kommenter denne notisen<\/em><\/a><\/p>\n\n\n\n<p class=\"has-text-align-center\">\u058e\u058e\u058e<\/p>\n\n\n<div class=\"wp-block-image is-style-twentytwentyone-border\">\n<figure class=\"alignright size-large\"><a href=\"http:\/\/ttt.skoletjenesten.no\/wp-content\/uploads\/2025\/07\/60_Kinabuss_Aftenposten%2019.%20juni%202025.pdf\" target=\"_blank\" rel=\" noreferrer noopener\"><img loading=\"lazy\" decoding=\"async\" width=\"1024\" height=\"733\" src=\"https:\/\/oma.skoletjenesten.no\/wp-content\/uploads\/2025\/08\/60_Kinabuss_Aftenposten-19.-juni-2025_Opera-Bilde_2025-08-25_130344_e-avis.aftenposten.no_-1024x733.png\" alt=\"\" class=\"wp-image-2790\" srcset=\"https:\/\/oma.skoletjenesten.no\/wp-content\/uploads\/2025\/08\/60_Kinabuss_Aftenposten-19.-juni-2025_Opera-Bilde_2025-08-25_130344_e-avis.aftenposten.no_-1024x733.png 1024w, https:\/\/oma.skoletjenesten.no\/wp-content\/uploads\/2025\/08\/60_Kinabuss_Aftenposten-19.-juni-2025_Opera-Bilde_2025-08-25_130344_e-avis.aftenposten.no_-300x215.png 300w, https:\/\/oma.skoletjenesten.no\/wp-content\/uploads\/2025\/08\/60_Kinabuss_Aftenposten-19.-juni-2025_Opera-Bilde_2025-08-25_130344_e-avis.aftenposten.no_-768x549.png 768w, https:\/\/oma.skoletjenesten.no\/wp-content\/uploads\/2025\/08\/60_Kinabuss_Aftenposten-19.-juni-2025_Opera-Bilde_2025-08-25_130344_e-avis.aftenposten.no_.png 1082w\" sizes=\"auto, (max-width: 1024px) 100vw, 1024px\" \/><\/a><figcaption class=\"wp-element-caption\">Aftenposten 19. juni 2025. Klikk for \u00e5 lese.<\/figcaption><\/figure>\n<\/div>\n\n\n<p><strong><em>Vv 6: Etterretning.<\/em><\/strong> Kinesisk-produserte el-busser, utstyrt med ryggekameraer og andre kameraer som skal \u00absikre trygg man\u00f8vrering\u00bb, brukes av Forsvarets etterretningstjeneste p\u00e5 Lutvann. Bloggeren er derfor ekstra n\u00f8ye med \u00e5 trekke ut st\u00f8pselet p\u00e5 sin kinesisk-produserte vaskemaskin, slik at den ikke kan motta og overf\u00f8re data fra forbipasserende busser.<\/p>\n\n\n\n<p><a href=\"mailto:ttt@skoletjenesten.no?cc=&amp;bcc=&amp;subject=Vv%206\/35&amp;amptarget=\"><em>Kommenter denne notisen<\/em><\/a><\/p>\n\n\n\n<p class=\"has-text-align-center\">\u058e\u058e\u058e<\/p>\n\n\n<div class=\"wp-block-image is-style-twentytwentyone-border\">\n<figure class=\"alignright size-full\"><img loading=\"lazy\" decoding=\"async\" width=\"347\" height=\"282\" src=\"https:\/\/oma.skoletjenesten.no\/wp-content\/uploads\/2025\/08\/70_Kvadratspm_Opera-Bilde_2025-08-10_165322_www.dagsdato.no_.png\" alt=\"\" class=\"wp-image-2791\" srcset=\"https:\/\/oma.skoletjenesten.no\/wp-content\/uploads\/2025\/08\/70_Kvadratspm_Opera-Bilde_2025-08-10_165322_www.dagsdato.no_.png 347w, https:\/\/oma.skoletjenesten.no\/wp-content\/uploads\/2025\/08\/70_Kvadratspm_Opera-Bilde_2025-08-10_165322_www.dagsdato.no_-300x244.png 300w\" sizes=\"auto, (max-width: 347px) 100vw, 347px\" \/><\/figure>\n<\/div>\n\n\n<p><strong><em>Vv 7: Tenke-\u00f8velse.<\/em><\/strong> Oppgaven ved siden av er egentlig for lett for det intellektuelle niv\u00e5et bloggens lesere befinner seg p\u00e5. Men det legges en lenke til <a href=\"http:\/\/ttt.skoletjenesten.no\/wp-content\/uploads\/2025\/07\/70_Kvadratsvar_Opera%20Bilde_2025-08-10_165136_www.dagsdato.no.png\" data-type=\"link\" data-id=\"http:\/\/ttt.skoletjenesten.no\/wp-content\/uploads\/2025\/07\/70_Kvadratsvar_Opera%20Bilde_2025-08-10_165136_www.dagsdato.no.png\" target=\"_blank\" rel=\"noreferrer noopener\">fasiten<\/a>, slik at man kan kontrollere at den er riktig.<\/p>\n\n\n\n<p><a href=\"mailto:ttt@skoletjenesten.no?cc=&amp;bcc=&amp;subject=Vv%207\/35&amp;amptarget=\"><em>Kommenter denne notisen<\/em><\/a><\/p>\n\n\n\n<p class=\"has-text-align-center\">\u058e\u058e\u058e<\/p>\n\n\n\n<p><strong><em>Vv 8: Fartsbegrensning.<\/em><\/strong> 24 km\/t ble bestemt som maksimal hastighet p\u00e5 Drammensveien i Asker i 1925. Det var Arbeidsdepartementet som bestemte dette. Bloggeren har ikke registrert at bestemmelsen er opphevet. Men veien er noe ombygd p\u00e5 stedet<\/p>\n\n\n<div class=\"wp-block-image is-style-twentytwentyone-border\">\n<figure class=\"aligncenter size-full\"><img loading=\"lazy\" decoding=\"async\" width=\"515\" height=\"509\" src=\"https:\/\/oma.skoletjenesten.no\/wp-content\/uploads\/2025\/08\/90_Drammensveien-Hastighet_1925-0824_Opera-Bilde_2025-08-17_132525_eavis.budstikka.no_.png\" alt=\"\" class=\"wp-image-2793\" srcset=\"https:\/\/oma.skoletjenesten.no\/wp-content\/uploads\/2025\/08\/90_Drammensveien-Hastighet_1925-0824_Opera-Bilde_2025-08-17_132525_eavis.budstikka.no_.png 515w, https:\/\/oma.skoletjenesten.no\/wp-content\/uploads\/2025\/08\/90_Drammensveien-Hastighet_1925-0824_Opera-Bilde_2025-08-17_132525_eavis.budstikka.no_-300x297.png 300w\" sizes=\"auto, (max-width: 515px) 100vw, 515px\" \/><figcaption class=\"wp-element-caption\">Asker og B\u00e6rums Budstikke 24. august 1925.<\/figcaption><\/figure>\n<\/div>\n\n\n<p><a href=\"mailto:ttt@skoletjenesten.no?cc=&amp;bcc=&amp;subject=Vv%208\/35&amp;amptarget=\"><em>Kommenter denne notisen<\/em><\/a><\/p>\n\n\n\n<div style=\"height:100px\" aria-hidden=\"true\" class=\"wp-block-spacer\"><\/div>\n\n\n\n<hr class=\"wp-block-separator has-alpha-channel-opacity\"\/>\n\n\n\n<p class=\"has-text-align-center\"><em><a href=\"https:\/\/oma.skoletjenesten.no\/?p=2796\">Til innholdsliste for denne utgaven<\/a><\/em><\/p>\n","protected":false},"excerpt":{"rendered":"<p>Denne spalten het tidligere Alternative fakta, som fortsatt er kategori-betegnelsen. I Alternative fakta l\u00e5 vekten ofte mer p\u00e5 det alternative enn p\u00e5 fakta. Her i Virtuell virkelighet kan vekten&nbsp; ligge mer p\u00e5 det virtuelle enn p\u00e5 virkeligheten. Navneskiftet ble forklart i siste utgave av Alternative fakta 15. januar 2021. Vv 1: Epleh\u00f8st. Eplene ser fristende&hellip; <a class=\"more-link\" href=\"https:\/\/oma.skoletjenesten.no\/?p=2769\">Fortsett \u00e5 lese <span class=\"screen-reader-text\">Virtuell virkelighet 34\/25<\/span><\/a><\/p>\n","protected":false},"author":1,"featured_media":0,"comment_status":"open","ping_status":"open","sticky":false,"template":"","format":"standard","meta":{"footnotes":""},"categories":[11],"tags":[],"class_list":["post-2769","post","type-post","status-publish","format-standard","hentry","category-alternative-fakta","entry"],"_links":{"self":[{"href":"https:\/\/oma.skoletjenesten.no\/index.php?rest_route=\/wp\/v2\/posts\/2769","targetHints":{"allow":["GET"]}}],"collection":[{"href":"https:\/\/oma.skoletjenesten.no\/index.php?rest_route=\/wp\/v2\/posts"}],"about":[{"href":"https:\/\/oma.skoletjenesten.no\/index.php?rest_route=\/wp\/v2\/types\/post"}],"author":[{"embeddable":true,"href":"https:\/\/oma.skoletjenesten.no\/index.php?rest_route=\/wp\/v2\/users\/1"}],"replies":[{"embeddable":true,"href":"https:\/\/oma.skoletjenesten.no\/index.php?rest_route=%2Fwp%2Fv2%2Fcomments&post=2769"}],"version-history":[{"count":8,"href":"https:\/\/oma.skoletjenesten.no\/index.php?rest_route=\/wp\/v2\/posts\/2769\/revisions"}],"predecessor-version":[{"id":2809,"href":"https:\/\/oma.skoletjenesten.no\/index.php?rest_route=\/wp\/v2\/posts\/2769\/revisions\/2809"}],"wp:attachment":[{"href":"https:\/\/oma.skoletjenesten.no\/index.php?rest_route=%2Fwp%2Fv2%2Fmedia&parent=2769"}],"wp:term":[{"taxonomy":"category","embeddable":true,"href":"https:\/\/oma.skoletjenesten.no\/index.php?rest_route=%2Fwp%2Fv2%2Fcategories&post=2769"},{"taxonomy":"post_tag","embeddable":true,"href":"https:\/\/oma.skoletjenesten.no\/index.php?rest_route=%2Fwp%2Fv2%2Ftags&post=2769"}],"curies":[{"name":"wp","href":"https:\/\/api.w.org\/{rel}","templated":true}]}}