{"id":2741,"date":"2025-08-22T10:00:23","date_gmt":"2025-08-22T10:00:23","guid":{"rendered":"https:\/\/oma.skoletjenesten.no\/?p=2741"},"modified":"2025-09-04T21:05:11","modified_gmt":"2025-09-04T21:05:11","slug":"virtuell-virkelighet-33-34","status":"publish","type":"post","link":"https:\/\/oma.skoletjenesten.no\/?p=2741","title":{"rendered":"Virtuell virkelighet 33\/34"},"content":{"rendered":"\n<p><small>Denne spalten het tidligere <em>Alternative fakta<\/em>, som fortsatt er kategori-betegnelsen. I<em> Alternative fakta<\/em> l\u00e5 vekten ofte mer p\u00e5 det alternative enn p\u00e5 fakta. Her i <em>Virtuell virkelighet<\/em> kan vekten&nbsp; ligge mer p\u00e5 det virtuelle enn p\u00e5 virkeligheten.<\/small><\/p>\n\n\n\n<p><small>Navneskiftet ble forklart i <a href=\"http:\/\/ttt.skoletjenesten.no\/alternative-fakta-3-21\/\" target=\"_blank\" rel=\"noreferrer noopener\">siste utgave av Alternative fakta 15. januar 2021<\/a>.<\/small><\/p>\n\n\n\n<hr class=\"wp-block-separator has-alpha-channel-opacity\"\/>\n\n\n\n<p><em><strong>Vv 1:<\/strong> <\/em><strong><em>24.08.<\/em><\/strong> Over i morgen, s\u00f8ndag 24 august, er Ukrainas nasjonaldag. Bloggen gratulerer med dagen og h\u00e5per p\u00e5 fremgang for det som st\u00e5r i siste linje i den <a href=\"https:\/\/torgeirs-tanker.skoletjenesten.no\/\u0443\u043a\u0440\u0430\u0457\u043d\u0430\/#ukraina-nasjonalsang\" data-type=\"link\" data-id=\"https:\/\/torgeirs-tanker.skoletjenesten.no\/\u0443\u043a\u0440\u0430\u0457\u043d\u0430\/#ukraina-nasjonalsang\" target=\"_blank\" rel=\"noreferrer noopener\">ukrainske nasjonalsangen<\/a>: Vi vil ikke la andre styre i v\u00e5rt land.<\/p>\n\n\n\n<p><a href=\"mailto:ttt@skoletjenesten.no?cc=&amp;bcc=&amp;subject=Vv%201\/34&amp;amptarget=\"><em>Kommenter denne notisen<\/em><\/a><\/p>\n\n\n\n<p class=\"has-text-align-center\">\u058e\u058e\u058e<\/p>\n\n\n\n<p><em><strong>Vv 2:<\/strong> <strong> Fredsbevarende<\/strong><\/em><strong><em>.<\/em><\/strong> Etter hektisk m\u00f8tevirksomhet er europeiske ledere og presidentene Putler, Donald og Zelenskyj enige om at sikkerhetsgarantier er n\u00f8dvendige etter en eventuell v\u00e5penhvile eller fredsavtale i Ukraina. Men Putler vil ikke ha NATO-styrker der. Hva med \u00e5 sp\u00f8rre et afrikansk land? Kenya har FN-erfaring fra Haiti.<\/p>\n\n\n\n<p><a href=\"mailto:ttt@skoletjenesten.no?cc=&amp;bcc=&amp;subject=Vv%202\/34&amp;amptarget=\"><em>Kommenter denne notisen<\/em><\/a><\/p>\n\n\n\n<p class=\"has-text-align-center\">\u058e\u058e\u058e<\/p>\n\n\n\n<p><em><strong>Vv 3:<\/strong> <strong>Moro-krig.<\/strong><\/em><strong> <\/strong> Til og med i en diskusjon om Gaza-krigen kan det dukke opp muntre innslag:<\/p>\n\n\n\n<div class=\"wp-block-columns is-layout-flex wp-container-core-columns-is-layout-9d6595d7 wp-block-columns-is-layout-flex\">\n<div class=\"wp-block-column is-layout-flow wp-block-column-is-layout-flow\">\n<figure class=\"wp-block-image size-full is-style-twentytwentyone-border\"><a href=\"https:\/\/oma.skoletjenesten.no\/wp-content\/uploads\/2025\/08\/30_-Israelhetsfleip-1_Opera-Bilde_2025-08-09_134238_www.reddit.com_.png\" target=\"_blank\" rel=\" noreferrer noopener\"><img loading=\"lazy\" decoding=\"async\" width=\"825\" height=\"236\" src=\"https:\/\/oma.skoletjenesten.no\/wp-content\/uploads\/2025\/08\/30_-Israelhetsfleip-1_Opera-Bilde_2025-08-09_134238_www.reddit.com_.png\" alt=\"\" class=\"wp-image-2743\" srcset=\"https:\/\/oma.skoletjenesten.no\/wp-content\/uploads\/2025\/08\/30_-Israelhetsfleip-1_Opera-Bilde_2025-08-09_134238_www.reddit.com_.png 825w, https:\/\/oma.skoletjenesten.no\/wp-content\/uploads\/2025\/08\/30_-Israelhetsfleip-1_Opera-Bilde_2025-08-09_134238_www.reddit.com_-300x86.png 300w, https:\/\/oma.skoletjenesten.no\/wp-content\/uploads\/2025\/08\/30_-Israelhetsfleip-1_Opera-Bilde_2025-08-09_134238_www.reddit.com_-768x220.png 768w\" sizes=\"auto, (max-width: 825px) 100vw, 825px\" \/><\/a><figcaption class=\"wp-element-caption\"><strong>1.<\/strong> <br>Klikk for st\u00f8rre teksst.<\/figcaption><\/figure>\n<\/div>\n\n\n\n<div class=\"wp-block-column is-layout-flow wp-block-column-is-layout-flow\">\n<figure class=\"wp-block-image size-full is-style-twentytwentyone-border\"><img loading=\"lazy\" decoding=\"async\" width=\"357\" height=\"699\" src=\"https:\/\/oma.skoletjenesten.no\/wp-content\/uploads\/2025\/08\/30_Israelhetsfleip-2_Opera-Bilde_2025-08-09_134546_www.reddit.com_.png\" alt=\"\" class=\"wp-image-2744\" srcset=\"https:\/\/oma.skoletjenesten.no\/wp-content\/uploads\/2025\/08\/30_Israelhetsfleip-2_Opera-Bilde_2025-08-09_134546_www.reddit.com_.png 357w, https:\/\/oma.skoletjenesten.no\/wp-content\/uploads\/2025\/08\/30_Israelhetsfleip-2_Opera-Bilde_2025-08-09_134546_www.reddit.com_-153x300.png 153w\" sizes=\"auto, (max-width: 357px) 100vw, 357px\" \/><figcaption class=\"wp-element-caption\"><strong>2<\/strong><\/figcaption><\/figure>\n<\/div>\n<\/div>\n\n\n\n<p><a href=\"mailto:ttt@skoletjenesten.no?cc=&amp;bcc=&amp;subject=Vv%203\/34&amp;amptarget=\"><em>Kommenter denne notisen<\/em><\/a><\/p>\n\n\n\n<p class=\"has-text-align-center\">\u058e\u058e\u058e<\/p>\n\n\n\n<p id=\"KID\"><strong><em>Vv 4: KID. <\/em><\/strong>Bloggeren har f\u00e5tt en faktura fra B\u00e6rum kommune. KID-nummeret, som bloggeren m\u00e5 registrere manuelt, er p\u00e5 bare 18 siffer. \u00abBare\u00bb fordi det \u00e5penbart er plass til flere. Eller kanskje man kunne sette inn et par punktum eller mellomrom for \u00e5 gruppere sifrene. Bankene har gjort det med sine kontonummer, som har 11 sifre \u2013 13 posisjoner med de to punktumene.<\/p>\n\n\n\n<figure class=\"wp-block-image size-large is-style-twentytwentyone-border\"><img loading=\"lazy\" decoding=\"async\" width=\"1024\" height=\"126\" src=\"https:\/\/oma.skoletjenesten.no\/wp-content\/uploads\/2025\/08\/40_KID_OK-1024x126.jpg\" alt=\"\" class=\"wp-image-2745\" srcset=\"https:\/\/oma.skoletjenesten.no\/wp-content\/uploads\/2025\/08\/40_KID_OK-1024x126.jpg 1024w, https:\/\/oma.skoletjenesten.no\/wp-content\/uploads\/2025\/08\/40_KID_OK-300x37.jpg 300w, https:\/\/oma.skoletjenesten.no\/wp-content\/uploads\/2025\/08\/40_KID_OK-768x94.jpg 768w, https:\/\/oma.skoletjenesten.no\/wp-content\/uploads\/2025\/08\/40_KID_OK-1536x189.jpg 1536w, https:\/\/oma.skoletjenesten.no\/wp-content\/uploads\/2025\/08\/40_KID_OK-2048x252.jpg 2048w, https:\/\/oma.skoletjenesten.no\/wp-content\/uploads\/2025\/08\/40_KID_OK-1568x193.jpg 1568w\" sizes=\"auto, (max-width: 1024px) 100vw, 1024px\" \/><figcaption class=\"wp-element-caption\">KID&lt;-nummer med atten sifre. Det et plass til flere.<\/figcaption><\/figure>\n\n\n\n<p><a href=\"mailto:ttt@skoletjenesten.no?cc=&amp;bcc=&amp;subject=Vv%204\/34&amp;amptarget=\"><em>Kommenter denne notisen<\/em><\/a><\/p>\n\n\n\n<p class=\"has-text-align-center\">\u058e\u058e\u058e<\/p>\n\n\n\n<p><strong><em>Vv 5: Ctrl+hjul.<\/em><\/strong> Et brukertips til de som leser dette med en datamus i sin h\u00f8yre eller venstre h\u00e5nd: Hjulet p\u00e5 musen (hvis den er utstyrt med et slikt) har flere funksjoner. De fleste bruker hjulet til \u00e5 rulle opp eller ned p\u00e5 en side. Kombinert med ctrl-tasten kan det ogs\u00e5 forst\u00f8rre teksten, slik at den blir lettere \u00e5 lese (dette virker ikke overalt).<\/p>\n\n\n\n<p><a href=\"mailto:ttt@skoletjenesten.no?cc=&amp;bcc=&amp;subject=Vv%205\/34&amp;amptarget=\"><em>Kommenter denne notisen<\/em><\/a><\/p>\n\n\n\n<p class=\"has-text-align-center\">\u058e\u058e\u058e<\/p>\n\n\n<div class=\"wp-block-image is-style-twentytwentyone-border\">\n<figure class=\"alignright size-full\"><a href=\"http:\/\/ttt.skoletjenesten.no\/wp-content\/uploads\/2025\/07\/60_Fyld-og-slagsmaal_Budstikka%2016-08-1926-pages_2.pdf\" target=\"_blank\" rel=\" noreferrer noopener\"><img loading=\"lazy\" decoding=\"async\" width=\"547\" height=\"818\" src=\"https:\/\/oma.skoletjenesten.no\/wp-content\/uploads\/2025\/08\/60_Fyld-og-slagsmaal_OK_Budstikka2016-08-1926-pages_2.jpg\" alt=\"\" class=\"wp-image-2746\" srcset=\"https:\/\/oma.skoletjenesten.no\/wp-content\/uploads\/2025\/08\/60_Fyld-og-slagsmaal_OK_Budstikka2016-08-1926-pages_2.jpg 547w, https:\/\/oma.skoletjenesten.no\/wp-content\/uploads\/2025\/08\/60_Fyld-og-slagsmaal_OK_Budstikka2016-08-1926-pages_2-201x300.jpg 201w\" sizes=\"auto, (max-width: 547px) 100vw, 547px\" \/><\/a><figcaption class=\"wp-element-caption\">Asker og B\u00e6rums Budstikke 8. august 1925.<\/figcaption><\/figure>\n<\/div>\n\n\n<p><strong><em>Vv 6: Politi.<\/em> <\/strong>Det var hurlumhei i Sandvika en dag for hundre \u00e5r siden. \u00abEt selskap fra Oslo\u00bb \u2013 selvf\u00f8lgelig. Politiet m\u00e5tte ordne opp, og hendelsen fikk plass p\u00e5 f\u00f8rste side i lokalavisen under tittelen \u00abFyld og slagsmaal \u2013 En kvindelig arrestant\u00bb.<\/p>\n\n\n\n<p>.<\/p>\n\n\n\n<p>.<\/p>\n\n\n\n<p>.<\/p>\n\n\n\n<p><a href=\"mailto:ttt@skoletjenesten.no?cc=&amp;bcc=&amp;subject=Vv%206\/34&amp;amptarget=\"><em>Kommenter denne notisen<\/em><\/a><\/p>\n\n\n\n<p class=\"has-text-align-center\">\u058e\u058e\u058e<\/p>\n\n\n\n<p><strong><em>Vv 7: Utaskj\u00e6rs.<\/em><\/strong> For mange \u00e5r siden var bloggeren utsendt til et kort opphold i Riyadh, hovedstaden i Saudi-Arabia. Reisen dit foregikk i tre etapper: med SAS til Kastrup, med Korean Airways til Jeddah og med Saudi Air til Riyadh. P\u00e5 alle tre etappene var det sikkerhetsinstruks. Flyvertinnene pekte p\u00e5 n\u00f8dutganger og demonstrerte bruken av surstoffapparat og flytevest. P\u00e5 den siste etappen var instruksen grundigere, og begynte med at flyvertinnen holdt opp et l\u00f8st setebelte og sa: \u00abThis is a seat belt.\u00bb<\/p>\n\n\n\n<p><a href=\"mailto:ttt@skoletjenesten.no?cc=&amp;bcc=&amp;subject=Vv%207\/34&amp;amptarget=\"><em>Kommenter denne notisen<\/em><\/a><\/p>\n\n\n\n<p class=\"has-text-align-center\">\u058e\u058e\u058e<\/p>\n\n\n\n<p><strong><em>Vv 8: MGP\/ESC.<\/em><\/strong> Slik bloggeren forst\u00e5r kulturreporter Julia Muggerud i den skattefinansierte radiokanalen NRK, skal neste \u00e5rs europeiske finale i Melodi Grand Prix foreg\u00e5 i Bamble.<\/p>\n\n\n\n<figure class=\"wp-block-audio\"><audio controls src=\"https:\/\/oma.skoletjenesten.no\/wp-content\/uploads\/2025\/08\/80_WienerStadthalle-Stathelle_250820_NRK-AlltidNyheter_JuliaMuggerud_Studiosamtale.mp3\"><\/audio><figcaption class=\"wp-element-caption\">Julia Muggerud forteller om Wiener Stadthalle,<\/figcaption><\/figure>\n\n\n\n<p><a href=\"mailto:ttt@skoletjenesten.no?cc=&amp;bcc=&amp;subject=Vv%208\/34&amp;amptarget=\"><em>Kommenter denne notisen<\/em><\/a><\/p>\n\n\n\n<p class=\"has-text-align-center\">\u058e\u058e\u058e<\/p>\n\n\n\n<p><strong><em>Vv 9: Stengetid.<\/em><\/strong> Begrepene <em>stengetid<\/em> og <em>\u00e5pningstid<\/em> r\u00f8per to ulike innfallsvinkler til tilgjengelighet. Bloggeren husker enn\u00e5 forbruker- og administrasjonsminister <a href=\"https:\/\/nbl.snl.no\/Astrid_Gjertsen\" data-type=\"link\" data-id=\"https:\/\/nbl.snl.no\/Astrid_Gjertsen\" target=\"_blank\" rel=\"noreferrer noopener\">Astrid Gjertsen<\/a>, som fikk avskaffet <em>lukkeloven<\/em> til fordel for <em>\u00e5pningstidsloven<\/em>.<\/p>\n\n\n\n<figure class=\"wp-block-image size-full is-style-twentytwentyone-border\"><img loading=\"lazy\" decoding=\"async\" width=\"862\" height=\"724\" src=\"https:\/\/oma.skoletjenesten.no\/wp-content\/uploads\/2025\/08\/90_Tegneserie-Bar_1975-0822_Opera-Bilde_2025-08-17_135011_eavis.budstikka.no_.png\" alt=\"\" class=\"wp-image-2748\" srcset=\"https:\/\/oma.skoletjenesten.no\/wp-content\/uploads\/2025\/08\/90_Tegneserie-Bar_1975-0822_Opera-Bilde_2025-08-17_135011_eavis.budstikka.no_.png 862w, https:\/\/oma.skoletjenesten.no\/wp-content\/uploads\/2025\/08\/90_Tegneserie-Bar_1975-0822_Opera-Bilde_2025-08-17_135011_eavis.budstikka.no_-300x252.png 300w, https:\/\/oma.skoletjenesten.no\/wp-content\/uploads\/2025\/08\/90_Tegneserie-Bar_1975-0822_Opera-Bilde_2025-08-17_135011_eavis.budstikka.no_-768x645.png 768w\" sizes=\"auto, (max-width: 862px) 100vw, 862px\" \/><\/figure>\n\n\n\n<p><a href=\"mailto:ttt@skoletjenesten.no?cc=&amp;bcc=&amp;subject=Vv%209\/34&amp;amptarget=\"><em>Kommenter denne notisen<\/em><\/a><\/p>\n\n\n\n<div style=\"height:100px\" aria-hidden=\"true\" class=\"wp-block-spacer\"><\/div>\n\n\n\n<hr class=\"wp-block-separator has-alpha-channel-opacity\"\/>\n\n\n\n<p class=\"has-text-align-center\"><em><a href=\"https:\/\/oma.skoletjenesten.no\/?p=2730\">Til innholdsliste for denne utgaven<\/a><\/em><\/p>\n","protected":false},"excerpt":{"rendered":"<p>Denne spalten het tidligere Alternative fakta, som fortsatt er kategori-betegnelsen. I Alternative fakta l\u00e5 vekten ofte mer p\u00e5 det alternative enn p\u00e5 fakta. Her i Virtuell virkelighet kan vekten&nbsp; ligge mer p\u00e5 det virtuelle enn p\u00e5 virkeligheten. Navneskiftet ble forklart i siste utgave av Alternative fakta 15. januar 2021. Vv 1: 24.08. Over i morgen,&hellip; <a class=\"more-link\" href=\"https:\/\/oma.skoletjenesten.no\/?p=2741\">Fortsett \u00e5 lese <span class=\"screen-reader-text\">Virtuell virkelighet 33\/34<\/span><\/a><\/p>\n","protected":false},"author":1,"featured_media":0,"comment_status":"open","ping_status":"open","sticky":false,"template":"","format":"standard","meta":{"footnotes":""},"categories":[11],"tags":[],"class_list":["post-2741","post","type-post","status-publish","format-standard","hentry","category-alternative-fakta","entry"],"_links":{"self":[{"href":"https:\/\/oma.skoletjenesten.no\/index.php?rest_route=\/wp\/v2\/posts\/2741","targetHints":{"allow":["GET"]}}],"collection":[{"href":"https:\/\/oma.skoletjenesten.no\/index.php?rest_route=\/wp\/v2\/posts"}],"about":[{"href":"https:\/\/oma.skoletjenesten.no\/index.php?rest_route=\/wp\/v2\/types\/post"}],"author":[{"embeddable":true,"href":"https:\/\/oma.skoletjenesten.no\/index.php?rest_route=\/wp\/v2\/users\/1"}],"replies":[{"embeddable":true,"href":"https:\/\/oma.skoletjenesten.no\/index.php?rest_route=%2Fwp%2Fv2%2Fcomments&post=2741"}],"version-history":[{"count":10,"href":"https:\/\/oma.skoletjenesten.no\/index.php?rest_route=\/wp\/v2\/posts\/2741\/revisions"}],"predecessor-version":[{"id":2784,"href":"https:\/\/oma.skoletjenesten.no\/index.php?rest_route=\/wp\/v2\/posts\/2741\/revisions\/2784"}],"wp:attachment":[{"href":"https:\/\/oma.skoletjenesten.no\/index.php?rest_route=%2Fwp%2Fv2%2Fmedia&parent=2741"}],"wp:term":[{"taxonomy":"category","embeddable":true,"href":"https:\/\/oma.skoletjenesten.no\/index.php?rest_route=%2Fwp%2Fv2%2Fcategories&post=2741"},{"taxonomy":"post_tag","embeddable":true,"href":"https:\/\/oma.skoletjenesten.no\/index.php?rest_route=%2Fwp%2Fv2%2Ftags&post=2741"}],"curies":[{"name":"wp","href":"https:\/\/api.w.org\/{rel}","templated":true}]}}