{"id":2702,"date":"2025-08-15T14:44:08","date_gmt":"2025-08-15T14:44:08","guid":{"rendered":"https:\/\/oma.skoletjenesten.no\/?p=2702"},"modified":"2026-02-05T22:04:59","modified_gmt":"2026-02-05T22:04:59","slug":"virtuell-virkelighet-32-25","status":"publish","type":"post","link":"https:\/\/oma.skoletjenesten.no\/?p=2702","title":{"rendered":"Virtuell virkelighet 32\/25"},"content":{"rendered":"\n<p><small>Denne spalten het tidligere <em>Alternative fakta<\/em>, som fortsatt er kategori-betegnelsen. I<em> Alternative fakta<\/em> l\u00e5 vekten ofte mer p\u00e5 det alternative enn p\u00e5 fakta. Her i <em>Virtuell virkelighet<\/em> kan vekten&nbsp; ligge mer p\u00e5 det virtuelle enn p\u00e5 virkeligheten.<\/small><\/p>\n\n\n\n<p><small>Navneskiftet ble forklart i <a href=\"http:\/\/ttt.skoletjenesten.no\/alternative-fakta-3-21\/\" target=\"_blank\" rel=\"noreferrer noopener\">siste utgave av Alternative fakta 15. januar 2021<\/a>.<\/small><\/p>\n\n\n\n<hr class=\"wp-block-separator has-alpha-channel-opacity\"\/>\n\n\n\n<p><strong><em>Vv 1: Epleplukk.<\/em><\/strong> Helgen 14. og 15. september foreg\u00e5r \u00e5rets epleplukking p\u00e5 Langset (v\u00e6rutsiktene avgj\u00f8r hovedinnsatsdagen). Alle bloggens lesere er velkommen til \u00e5 delta og f\u00e5 med seg sin andel av epleh\u00f8sten.<\/p>\n\n\n\n<p><a href=\"mailto:ttt@skoletjenesten.no?cc=&amp;bcc=&amp;subject=Vv%201\/33&amp;amptarget=\"><em>Kommenter denne notisen<\/em><\/a><\/p>\n\n\n\n<p class=\"has-text-align-center\">\u058e\u058e\u058e<\/p>\n\n\n\n<p><strong><em>Vv 2: Fremmedspr\u00e5k.<\/em><\/strong> I dag m\u00f8tes presidentene Putin og Trump (eller omvendt) i Alaska. Den skattefinansierte radiokanalen NRK bruker kunstig intelligens til \u00e5 uttale navnet p\u00e5 byen Anchorage, der toppm\u00f8tet foreg\u00e5r:<\/p>\n\n\n\n<figure class=\"wp-block-audio\"><audio controls src=\"https:\/\/oma.skoletjenesten.no\/wp-content\/uploads\/2025\/08\/20_Anchorage-KIuttale_250813_NRK-AlltidNyheter_Talemaskin_Reportasje.mp3\"><\/audio><figcaption class=\"wp-element-caption\">NRK Alltid nyheter 13. august 2025.<\/figcaption><\/figure>\n\n\n\n<p><a href=\"mailto:ttt@skoletjenesten.no?cc=&amp;bcc=&amp;subject=Vv%202\/33&amp;amptarget=\"><em>Kommenter denne notisen<\/em><\/a><\/p>\n\n\n\n<p class=\"has-text-align-center\">\u058e\u058e\u058e<\/p>\n\n\n<div class=\"wp-block-image is-style-twentytwentyone-border\">\n<figure class=\"alignright size-full\"><img loading=\"lazy\" decoding=\"async\" width=\"828\" height=\"513\" src=\"https:\/\/oma.skoletjenesten.no\/wp-content\/uploads\/2025\/08\/25_Partilogoer_MDGrunne-Ssp-Bebreiderpartiet.jpg\" alt=\"\" class=\"wp-image-2705\" srcset=\"https:\/\/oma.skoletjenesten.no\/wp-content\/uploads\/2025\/08\/25_Partilogoer_MDGrunne-Ssp-Bebreiderpartiet.jpg 828w, https:\/\/oma.skoletjenesten.no\/wp-content\/uploads\/2025\/08\/25_Partilogoer_MDGrunne-Ssp-Bebreiderpartiet-300x186.jpg 300w, https:\/\/oma.skoletjenesten.no\/wp-content\/uploads\/2025\/08\/25_Partilogoer_MDGrunne-Ssp-Bebreiderpartiet-768x476.jpg 768w\" sizes=\"auto, (max-width: 828px) 100vw, 828px\" \/><figcaption class=\"wp-element-caption\">Bebreiderpartiet og Sosialistisk senterparti har samme logo som for fire \u00e5r siden. Milj\u00f8partiet de grunne har skiftet leder.<\/figcaption><\/figure>\n<\/div>\n\n\n<p><strong><em>Vv 3: Logoer.<\/em><\/strong> Valgdagen er mindre enn en m\u00e5ned unna. Bloggeren bruker det som et p\u00e5skudd til igjen \u00e5 vise tre av de aktuelle partienes logoer. For ordens skyld: Damen p\u00e5 bildet er siden forrige stortingsvalg byttet ut med en bergenser.<\/p>\n\n\n\n<p><a href=\"mailto:ttt@skoletjenesten.no?cc=&amp;bcc=&amp;subject=Vv%203\/33&amp;amptarget=\"><em>Kommenter denne notisen<\/em><\/a><\/p>\n\n\n\n<p class=\"has-text-align-center\" id=\"norsk-laks-til-israel\">\u058e\u058e\u058e<\/p>\n\n\n<div class=\"wp-block-image is-style-twentytwentyone-border\">\n<figure class=\"alignright size-full\"><img loading=\"lazy\" decoding=\"async\" width=\"736\" height=\"330\" src=\"https:\/\/oma.skoletjenesten.no\/wp-content\/uploads\/2025\/08\/30_Laks-Isael_Opera-Bilde_2025-08-13_221406_www.fiskeribladet.no_.png\" alt=\"\" class=\"wp-image-2706\" srcset=\"https:\/\/oma.skoletjenesten.no\/wp-content\/uploads\/2025\/08\/30_Laks-Isael_Opera-Bilde_2025-08-13_221406_www.fiskeribladet.no_.png 736w, https:\/\/oma.skoletjenesten.no\/wp-content\/uploads\/2025\/08\/30_Laks-Isael_Opera-Bilde_2025-08-13_221406_www.fiskeribladet.no_-300x135.png 300w\" sizes=\"auto, (max-width: 736px) 100vw, 736px\" \/><figcaption class=\"wp-element-caption\">Norsk st\u00f8tte til folkemord?<\/figcaption><\/figure>\n<\/div>\n\n\n<p><strong><em>Vv 4: Laks-1.<\/em><\/strong> Norge eksporterer \u00e5rlig mer enn 20.000 tonn laks til Israel. Det er sv\u00e6rt sannsynlig at noe av denne laksen spises av IDF-soldater. Dermed kan Norge v\u00e6re medvirkende til folkemord?<\/p>\n\n\n\n<p><a href=\"mailto:ttt@skoletjenesten.no?cc=&amp;bcc=&amp;subject=Vv%204\/33&amp;amptarget=\"><em>Kommenter denne notisen<\/em><\/a><\/p>\n\n\n\n<p class=\"has-text-align-center\">\u058e\u058e\u058e<\/p>\n\n\n\n<p><strong><em>Vv 5:<strong> Laks-<\/strong>2.<\/em><\/strong> Ogs\u00e5 i Canada blir norsk laks knyttet til folkemord. Eller ble det \u2013 i 2010, da saken ble<a href=\"https:\/\/www.aftenposten.no\/verden\/i\/mBzXE\/oppdrett-er-folkemord\" data-type=\"link\" data-id=\"https:\/\/www.aftenposten.no\/verden\/i\/mBzXE\/oppdrett-er-folkemord\" target=\"_blank\" rel=\"noreferrer noopener\"> omtalt i Aftenposten<\/a>.. Vi m\u00e5 nok spise laksen selv.<\/p>\n\n\n\n<p><a href=\"mailto:ttt@skoletjenesten.no?cc=&amp;bcc=&amp;subject=Vv%205\/33&amp;amptarget=\"><em>Kommenter denne notisen<\/em><\/a><\/p>\n\n\n\n<p class=\"has-text-align-center\">\u058e\u058e\u058e<\/p>\n\n\n<div class=\"wp-block-image is-style-twentytwentyone-border\">\n<figure class=\"alignright size-full\"><a href=\"https:\/\/oma.skoletjenesten.no\/wp-content\/uploads\/2025\/08\/35_4450_Israel-Svin-importrestriksjoner_OK_Opera-Bilde_2025-08-11_222935_www.mattilsynet.no_.jpg\" target=\"_blank\" rel=\" noreferrer noopener\"><img loading=\"lazy\" decoding=\"async\" width=\"854\" height=\"387\" src=\"https:\/\/oma.skoletjenesten.no\/wp-content\/uploads\/2025\/08\/35_4450_Israel-Svin-importrestriksjoner_OK_Opera-Bilde_2025-08-11_222935_www.mattilsynet.no_.jpg\" alt=\"\" class=\"wp-image-2707\" srcset=\"https:\/\/oma.skoletjenesten.no\/wp-content\/uploads\/2025\/08\/35_4450_Israel-Svin-importrestriksjoner_OK_Opera-Bilde_2025-08-11_222935_www.mattilsynet.no_.jpg 854w, https:\/\/oma.skoletjenesten.no\/wp-content\/uploads\/2025\/08\/35_4450_Israel-Svin-importrestriksjoner_OK_Opera-Bilde_2025-08-11_222935_www.mattilsynet.no_-300x136.jpg 300w, https:\/\/oma.skoletjenesten.no\/wp-content\/uploads\/2025\/08\/35_4450_Israel-Svin-importrestriksjoner_OK_Opera-Bilde_2025-08-11_222935_www.mattilsynet.no_-768x348.jpg 768w\" sizes=\"auto, (max-width: 854px) 100vw, 854px\" \/><\/a><figcaption class=\"wp-element-caption\">Fra Mattilsynets nettsider.<\/figcaption><\/figure>\n<\/div>\n\n\n<p><strong><em>Vv 6: Restriksjoner.<\/em><\/strong> Det er mange teorier om hvorfor j\u00f8der ikke spiser svin (det gj\u00f8r forresten ikke muslimer, heller). En forklaring kan ligge i frykten for husdyrsykdommer. Mattilsynet redegj\u00f8r p\u00e5 sine nettsider (klippet ved siden av) om restriksjoner ved eksport av matvarer til Israel.<\/p>\n\n\n\n<p><a href=\"mailto:ttt@skoletjenesten.no?cc=&amp;bcc=&amp;subject=Vv%206\/33&amp;amptarget=\"><em>Kommenter denne notisen<\/em><\/a><\/p>\n\n\n\n<p class=\"has-text-align-center\">\u058e\u058e\u058e<\/p>\n\n\n<div class=\"wp-block-image is-style-twentytwentyone-border\">\n<figure class=\"alignright size-full\"><img loading=\"lazy\" decoding=\"async\" width=\"512\" height=\"512\" src=\"https:\/\/oma.skoletjenesten.no\/wp-content\/uploads\/2025\/08\/40_Barth-WhatsApp-Bilde-2025-08-10-kl.-18.44.42_c6f999ab.jpg\" alt=\"\" class=\"wp-image-2708\" srcset=\"https:\/\/oma.skoletjenesten.no\/wp-content\/uploads\/2025\/08\/40_Barth-WhatsApp-Bilde-2025-08-10-kl.-18.44.42_c6f999ab.jpg 512w, https:\/\/oma.skoletjenesten.no\/wp-content\/uploads\/2025\/08\/40_Barth-WhatsApp-Bilde-2025-08-10-kl.-18.44.42_c6f999ab-300x300.jpg 300w, https:\/\/oma.skoletjenesten.no\/wp-content\/uploads\/2025\/08\/40_Barth-WhatsApp-Bilde-2025-08-10-kl.-18.44.42_c6f999ab-150x150.jpg 150w\" sizes=\"auto, (max-width: 512px) 100vw, 512px\" \/><figcaption class=\"wp-element-caption\">Jonas Barth Stoltenberg.<\/figcaption><\/figure>\n<\/div>\n\n\n<p><strong><em>Vv 7: Rystet?<\/em><\/strong> Bloggen har mottatt bildet ved siden av med p\u00e5stand om at det viser klima- og utenriksminister Espen Barth Eide da han fikk h\u00f8re om Netanyahus plan om \u00e5 ta full kontroll over Gazastripen. Men ministeren bruker da briller? Bloggeren tror bildet viser Jonas Barth Stoltenberg da han fikk vite at norsk lakse-eksport st\u00f8tter folkemord (se Vv-4)<\/p>\n\n\n\n<p><a href=\"mailto:ttt@skoletjenesten.no?cc=&amp;bcc=&amp;subject=Vv%207\/33&amp;amptarget=\"><em>Kommenter denne notisen<\/em><\/a><\/p>\n\n\n\n<p class=\"has-text-align-center\">\u058e\u058e\u058e<\/p>\n\n\n\n<p><strong><em>Vv 8: Klarinett-tuba.<\/em><\/strong> I forrige \u00e5rhundre gjorde Ytre Sul\u00f8ens Jassensemble en innspilling av <em>High Society<\/em>. I l\u00e5ten spilles den f\u00f8rste soloen vanligvis av en klarinett. Ytre Sul\u00f8en lot sin tubaist, <a href=\"https:\/\/no.wikipedia.org\/wiki\/Stein_Erik_Tafjord\" data-type=\"link\" data-id=\"https:\/\/no.wikipedia.org\/wiki\/Stein_Erik_Tafjord\" target=\"_blank\" rel=\"noreferrer noopener\">Stein Erik Tafjord<\/a>, ta dette partiet (klarinetten spiller omtrent det samme senere), noe som stadig gleder bloggeren \u2013 en glede han gjerne deler:<\/p>\n\n\n\n<figure class=\"wp-block-embed is-type-video is-provider-youtube wp-block-embed-youtube wp-embed-aspect-4-3 wp-has-aspect-ratio\"><div class=\"wp-block-embed__wrapper\">\n<iframe loading=\"lazy\" title=\"High Society\" width=\"750\" height=\"563\" src=\"https:\/\/www.youtube.com\/embed\/sSunD8vPjpY?feature=oembed\" frameborder=\"0\" allow=\"accelerometer; autoplay; clipboard-write; encrypted-media; gyroscope; picture-in-picture; web-share\" referrerpolicy=\"strict-origin-when-cross-origin\" allowfullscreen><\/iframe>\n<\/div><\/figure>\n\n\n\n<p class=\"has-text-align-center\"><a href=\"mailto:ttt@skoletjenesten.no?cc=&amp;bcc=&amp;subject=Vv%208\/33&amp;amptarget=\"><em>Kommenter denne notisen<\/em><\/a><\/p>\n\n\n\n<p class=\"has-text-align-center\">\u058e\u058e\u058e<\/p>\n\n\n\n<p><strong><em>Vv 9: Beredskap.<\/em><\/strong> De urolige tidene vi lever i, gj\u00f8r at beredskapen m\u00e5 v\u00e6re p\u00e5 topp. Tenk ogs\u00e5 over hvilke trusler som kan v\u00e6re aktuelle.<\/p>\n\n\n\n<figure class=\"wp-block-image size-large is-style-twentytwentyone-border\"><a href=\"https:\/\/oma.skoletjenesten.no\/wp-content\/uploads\/2025\/08\/90_Beredskap_Opera-Bilde_2025-08-03_210451_e-avis.aftenposten.no_.png\" target=\"_blank\" rel=\" noreferrer noopener\"><img loading=\"lazy\" decoding=\"async\" width=\"1024\" height=\"355\" src=\"https:\/\/oma.skoletjenesten.no\/wp-content\/uploads\/2025\/08\/90_Beredskap_Opera-Bilde_2025-08-03_210451_e-avis.aftenposten.no_-1024x355.png\" alt=\"\" class=\"wp-image-2709\" srcset=\"https:\/\/oma.skoletjenesten.no\/wp-content\/uploads\/2025\/08\/90_Beredskap_Opera-Bilde_2025-08-03_210451_e-avis.aftenposten.no_-1024x355.png 1024w, https:\/\/oma.skoletjenesten.no\/wp-content\/uploads\/2025\/08\/90_Beredskap_Opera-Bilde_2025-08-03_210451_e-avis.aftenposten.no_-300x104.png 300w, https:\/\/oma.skoletjenesten.no\/wp-content\/uploads\/2025\/08\/90_Beredskap_Opera-Bilde_2025-08-03_210451_e-avis.aftenposten.no_-768x266.png 768w, https:\/\/oma.skoletjenesten.no\/wp-content\/uploads\/2025\/08\/90_Beredskap_Opera-Bilde_2025-08-03_210451_e-avis.aftenposten.no_.png 1088w\" sizes=\"auto, (max-width: 1024px) 100vw, 1024px\" \/><\/a><figcaption class=\"wp-element-caption\">Aftenposten 3. august 2025.<\/figcaption><\/figure>\n\n\n\n<p><a href=\"mailto:ttt@skoletjenesten.no?cc=&amp;bcc=&amp;subject=Vv%209\/33&amp;amptarget=\"><em>Kommenter denne notisen<\/em><\/a><\/p>\n\n\n\n<div style=\"height:100px\" aria-hidden=\"true\" class=\"wp-block-spacer\"><\/div>\n\n\n\n<hr class=\"wp-block-separator has-alpha-channel-opacity\"\/>\n\n\n\n<p class=\"has-text-align-center\"><em><a href=\"https:\/\/oma.skoletjenesten.no\/?p=2712\">Til innholdsliste for denne utgaven<\/a><\/em><\/p>\n","protected":false},"excerpt":{"rendered":"<p>Denne spalten het tidligere Alternative fakta, som fortsatt er kategori-betegnelsen. I Alternative fakta l\u00e5 vekten ofte mer p\u00e5 det alternative enn p\u00e5 fakta. Her i Virtuell virkelighet kan vekten&nbsp; ligge mer p\u00e5 det virtuelle enn p\u00e5 virkeligheten. Navneskiftet ble forklart i siste utgave av Alternative fakta 15. januar 2021. Vv 1: Epleplukk. Helgen 14. og&hellip; <a class=\"more-link\" href=\"https:\/\/oma.skoletjenesten.no\/?p=2702\">Fortsett \u00e5 lese <span class=\"screen-reader-text\">Virtuell virkelighet 32\/25<\/span><\/a><\/p>\n","protected":false},"author":1,"featured_media":0,"comment_status":"open","ping_status":"open","sticky":false,"template":"","format":"standard","meta":{"footnotes":""},"categories":[11],"tags":[],"class_list":["post-2702","post","type-post","status-publish","format-standard","hentry","category-alternative-fakta","entry"],"_links":{"self":[{"href":"https:\/\/oma.skoletjenesten.no\/index.php?rest_route=\/wp\/v2\/posts\/2702","targetHints":{"allow":["GET"]}}],"collection":[{"href":"https:\/\/oma.skoletjenesten.no\/index.php?rest_route=\/wp\/v2\/posts"}],"about":[{"href":"https:\/\/oma.skoletjenesten.no\/index.php?rest_route=\/wp\/v2\/types\/post"}],"author":[{"embeddable":true,"href":"https:\/\/oma.skoletjenesten.no\/index.php?rest_route=\/wp\/v2\/users\/1"}],"replies":[{"embeddable":true,"href":"https:\/\/oma.skoletjenesten.no\/index.php?rest_route=%2Fwp%2Fv2%2Fcomments&post=2702"}],"version-history":[{"count":8,"href":"https:\/\/oma.skoletjenesten.no\/index.php?rest_route=\/wp\/v2\/posts\/2702\/revisions"}],"predecessor-version":[{"id":2813,"href":"https:\/\/oma.skoletjenesten.no\/index.php?rest_route=\/wp\/v2\/posts\/2702\/revisions\/2813"}],"wp:attachment":[{"href":"https:\/\/oma.skoletjenesten.no\/index.php?rest_route=%2Fwp%2Fv2%2Fmedia&parent=2702"}],"wp:term":[{"taxonomy":"category","embeddable":true,"href":"https:\/\/oma.skoletjenesten.no\/index.php?rest_route=%2Fwp%2Fv2%2Fcategories&post=2702"},{"taxonomy":"post_tag","embeddable":true,"href":"https:\/\/oma.skoletjenesten.no\/index.php?rest_route=%2Fwp%2Fv2%2Ftags&post=2702"}],"curies":[{"name":"wp","href":"https:\/\/api.w.org\/{rel}","templated":true}]}}