{"id":2651,"date":"2025-08-08T10:01:57","date_gmt":"2025-08-08T10:01:57","guid":{"rendered":"https:\/\/oma.skoletjenesten.no\/?p=2651"},"modified":"2026-02-05T22:05:27","modified_gmt":"2026-02-05T22:05:27","slug":"virtuell-virkelighet-31-25","status":"publish","type":"post","link":"https:\/\/oma.skoletjenesten.no\/?p=2651","title":{"rendered":"Virtuell virkelighet 31\/25"},"content":{"rendered":"\n<p><small>Denne spalten het tidligere <em>Alternative fakta<\/em>, som fortsatt er kategori-betegnelsen. I<em> Alternative fakta<\/em> l\u00e5 vekten ofte mer p\u00e5 det alternative enn p\u00e5 fakta. Her i <em>Virtuell virkelighet<\/em> kan vekten&nbsp; ligge mer p\u00e5 det virtuelle enn p\u00e5 virkeligheten.<\/small><\/p>\n\n\n\n<p><small>Navneskiftet ble forklart i <a href=\"http:\/\/ttt.skoletjenesten.no\/alternative-fakta-3-21\/\" target=\"_blank\" rel=\"noreferrer noopener\">siste utgave av Alternative fakta 15. januar 2021<\/a>.<\/small><\/p>\n\n\n\n<hr class=\"wp-block-separator has-alpha-channel-opacity\"\/>\n\n\n\n<p><strong><em>Vv 1: Sj\u00f8maritimt.<\/em><\/strong> For mer enn fem \u00e5r siden sto innlegget <em><a href=\"https:\/\/ttt.skoletjenesten.no\/maritimt-sprak-har-blitt-fremmedsprak\/\" data-type=\"link\" data-id=\"https:\/\/ttt.skoletjenesten.no\/maritimt-sprak-har-blitt-fremmedsprak\/\" target=\"_blank\" rel=\"noreferrer noopener\">Maritimt spr\u00e5k er blitt fremmedspr\u00e5k<\/a><\/em> her i bloggen. P\u00e5standen i tittelen ble bekreftet i et innslag serien som den skattefinansierte mediekanalen NRK hadde om den heltemodige damen som satt fire dager i israelsk fengsel etter \u00e5 ha v\u00e6rt p\u00e5 b\u00e5ttur i Middelhavet. I innslaget kunne Knut Brendhagen fortelle at b\u00e5ten hadde blitt <em>bordet<\/em>, og m\u00e5ten han uttalte ordet p\u00e5, f\u00e5r meg til \u00e5 lure p\u00e5 hvordan han uttaler et ord som <em>forhandlingsbordet<\/em>.<\/p>\n\n\n\n<figure class=\"wp-block-audio\"><audio controls src=\"https:\/\/oma.skoletjenesten.no\/wp-content\/uploads\/2025\/08\/10_Borde-et-skip-Uttalt-BAARRDE_NRK-Oestlandet_250731_KnutBrendhagen.mp3\"><\/audio><figcaption class=\"wp-element-caption\">NRK \u00d8stlandet 31. juli 2025.<\/figcaption><\/figure>\n\n\n\n<p><a href=\"mailto:ttt@skoletjenesten.no?cc=&amp;bcc=&amp;subject=Vv%201\/32&amp;amptarget=\"><em>Kommenter denne notisen<\/em><\/a><\/p>\n\n\n\n<p class=\"has-text-align-center\">\u058e\u058e\u058e<\/p>\n\n\n\n<p><strong><em>Vv 2: Badekarblod.<\/em><\/strong> Flere har uttrykt skuffelse over mangler i forrige ukes blogginnlegg <em><a href=\"https:\/\/oma.skoletjenesten.no\/?p=2574\" data-type=\"link\" data-id=\"https:\/\/oma.skoletjenesten.no\/?p=2574\" target=\"_blank\" rel=\"noreferrer noopener\">Valg og sang<\/a><\/em>. Skuffelsen gjelder det faktum at bare ett vers var tatt med av fra sangen om badekar med Unge H\u00f8yres blod. Til hjelp for allsangen kommer her <a href=\"http:\/\/ttt.skoletjenesten.no\/wp-content\/uploads\/2025\/07\/20_Den%20Raude%20Revolusjonen%20Kjem%21.html\" data-type=\"link\" data-id=\"ftp:\/\/onemanarmy@ftpcluster.loopia.se\/ttt.skoletjenesten.no\/public_html\/wp-content\/uploads\/2025\/07\/20_Den%20Raude%20Revolusjonen%20Kjem%21.html\" target=\"_blank\" rel=\"noreferrer noopener\">alle versene<\/a> \u2013 kopiert fra nettet med alle trykkfeil. De som synger denne sangen til melodien \u00abJohn Brown&#8217;s Body\u00bb, er selvsagt klar over at de bruker en USAnsk melodi.<\/p>\n\n\n\n<p><a href=\"mailto:ttt@skoletjenesten.no?cc=&amp;bcc=&amp;subject=Vv%202\/32&amp;amptarget=\"><em>Kommenter denne notisen<\/em><\/a><\/p>\n\n\n\n<p class=\"has-text-align-center\">\u058e\u058e\u058e<\/p>\n\n\n\n<p><strong><em>Vv 3: S\u00e6rmelding.<\/em><\/strong> Til orientering for interesserte gjengis en melding som ble sendt p\u00e5 den skattefinansierte radiokanalen NRK 17. juli.<\/p>\n\n\n\n<figure class=\"wp-block-audio\"><audio controls src=\"https:\/\/oma.skoletjenesten.no\/wp-content\/uploads\/2025\/08\/30_Fremmedspraak-uten-oversettelse_250417_NRK-AlltidNyheter_Syriareportasje.mp3\"><\/audio><figcaption class=\"wp-element-caption\">NRK Alltid Nyheter 17. juli 2025.<\/figcaption><\/figure>\n\n\n\n<p><a href=\"mailto:ttt@skoletjenesten.no?cc=&amp;bcc=&amp;subject=Vv%203\/32&amp;amptarget=\"><em>Kommenter denne notisen<\/em><\/a><\/p>\n\n\n\n<p class=\"has-text-align-center\">\u058e\u058e\u058e<\/p>\n\n\n\n<p><strong><em>Vv 4: Asia-R_1.<\/em><\/strong> Bloggeren ble for mange \u00e5r siden sendt p\u00e5 utenlandsoppdrag. P\u00e5 flyet ble han sittende ved siden av en koreaner, som var fullt orientert om den forgjeves jakten som da nettopp hadde foreg\u00e5tt i Sognefjorden etter en fremmed ub\u00e5t. For da han fikk vite at jeg kom fra Norge, var hans spontane kommentar: \u00abNoLway!? You didn&#8217;t catch that submaLine!&raquo;<\/p>\n\n\n\n<p><a href=\"mailto:ttt@skoletjenesten.no?cc=&amp;bcc=&amp;subject=Vv%204\/32&amp;amptarget=\"><em>Kommenter denne notisen<\/em><\/a><\/p>\n\n\n\n<p class=\"has-text-align-center\">\u058e\u058e\u058e<\/p>\n\n\n\n<p><strong><em>Vv 5: <strong>Asia-R_<\/strong>2.<\/em><\/strong> Under minneseremonien i Regjeringskvartalet for terroraksjonen 22. juli 2011 introduserte Kyong Park Basin talerne. Hun er f\u00f8dt i Korea, og etter mange \u00e5r i Norge har hun fortsatt problemer med norsk R, som for eksempel i navnet R\u00f8yneland.<\/p>\n\n\n\n<figure class=\"wp-block-audio\"><audio controls src=\"https:\/\/oma.skoletjenesten.no\/wp-content\/uploads\/2025\/08\/50_Asiatisk-Rlyd-LisbethLoyneland_250722_NRK-Minnesamling_OkKyongParkBhasin_Direktesending.mp3\"><\/audio><figcaption class=\"wp-element-caption\">NRK Alltid Nyheter 22. juli 2025.<\/figcaption><\/figure>\n\n\n\n<p><a href=\"mailto:ttt@skoletjenesten.no?cc=&amp;bcc=&amp;subject=Vv%205\/32&amp;amptarget=\"><em>Kommenter denne notisen<\/em><\/a><\/p>\n\n\n\n<p class=\"has-text-align-center\">\u058e\u058e\u058e<\/p>\n\n\n\n<p><strong><em>Vv 6: <strong>Asia-R_<\/strong>3.<\/em><\/strong> Det fortelles at den kinesiske diktatoren Mao Zedong en gang fikk dette sp\u00f8rsm\u00e5let av en utenlandsk journalist: \u00abWhen did you have your last election?\u00bb Svaret kom umiddelbart: \u00ab8:15 this moLning.\u00bb<\/p>\n\n\n\n<p><a href=\"mailto:ttt@skoletjenesten.no?cc=&amp;bcc=&amp;subject=Vv%206\/32&amp;amptarget=\"><em>Kommenter denne notisen<\/em><\/a><\/p>\n\n\n\n<p class=\"has-text-align-center\">\u058e\u058e\u058e<\/p>\n\n\n<div class=\"wp-block-image is-style-twentytwentyone-border\">\n<figure class=\"alignright size-full\"><img loading=\"lazy\" decoding=\"async\" width=\"538\" height=\"491\" src=\"https:\/\/oma.skoletjenesten.no\/wp-content\/uploads\/2025\/08\/70_SBC-Baerum-rundt_1925-0713_Opera-Bilde_2025-07-31_161902_eavis.budstikka.no_.png\" alt=\"\" class=\"wp-image-2657\" srcset=\"https:\/\/oma.skoletjenesten.no\/wp-content\/uploads\/2025\/08\/70_SBC-Baerum-rundt_1925-0713_Opera-Bilde_2025-07-31_161902_eavis.budstikka.no_.png 538w, https:\/\/oma.skoletjenesten.no\/wp-content\/uploads\/2025\/08\/70_SBC-Baerum-rundt_1925-0713_Opera-Bilde_2025-07-31_161902_eavis.budstikka.no_-300x274.png 300w\" sizes=\"auto, (max-width: 538px) 100vw, 538px\" \/><figcaption class=\"wp-element-caption\">Asker og B\u00e6rums Budstikke 13. juli 1925.<\/figcaption><\/figure>\n<\/div>\n\n\n<p><strong><em>Vv 7: Rundtur.<\/em><\/strong> En kj\u00f8retur B\u00e6rum rundt \u2013 formodentlig med datidens buss \u2013 kostet for 100 \u00e5r siden kr 4,75. Siden annonsen sto i m\u00e5nedsskiftet juli\/august, var nok sj\u00f8bad i Holtekilen alternativet n\u00e5r det var anledning til bad og dans(!). Bespisning p\u00e5 Strand restaurant var neppe inkludert i prisen.<\/p>\n\n\n\n<p><a href=\"mailto:ttt@skoletjenesten.no?cc=&amp;bcc=&amp;subject=Vv%207\/32&amp;amptarget=\"><em>Kommenter denne notisen<\/em><\/a><\/p>\n\n\n\n<p class=\"has-text-align-center\">\u058e\u058e\u058e<\/p>\n\n\n\n<p><strong><em>Vv 8: TV-radio.<\/em><\/strong> Den skattefinansierte radiokanalen NRK sendte nylig den optimale TV- radioopplevelsen:<\/p>\n\n\n\n<figure class=\"wp-block-audio\"><audio controls src=\"https:\/\/oma.skoletjenesten.no\/wp-content\/uploads\/2025\/08\/80_TVradio-Slik-ser-skjermene-ut_25730_NRK-AlltidNyheter_Talemaskin_Jordskjelvreportasje-.mp3\"><\/audio><figcaption class=\"wp-element-caption\">NRK Alltid Nyheter 30. juli 2025.<\/figcaption><\/figure>\n\n\n\n<p><a href=\"mailto:ttt@skoletjenesten.no?cc=&amp;bcc=&amp;subject=Vv%208\/32&amp;amptarget=\"><em>Kommenter denne notisen<\/em><\/a><\/p>\n\n\n\n<p class=\"has-text-align-center\">\u058e\u058e\u058e<\/p>\n\n\n\n<p><strong><em>Vv 9: Spesialsement.<\/em><\/strong> Bloggeren har begrenset murererfaring og har aldri pr\u00f8vd (eller tenkt p\u00e5) \u00e5 blande sukker i sementen. Det skal visst gi sm\u00f8rbar sement if\u00f8lge videoen nedenfor \u2013 funnet p\u00e5 <em>YouTube<\/em> under leting etter noe annet.<\/p>\n\n\n\n<figure class=\"wp-block-embed is-type-video is-provider-youtube wp-block-embed-youtube wp-embed-aspect-16-9 wp-has-aspect-ratio\"><div class=\"wp-block-embed__wrapper\">\n<iframe loading=\"lazy\" title=\"Mix SUGAR with CEMENT and see what most people don&#039;t even imagine happens!\" width=\"750\" height=\"422\" src=\"https:\/\/www.youtube.com\/embed\/k9QfZSJ6Ez8?feature=oembed\" frameborder=\"0\" allow=\"accelerometer; autoplay; clipboard-write; encrypted-media; gyroscope; picture-in-picture; web-share\" referrerpolicy=\"strict-origin-when-cross-origin\" allowfullscreen><\/iframe>\n<\/div><\/figure>\n\n\n\n<p><a href=\"mailto:ttt@skoletjenesten.no?cc=&amp;bcc=&amp;subject=Vv%209\/32&amp;amptarget=\"><em>Kommenter denne notisen<\/em><\/a><\/p>\n\n\n\n<div style=\"height:100px\" aria-hidden=\"true\" class=\"wp-block-spacer\"><\/div>\n\n\n\n<hr class=\"wp-block-separator has-alpha-channel-opacity\"\/>\n\n\n\n<p class=\"has-text-align-center\"><em><a href=\"https:\/\/oma.skoletjenesten.no\/?p=2666\">Til bloggens presentasjonsside<\/a><\/em><\/p>\n","protected":false},"excerpt":{"rendered":"<p>Denne spalten het tidligere Alternative fakta, som fortsatt er kategori-betegnelsen. I Alternative fakta l\u00e5 vekten ofte mer p\u00e5 det alternative enn p\u00e5 fakta. Her i Virtuell virkelighet kan vekten&nbsp; ligge mer p\u00e5 det virtuelle enn p\u00e5 virkeligheten. Navneskiftet ble forklart i siste utgave av Alternative fakta 15. januar 2021. Vv 1: Sj\u00f8maritimt. For mer enn&hellip; <a class=\"more-link\" href=\"https:\/\/oma.skoletjenesten.no\/?p=2651\">Fortsett \u00e5 lese <span class=\"screen-reader-text\">Virtuell virkelighet 31\/25<\/span><\/a><\/p>\n","protected":false},"author":1,"featured_media":0,"comment_status":"open","ping_status":"open","sticky":false,"template":"","format":"standard","meta":{"footnotes":""},"categories":[11],"tags":[],"class_list":["post-2651","post","type-post","status-publish","format-standard","hentry","category-alternative-fakta","entry"],"_links":{"self":[{"href":"https:\/\/oma.skoletjenesten.no\/index.php?rest_route=\/wp\/v2\/posts\/2651","targetHints":{"allow":["GET"]}}],"collection":[{"href":"https:\/\/oma.skoletjenesten.no\/index.php?rest_route=\/wp\/v2\/posts"}],"about":[{"href":"https:\/\/oma.skoletjenesten.no\/index.php?rest_route=\/wp\/v2\/types\/post"}],"author":[{"embeddable":true,"href":"https:\/\/oma.skoletjenesten.no\/index.php?rest_route=\/wp\/v2\/users\/1"}],"replies":[{"embeddable":true,"href":"https:\/\/oma.skoletjenesten.no\/index.php?rest_route=%2Fwp%2Fv2%2Fcomments&post=2651"}],"version-history":[{"count":8,"href":"https:\/\/oma.skoletjenesten.no\/index.php?rest_route=\/wp\/v2\/posts\/2651\/revisions"}],"predecessor-version":[{"id":2678,"href":"https:\/\/oma.skoletjenesten.no\/index.php?rest_route=\/wp\/v2\/posts\/2651\/revisions\/2678"}],"wp:attachment":[{"href":"https:\/\/oma.skoletjenesten.no\/index.php?rest_route=%2Fwp%2Fv2%2Fmedia&parent=2651"}],"wp:term":[{"taxonomy":"category","embeddable":true,"href":"https:\/\/oma.skoletjenesten.no\/index.php?rest_route=%2Fwp%2Fv2%2Fcategories&post=2651"},{"taxonomy":"post_tag","embeddable":true,"href":"https:\/\/oma.skoletjenesten.no\/index.php?rest_route=%2Fwp%2Fv2%2Ftags&post=2651"}],"curies":[{"name":"wp","href":"https:\/\/api.w.org\/{rel}","templated":true}]}}