{"id":2574,"date":"2025-08-01T10:01:09","date_gmt":"2025-08-01T10:01:09","guid":{"rendered":"https:\/\/oma.skoletjenesten.no\/?p=2574"},"modified":"2025-08-01T20:49:13","modified_gmt":"2025-08-01T20:49:13","slug":"valg-og-sang","status":"publish","type":"post","link":"https:\/\/oma.skoletjenesten.no\/?p=2574","title":{"rendered":"Valg og sang"},"content":{"rendered":"\n<p>De store politiske partiene \u2013 i hvert fall Ap og H\u00f8yre \u2013 har begynt valgkampen. Det blir nok deres hovedbeskjeftigelse i tiden frem til stortingsvalget. Valgdagen er mandag 8. september (i enkelte kommuner ogs\u00e5 s\u00f8ndag 7.), s\u00e5 det er enn\u00e5 tid til \u00e5 tenke seg om, for eksempel ved \u00e5 lese denne bloggens innlegg om tidligere valg.<\/p>\n\n\n\n<p>Tirsdag 22. juli var det minneseremoni i Regjeringskvartalet for terrorhandlingene der og p\u00e5 Ut\u00f8ya i 2011. B\u00e5de AUF-leder Gaute Skjerv\u00f8 og Ap-leder Jonas Gahr St\u00f8re holdt tale. Begge var opptatt av hvordan ord kan f\u00f8re til handling. Det fikk meg til \u00e5 tenke p\u00e5 og lete opp Ut\u00f8ya-sangtekster jeg har h\u00f8rt om. Jeg fant den nedenfor (mel.: <em>John Browns Body<\/em>), men den m\u00e5 leses sammen med forbeholdet (gjengitt etter verset) som min kilde (<a href=\"https:\/\/rosjo.me\/2022\/08\/31\/vi-skjot-hver-jaevla-kommunist-og-gustavsen-isaer\" data-type=\"link\" data-id=\"https:\/\/rosjo.me\/2022\/08\/31\/vi-skjot-hver-jaevla-kommunist-og-gustavsen-isaer\" target=\"_blank\" rel=\"noreferrer noopener\">Bjarne R\u00f8sj\u00f8s blogg<\/a>) tar n\u00e5r det gjelder tolkning av teksten i dag.<\/p>\n\n\n\n<p>Vi skal fylle v\u00e5re badekar med Unge H\u00f8yres blod<br>Vi skal fylle v\u00e5re badekar med Unge H\u00f8yres blod<br>Vi skal fylle v\u00e5re badekar med Unge H\u00f8yres blod!<br>When the red revolution comes!<br><em>(P\u00e5 h\u00f8yresiden i det politiske landskapet skjer det fortsatt fra tid til annen at folk finner spor etter denne sangen og forlanger at n\u00e5v\u00e6rende R\u00f8dt-medlemmer skal ta et oppgj\u00f8r med de voldsromantisende holdningene som sangteksten gir uttrykk for.)<\/em><\/p>\n\n\n\n<p>At dette er en ekte AUF-sang, fant jeg dokumentasjon p\u00e5 i artikkelen <em><a href=\"https:\/\/www.scup.com\/doi\/10.18261\/issn.2387-5879-2018-01-07\" data-type=\"link\" data-id=\"https:\/\/www.scup.com\/doi\/10.18261\/issn.2387-5879-2018-01-07\" target=\"_blank\" rel=\"noreferrer noopener\">Allsang i arbeiderbevegelsen<\/a><\/em> av historieprofessor Knut Kjelstadli.<\/p>\n\n\n\n<p>Denne bloggen har sin egen <a href=\"https:\/\/ttt.skoletjenesten.no\/valg-om-en-maned-statsministerkandidatene\/#valgkampsang\" data-type=\"link\" data-id=\"https:\/\/ttt.skoletjenesten.no\/valg-om-en-maned-statsministerkandidatene\/#valgkampsang\" target=\"_blank\" rel=\"noreferrer noopener\">valgkampsang<\/a>. Den ble lansert for fire \u00e5r siden, og kunne brukes av alle de tre som da var statsministerkandidater (St\u00f8re, Solberg og Vedum). I \u00e5r er Vedum byttet ut med Listhaug, men siden begge navnene har to stavelser, er det greit nok for sangens del.<\/p>\n\n\n<div class=\"wp-block-image\">\n<figure class=\"alignright size-large\"><a href=\"http:\/\/ttt.skoletjenesten.no\/wp-content\/uploads\/2025\/07\/Nei-og-ja-til-EU_Aftenposten%209.%20mai%202025.pdf\" target=\"_blank\" rel=\" noreferrer noopener\"><img loading=\"lazy\" decoding=\"async\" width=\"1024\" height=\"733\" src=\"https:\/\/oma.skoletjenesten.no\/wp-content\/uploads\/2025\/07\/Nei-og-ja-til-EU_OK_Aftenposten-9.-mai-2025-1024x733.jpg\" alt=\"\" class=\"wp-image-2575\" srcset=\"https:\/\/oma.skoletjenesten.no\/wp-content\/uploads\/2025\/07\/Nei-og-ja-til-EU_OK_Aftenposten-9.-mai-2025-1024x733.jpg 1024w, https:\/\/oma.skoletjenesten.no\/wp-content\/uploads\/2025\/07\/Nei-og-ja-til-EU_OK_Aftenposten-9.-mai-2025-300x215.jpg 300w, https:\/\/oma.skoletjenesten.no\/wp-content\/uploads\/2025\/07\/Nei-og-ja-til-EU_OK_Aftenposten-9.-mai-2025-768x550.jpg 768w, https:\/\/oma.skoletjenesten.no\/wp-content\/uploads\/2025\/07\/Nei-og-ja-til-EU_OK_Aftenposten-9.-mai-2025.jpg 1099w\" sizes=\"auto, (max-width: 1024px) 100vw, 1024px\" \/><\/a><figcaption class=\"wp-element-caption\">For og mot norsk EU-medlemskap. Klikk for \u00e5 lese.<\/figcaption><\/figure>\n<\/div>\n\n\n<p>Hvis noen skulle v\u00e6re imot alle de tre kandidatene, eller kanskje ikke \u00f8nsker \u00e5 synge, kan de lese to Aftenposten-innlegg (med motsatte syn) om den sentrale utenrikspolitiske saken norsk EU-medlemskap.<\/p>\n\n\n\n<hr class=\"wp-block-separator has-alpha-channel-opacity\"\/>\n\n\n\n<p class=\"has-text-align-center\"><em><a href=\"https:\/\/oma.skoletjenesten.no\/?p=2568\">Til innholdsliste for denne utgaven<\/a><\/em><\/p>\n\n\n\n<p><\/p>\n","protected":false},"excerpt":{"rendered":"<p>De store politiske partiene \u2013 i hvert fall Ap og H\u00f8yre \u2013 har begynt valgkampen. Det blir nok deres hovedbeskjeftigelse i tiden frem til stortingsvalget. Valgdagen er mandag 8. september (i enkelte kommuner ogs\u00e5 s\u00f8ndag 7.), s\u00e5 det er enn\u00e5 tid til \u00e5 tenke seg om, for eksempel ved \u00e5 lese denne bloggens innlegg om&hellip; <a class=\"more-link\" href=\"https:\/\/oma.skoletjenesten.no\/?p=2574\">Fortsett \u00e5 lese <span class=\"screen-reader-text\">Valg og sang<\/span><\/a><\/p>\n","protected":false},"author":1,"featured_media":0,"comment_status":"open","ping_status":"open","sticky":false,"template":"","format":"standard","meta":{"footnotes":""},"categories":[1],"tags":[],"class_list":["post-2574","post","type-post","status-publish","format-standard","hentry","category-uncategorized","entry"],"_links":{"self":[{"href":"https:\/\/oma.skoletjenesten.no\/index.php?rest_route=\/wp\/v2\/posts\/2574","targetHints":{"allow":["GET"]}}],"collection":[{"href":"https:\/\/oma.skoletjenesten.no\/index.php?rest_route=\/wp\/v2\/posts"}],"about":[{"href":"https:\/\/oma.skoletjenesten.no\/index.php?rest_route=\/wp\/v2\/types\/post"}],"author":[{"embeddable":true,"href":"https:\/\/oma.skoletjenesten.no\/index.php?rest_route=\/wp\/v2\/users\/1"}],"replies":[{"embeddable":true,"href":"https:\/\/oma.skoletjenesten.no\/index.php?rest_route=%2Fwp%2Fv2%2Fcomments&post=2574"}],"version-history":[{"count":4,"href":"https:\/\/oma.skoletjenesten.no\/index.php?rest_route=\/wp\/v2\/posts\/2574\/revisions"}],"predecessor-version":[{"id":2606,"href":"https:\/\/oma.skoletjenesten.no\/index.php?rest_route=\/wp\/v2\/posts\/2574\/revisions\/2606"}],"wp:attachment":[{"href":"https:\/\/oma.skoletjenesten.no\/index.php?rest_route=%2Fwp%2Fv2%2Fmedia&parent=2574"}],"wp:term":[{"taxonomy":"category","embeddable":true,"href":"https:\/\/oma.skoletjenesten.no\/index.php?rest_route=%2Fwp%2Fv2%2Fcategories&post=2574"},{"taxonomy":"post_tag","embeddable":true,"href":"https:\/\/oma.skoletjenesten.no\/index.php?rest_route=%2Fwp%2Fv2%2Ftags&post=2574"}],"curies":[{"name":"wp","href":"https:\/\/api.w.org\/{rel}","templated":true}]}}