{"id":2570,"date":"2025-08-01T10:02:58","date_gmt":"2025-08-01T10:02:58","guid":{"rendered":"https:\/\/oma.skoletjenesten.no\/?p=2570"},"modified":"2025-08-01T20:49:31","modified_gmt":"2025-08-01T20:49:31","slug":"speiderleir-steen-og-stordahl","status":"publish","type":"post","link":"https:\/\/oma.skoletjenesten.no\/?p=2570","title":{"rendered":"Speiderleir, Steen og Stordahl"},"content":{"rendered":"\n<ul class=\"wp-block-list\">\n<li class=\"has-small-font-size\">Bloggen er tilbake i vanlig fasong etter vedlikeholdspausens \u00abbuss for blogg\u00bb. Resultatet av vedlikeholdet er for det meste usynlig for leseren, men er sv\u00e6rt nyttig for bloggeren.<\/li>\n<\/ul>\n\n\n\n<p>I dag er det 122 \u00e5r siden Robert Baden Powell sto i spissen for den f\u00f8rste speiderleiren. Det har jeg skrevet om tidligere (<a href=\"https:\/\/ttt.skoletjenesten.no\/en-gang-speider-alltid-speider\" data-type=\"link\" data-id=\"https:\/\/ttt.skoletjenesten.no\/en-gang-speider-alltid-speider\" target=\"_blank\" rel=\"noreferrer noopener\"><em>\u00c9n gang speider, alltid speider<\/em><\/a> \u2013 februar 2019), s\u00e5 her blir det litt om et par personer knyttet til dagens dato.<\/p>\n\n\n<div class=\"wp-block-image\">\n<figure class=\"alignright size-full is-resized\"><img loading=\"lazy\" decoding=\"async\" width=\"120\" height=\"161\" src=\"https:\/\/oma.skoletjenesten.no\/wp-content\/uploads\/2025\/07\/SverreSteen_278075.jpeg\" alt=\"\" class=\"wp-image-2571\" style=\"width:120px;height:auto\"\/><figcaption class=\"wp-element-caption\">Sverre Steen<br>(1898-1983)<\/figcaption><\/figure>\n<\/div>\n\n\n<p><a href=\"https:\/\/snl.no\/Sverre_Steen\" data-type=\"link\" data-id=\"https:\/\/snl.no\/Sverre_Steen\" target=\"_blank\" rel=\"noreferrer noopener\">Sverre Steen<\/a> (1898-1983) var f\u00f8dt p\u00e5 dagens dato i 1898. Han var var professor i historie, og sto bak radioserien <em>Langsomt ble landet v\u00e5rt eget<\/em> (senere utgitt som bok), en serie jeg fulgte da den gikk i 1967. Da hadde jeg vel allerede bestemt meg for \u00e5 ta historie som ett av fagene mine ved universitetet. Steens radioforedrag fikk meg absolutt ikke p\u00e5 andre tanker. Serien er <a href=\"https:\/\/radio.nrk.no\/serie\/langsomt-ble-landet-vaart-eget\" data-type=\"link\" data-id=\"https:\/\/radio.nrk.no\/serie\/langsomt-ble-landet-vaart-eget\" target=\"_blank\" rel=\"noreferrer noopener\">fortsatt tilgjengelig<\/a> i NRKs nettradio.<\/p>\n\n\n<div class=\"wp-block-image\">\n<figure class=\"alignright size-large is-resized\"><img loading=\"lazy\" decoding=\"async\" width=\"757\" height=\"1024\" src=\"https:\/\/oma.skoletjenesten.no\/wp-content\/uploads\/2025\/07\/ErlingStordahl_standard_compressed_erling-stordahl-757x1024.jpg\" alt=\"\" class=\"wp-image-2572\" style=\"width:120px\" srcset=\"https:\/\/oma.skoletjenesten.no\/wp-content\/uploads\/2025\/07\/ErlingStordahl_standard_compressed_erling-stordahl-757x1024.jpg 757w, https:\/\/oma.skoletjenesten.no\/wp-content\/uploads\/2025\/07\/ErlingStordahl_standard_compressed_erling-stordahl-222x300.jpg 222w, https:\/\/oma.skoletjenesten.no\/wp-content\/uploads\/2025\/07\/ErlingStordahl_standard_compressed_erling-stordahl-768x1039.jpg 768w, https:\/\/oma.skoletjenesten.no\/wp-content\/uploads\/2025\/07\/ErlingStordahl_standard_compressed_erling-stordahl.jpg 887w\" sizes=\"auto, (max-width: 757px) 100vw, 757px\" \/><figcaption class=\"wp-element-caption\">Erling Stordahl (1923-1994)<\/figcaption><\/figure>\n<\/div>\n\n\n<p><a href=\"https:\/\/snl.no\/Erling_Stordahl\" data-type=\"link\" data-id=\"https:\/\/snl.no\/Erling_Stordahl\" target=\"_blank\" rel=\"noreferrer noopener\">Erling Stordahl<\/a> (1923-1994) ville ha fylt 102 \u00e5r i dag. Han er mannen bak Ridderrennet og Beitost\u00f8len Helsesportsenter, men jeg husker ham som musiker sammen med Gunnar Engedahl. De to var gjengangere i mange radio- og fjernsynsprogrammer og hadde en egen stil som slo godt an i \u00d8nskekonserten. Stordahl var utdannet organist og tidligere norgesmester i trekkspill. Det er nok han som spiller p\u00e5 klippet nedenfor,, mens Engedahl st\u00e5r for sangen (med Stordahl p\u00e5 annenstemme, tror jeg). Og selv om jeg er ugift, skal man ikke legge for stor vekt p\u00e5 p\u00e5 innspillingen jeg har valgt. Av det jeg har h\u00f8rt gjennom, synes jeg <em>Ungkarsvalsen<\/em> er et godt eksempel p\u00e5 Stordahl og Engedahl \u2013 b\u00e5de trekkspill og samsang.<\/p>\n\n\n\n<figure class=\"wp-block-embed is-type-video is-provider-youtube wp-block-embed-youtube wp-embed-aspect-4-3 wp-has-aspect-ratio\"><div class=\"wp-block-embed__wrapper\">\n<iframe loading=\"lazy\" title=\"Ungkarsvalsen (2006 Remastered Version)\" width=\"750\" height=\"563\" src=\"https:\/\/www.youtube.com\/embed\/6-lzpm3Bty8?list=OLAK5uy_ljSHtl8Go-kDylv-QIzxYNilWbSrNLYCk\" frameborder=\"0\" allow=\"accelerometer; autoplay; clipboard-write; encrypted-media; gyroscope; picture-in-picture; web-share\" referrerpolicy=\"strict-origin-when-cross-origin\" allowfullscreen><\/iframe>\n<\/div><\/figure>\n\n\n\n<hr class=\"wp-block-separator has-alpha-channel-opacity\"\/>\n\n\n\n<p class=\"has-text-align-center\"><em><a href=\"https:\/\/oma.skoletjenesten.no\/?p=2568\">Til innholdsliste for denne utgaven<\/a><\/em><\/p>\n\n\n\n<p><\/p>\n","protected":false},"excerpt":{"rendered":"<p>I dag er det 122 \u00e5r siden Robert Baden Powell sto i spissen for den f\u00f8rste speiderleiren. Det har jeg skrevet om tidligere (\u00c9n gang speider, alltid speider \u2013 februar 2019), s\u00e5 her blir det litt om et par personer knyttet til dagens dato. Sverre Steen (1898-1983) var f\u00f8dt p\u00e5 dagens dato i 1898. Han&hellip; <a class=\"more-link\" href=\"https:\/\/oma.skoletjenesten.no\/?p=2570\">Fortsett \u00e5 lese <span class=\"screen-reader-text\">Speiderleir, Steen og Stordahl<\/span><\/a><\/p>\n","protected":false},"author":1,"featured_media":0,"comment_status":"open","ping_status":"open","sticky":false,"template":"","format":"standard","meta":{"footnotes":""},"categories":[1],"tags":[],"class_list":["post-2570","post","type-post","status-publish","format-standard","hentry","category-uncategorized","entry"],"_links":{"self":[{"href":"https:\/\/oma.skoletjenesten.no\/index.php?rest_route=\/wp\/v2\/posts\/2570","targetHints":{"allow":["GET"]}}],"collection":[{"href":"https:\/\/oma.skoletjenesten.no\/index.php?rest_route=\/wp\/v2\/posts"}],"about":[{"href":"https:\/\/oma.skoletjenesten.no\/index.php?rest_route=\/wp\/v2\/types\/post"}],"author":[{"embeddable":true,"href":"https:\/\/oma.skoletjenesten.no\/index.php?rest_route=\/wp\/v2\/users\/1"}],"replies":[{"embeddable":true,"href":"https:\/\/oma.skoletjenesten.no\/index.php?rest_route=%2Fwp%2Fv2%2Fcomments&post=2570"}],"version-history":[{"count":6,"href":"https:\/\/oma.skoletjenesten.no\/index.php?rest_route=\/wp\/v2\/posts\/2570\/revisions"}],"predecessor-version":[{"id":2603,"href":"https:\/\/oma.skoletjenesten.no\/index.php?rest_route=\/wp\/v2\/posts\/2570\/revisions\/2603"}],"wp:attachment":[{"href":"https:\/\/oma.skoletjenesten.no\/index.php?rest_route=%2Fwp%2Fv2%2Fmedia&parent=2570"}],"wp:term":[{"taxonomy":"category","embeddable":true,"href":"https:\/\/oma.skoletjenesten.no\/index.php?rest_route=%2Fwp%2Fv2%2Fcategories&post=2570"},{"taxonomy":"post_tag","embeddable":true,"href":"https:\/\/oma.skoletjenesten.no\/index.php?rest_route=%2Fwp%2Fv2%2Ftags&post=2570"}],"curies":[{"name":"wp","href":"https:\/\/api.w.org\/{rel}","templated":true}]}}