{"id":2508,"date":"2025-08-01T10:02:20","date_gmt":"2025-08-01T10:02:20","guid":{"rendered":"https:\/\/oma.skoletjenesten.no\/?p=2508"},"modified":"2025-08-01T20:51:11","modified_gmt":"2025-08-01T20:51:11","slug":"utdatert","status":"publish","type":"post","link":"https:\/\/oma.skoletjenesten.no\/?p=2508","title":{"rendered":"Utdatert?"},"content":{"rendered":"<div class=\"wp-block-image\">\n<figure class=\"alignright size-full\"><img loading=\"lazy\" decoding=\"async\" width=\"349\" height=\"345\" src=\"https:\/\/oma.skoletjenesten.no\/wp-content\/uploads\/2025\/07\/Rullestolsymbol_Opera-Bilde_2025-07-30_160029_www.sam_.no_.png\" alt=\"\" class=\"wp-image-2579\" srcset=\"https:\/\/oma.skoletjenesten.no\/wp-content\/uploads\/2025\/07\/Rullestolsymbol_Opera-Bilde_2025-07-30_160029_www.sam_.no_.png 349w, https:\/\/oma.skoletjenesten.no\/wp-content\/uploads\/2025\/07\/Rullestolsymbol_Opera-Bilde_2025-07-30_160029_www.sam_.no_-300x297.png 300w\" sizes=\"auto, (max-width: 349px) 100vw, 349px\" \/><figcaption class=\"wp-element-caption\">Rullestolen gjelder kroppen, ikke hodet. Stokk og rullator er heller ikke st\u00f8tteapparater for hodet.<\/figcaption><\/figure>\n<\/div>\n\n\n<p>\u00abKlarer hun seg selv?\u00bb Mor hadde <a href=\"https:\/\/sml.snl.no\/artrose\" data-type=\"link\" data-id=\"https:\/\/sml.snl.no\/artrose\" target=\"_blank\" rel=\"noreferrer noopener\">artrose<\/a> (\u00ableddgikt\u00bb) og ble etter hvert avhengig av rullestol og ledsager. En m\u00e5te \u00e5 f\u00e5 henne sint p\u00e5, var \u00e5 stille sp\u00f8rsm\u00e5let sitert foran \u2013 til ledsageren.<\/p>\n\n\n\n<p>\u00abHeeeeei. Hvordan g\u00e5r det med deg?\u00bb Jeg er 79 \u00e5r gammel og f\u00e5r oppf\u00f8lging av hjemmesykepleie etter et par lettere slagtilfeller. En m\u00e5te \u00e5 f\u00e5 meg sint p\u00e5 (men jeg pr\u00f8ver \u00e5 v\u00e6re h\u00f8flig) er \u00e5 stille meg sp\u00f8rsm\u00e5let sitert foran som innledning til en telefonsamtale, gjerne sagt med ekstra blid stemme, som om man snakker til et barn.<\/p>\n\n\n\n<p>Selv regner jeg med at de jeg snakker med, er noenlunde klar i toppen, og jeg pr\u00f8ver \u00e5 behandle dem deretter inntil det motsatte eventuelt er bevist. Og om det skulle bli bevist, trenger jeg ikke akkurat \u00e5 gi uttrykk for det jeg har funnet ut.<\/p>\n\n\n\n<p>Da jeg for annen gang var p\u00e5 sykehus med  slag, kom jeg dit uten bagasje (selvsagt) og uten mulighet til etterfylling hjemmefra. Men da jeg trengte undert\u00f8yskift, viste det seg at sykehuset kunne stille opp med bleiebukse. S\u00e5 kom jeg p\u00e5 opptrening i kommunal regi og spurte etter det samme der. Hun jeg spurte, var f\u00f8rst litt i villrede, men s\u00e5 lyste hun opp: \u00ab\u00c5 ja, s\u00e5nn Up-and-go,\u00bb sa hun og kom med det jeg trengte. \u00ab<em><a href=\"https:\/\/www.bible.com\/no\/bible\/102\/MAT.18.3-5.NB\" data-type=\"link\" data-id=\"https:\/\/www.bible.com\/no\/bible\/102\/MAT.18.3-5.NB\" target=\"_blank\" rel=\"noreferrer noopener\">Uten at dere blir som barn igjen \u2026<\/a><\/em>\u00bb<\/p>\n\n\n\n<p>Den hjelpsomme motsetningen til de overbeskyttende m\u00f8tte jeg p\u00e5 handlerunden nylig. Jeg hadde f\u00e5tt varene inn i bilen, og spurte damen ved nabobilen, som nettopp var parkert, om hun kunne ta med handlevognen min inn. \u00abJa, selvf\u00f8lgelig,\u00bb sa hun \u2013 og like etter kom hun ut igjen av butikken. Jeg fikk bekreftet at hun hadde g\u00e5tt ens \u00e6rend inn for \u00e5 parkere <em>min<\/em> handlevogn, og jeg fortalte henne at hun er av dem som f\u00e5r verden til \u00e5 bli et bedre sted for alle.<\/p>\n\n\n\n<p>Ellers kjenner jeg meg stadig igjen i blogginnlegget <em><a href=\"https:\/\/ttt.skoletjenesten.no\/da-far-kjopte-sagkrakk\/\" data-type=\"link\" data-id=\"https:\/\/ttt.skoletjenesten.no\/da-far-kjopte-sagkrakk\/\" target=\"_blank\" rel=\"noreferrer noopener\">Da far kj\u00f8pte sagkrakk<\/a><\/em>. Det anbefales for alle som har kontakt med gamlinger som meg. Les ogs\u00e5 fabelprosa-novellen <em><a href=\"https:\/\/www.nb.no\/items\/df77fb285e738bde8101fd8187a94312?searchText=\u00f8stenfor%20sol&amp;page=213\" data-type=\"link\" data-id=\"https:\/\/ttt.skoletjenesten.no\/da-far-kjopte-sagkrakk\/\">Blomster til Algernon<\/a><\/em>. Den gir meg andre assosiasjoner n\u00e5 enn da jeg leste den f\u00f8rste gang for femti \u00e5r siden.<\/p>\n\n\n\n<div style=\"height:100px\" aria-hidden=\"true\" class=\"wp-block-spacer\"><\/div>\n\n\n\n<p class=\"has-text-align-center\"><em><a href=\"https:\/\/oma.skoletjenesten.no\/?p=2568\">Til innholdsliste for denne utgaven<\/a><\/em><\/p>\n","protected":false},"excerpt":{"rendered":"<p>\u00abKlarer hun seg selv?\u00bb Mor hadde artrose (\u00ableddgikt\u00bb) og ble etter hvert avhengig av rullestol og ledsager. En m\u00e5te \u00e5 f\u00e5 henne sint p\u00e5, var \u00e5 stille sp\u00f8rsm\u00e5let sitert foran \u2013 til ledsageren. \u00abHeeeeei. Hvordan g\u00e5r det med deg?\u00bb Jeg er 79 \u00e5r gammel og f\u00e5r oppf\u00f8lging av hjemmesykepleie etter et par lettere slagtilfeller. En&hellip; <a class=\"more-link\" href=\"https:\/\/oma.skoletjenesten.no\/?p=2508\">Fortsett \u00e5 lese <span class=\"screen-reader-text\">Utdatert?<\/span><\/a><\/p>\n","protected":false},"author":1,"featured_media":0,"comment_status":"open","ping_status":"open","sticky":false,"template":"","format":"standard","meta":{"footnotes":""},"categories":[1],"tags":[],"class_list":["post-2508","post","type-post","status-publish","format-standard","hentry","category-uncategorized","entry"],"_links":{"self":[{"href":"https:\/\/oma.skoletjenesten.no\/index.php?rest_route=\/wp\/v2\/posts\/2508","targetHints":{"allow":["GET"]}}],"collection":[{"href":"https:\/\/oma.skoletjenesten.no\/index.php?rest_route=\/wp\/v2\/posts"}],"about":[{"href":"https:\/\/oma.skoletjenesten.no\/index.php?rest_route=\/wp\/v2\/types\/post"}],"author":[{"embeddable":true,"href":"https:\/\/oma.skoletjenesten.no\/index.php?rest_route=\/wp\/v2\/users\/1"}],"replies":[{"embeddable":true,"href":"https:\/\/oma.skoletjenesten.no\/index.php?rest_route=%2Fwp%2Fv2%2Fcomments&post=2508"}],"version-history":[{"count":5,"href":"https:\/\/oma.skoletjenesten.no\/index.php?rest_route=\/wp\/v2\/posts\/2508\/revisions"}],"predecessor-version":[{"id":2607,"href":"https:\/\/oma.skoletjenesten.no\/index.php?rest_route=\/wp\/v2\/posts\/2508\/revisions\/2607"}],"wp:attachment":[{"href":"https:\/\/oma.skoletjenesten.no\/index.php?rest_route=%2Fwp%2Fv2%2Fmedia&parent=2508"}],"wp:term":[{"taxonomy":"category","embeddable":true,"href":"https:\/\/oma.skoletjenesten.no\/index.php?rest_route=%2Fwp%2Fv2%2Fcategories&post=2508"},{"taxonomy":"post_tag","embeddable":true,"href":"https:\/\/oma.skoletjenesten.no\/index.php?rest_route=%2Fwp%2Fv2%2Ftags&post=2508"}],"curies":[{"name":"wp","href":"https:\/\/api.w.org\/{rel}","templated":true}]}}