{"id":2504,"date":"2025-07-18T10:02:30","date_gmt":"2025-07-18T10:02:30","guid":{"rendered":"https:\/\/oma.skoletjenesten.no\/?p=2504"},"modified":"2025-07-18T14:53:01","modified_gmt":"2025-07-18T14:53:01","slug":"hafrsfjord","status":"publish","type":"post","link":"https:\/\/oma.skoletjenesten.no\/?p=2504","title":{"rendered":"Hafrsfjord"},"content":{"rendered":"<div class=\"wp-block-image is-style-twentytwentyone-border\">\n<figure class=\"alignright size-large\"><a href=\"https:\/\/oma.skoletjenesten.no\/wp-content\/uploads\/2025\/07\/Hafrsfjord_Opera-Bilde_2025-07-16_150940_www.norgeskart.no_.png\" target=\"_blank\" rel=\" noreferrer noopener\"><img loading=\"lazy\" decoding=\"async\" width=\"1024\" height=\"542\" src=\"https:\/\/oma.skoletjenesten.no\/wp-content\/uploads\/2025\/07\/Hafrsfjord_Opera-Bilde_2025-07-16_150940_www.norgeskart.no_-1024x542.png\" alt=\"\" class=\"wp-image-2506\" srcset=\"https:\/\/oma.skoletjenesten.no\/wp-content\/uploads\/2025\/07\/Hafrsfjord_Opera-Bilde_2025-07-16_150940_www.norgeskart.no_-1024x542.png 1024w, https:\/\/oma.skoletjenesten.no\/wp-content\/uploads\/2025\/07\/Hafrsfjord_Opera-Bilde_2025-07-16_150940_www.norgeskart.no_-300x159.png 300w, https:\/\/oma.skoletjenesten.no\/wp-content\/uploads\/2025\/07\/Hafrsfjord_Opera-Bilde_2025-07-16_150940_www.norgeskart.no_-768x407.png 768w, https:\/\/oma.skoletjenesten.no\/wp-content\/uploads\/2025\/07\/Hafrsfjord_Opera-Bilde_2025-07-16_150940_www.norgeskart.no_-1536x813.png 1536w, https:\/\/oma.skoletjenesten.no\/wp-content\/uploads\/2025\/07\/Hafrsfjord_Opera-Bilde_2025-07-16_150940_www.norgeskart.no_-1568x830.png 1568w, https:\/\/oma.skoletjenesten.no\/wp-content\/uploads\/2025\/07\/Hafrsfjord_Opera-Bilde_2025-07-16_150940_www.norgeskart.no_.png 1653w\" sizes=\"auto, (max-width: 1024px) 100vw, 1024px\" \/><\/a><figcaption class=\"wp-element-caption\">Hafrsfjord \u2013 klikk for st\u00f8rre bilde.<\/figcaption><\/figure>\n<\/div>\n\n\n<p>If\u00f8lge Wikipedia er dagen i dag minnedag knyttet til slaget i Hafrsfjord, en liten fjordarm i Stavanger kommune. Det var <a href=\"https:\/\/snl.no\/slaget_i_Hafrsfjorden\" data-type=\"link\" data-id=\"https:\/\/snl.no\/slaget_i_Hafrsfjorden\" target=\"_blank\" rel=\"noreferrer noopener\">dette slaget<\/a> \u2013 if\u00f8lge tradisjonen fant det sted i 872 \u2013 som skal ha samlet Norge til ett rike under Harald H\u00e5rfagre. Etter slaget kontrollerte han et landomr\u00e5de som omtrent tilsvarer dagens Vestland (fylket). Dette og andre forhold kan tyde p\u00e5 at samlingen ikke var fullf\u00f8rt i 872.<\/p>\n\n\n\n<p>Kirkehistorien sier visst at samlingen av Norge var fullf\u00f8rt med slaget p\u00e5 Stiklestad i 1030. N\u00e5ja, da man samlet seg p\u00e5 Eidsvoll i 1814 for \u00e5 vedta grunnlov, rakk ikke representantene fra Nord-Norge frem i tide&#8230;<\/p>\n\n\n\n<p>Det var kanskje f\u00f8rst i 1894 at Norge ble samlet til ett rike. Da vedtok Stortinget <em>Lov om norsk normaltid<\/em>. Frem til da hadde man fulgt sol-tid, og tidsforskjellen mellom Kristiania (Oslo) og Drammen var fire minutter.<\/p>\n\n\n\n<p>Plassering av hovedstaden kan ogs\u00e5 si noe om rikssamling. Norges hovedstad har ligget p\u00e5 mange forskjellige steder etter at de f\u00f8rste kongene etter Harald H\u00e5rfagre drev en slags ambulerende kongevirksomhet. Wikipedia lister opp <a href=\"https:\/\/no.wikipedia.org\/wiki\/Norges_hovedstad#Historisk_oversikt\" data-type=\"link\" data-id=\"https:\/\/no.wikipedia.org\/wiki\/Norges_hovedstad#Historisk_oversikt\" target=\"_blank\" rel=\"noreferrer noopener\">tolv byer<\/a> som har v\u00e6rt Norges hovedstad, noen av dem i flere omganger.<\/p>\n\n\n\n<p>De siste ti\u00e5rene har det kanskje v\u00e6rt en viss oppl\u00f8sningstendens. Bergen har jo alltid v\u00e6rt <a href=\"https:\/\/www.youtube.com\/watch?v=QN8vK0fcufo\" data-type=\"link\" data-id=\"https:\/\/www.youtube.com\/watch?v=QN8vK0fcufo\" target=\"_blank\" rel=\"noreferrer noopener\">noe for seg selv<\/a>. Av nyere dato er <a href=\"https:\/\/snl.no\/S\u00e1pmi\" data-type=\"link\" data-id=\"https:\/\/snl.no\/S\u00e1pmi\" target=\"_blank\" rel=\"noreferrer noopener\">Sameland\/<em>S\u00e1pmi<\/em><\/a>, som \u00abgj\u00f8r krav p\u00e5\u00bb store deler av dagens Norge, og som til og med har eget flagg.<\/p>\n\n\n\n<hr class=\"wp-block-separator has-alpha-channel-opacity\"\/>\n\n\n\n<p class=\"has-text-align-center\"><em><a href=\"https:\/\/oma.skoletjenesten.no\/?p=2524\">Til innholdsliste for denne utgaven<\/a><\/em><\/p>\n\n\n\n<p><\/p>\n","protected":false},"excerpt":{"rendered":"<p>If\u00f8lge Wikipedia er dagen i dag minnedag knyttet til slaget i Hafrsfjord, en liten fjordarm i Stavanger kommune. Det var dette slaget \u2013 if\u00f8lge tradisjonen fant det sted i 872 \u2013 som skal ha samlet Norge til ett rike under Harald H\u00e5rfagre. Etter slaget kontrollerte han et landomr\u00e5de som omtrent tilsvarer dagens Vestland (fylket). Dette&hellip; <a class=\"more-link\" href=\"https:\/\/oma.skoletjenesten.no\/?p=2504\">Fortsett \u00e5 lese <span class=\"screen-reader-text\">Hafrsfjord<\/span><\/a><\/p>\n","protected":false},"author":1,"featured_media":0,"comment_status":"open","ping_status":"open","sticky":false,"template":"","format":"standard","meta":{"footnotes":""},"categories":[1],"tags":[],"class_list":["post-2504","post","type-post","status-publish","format-standard","hentry","category-uncategorized","entry"],"_links":{"self":[{"href":"https:\/\/oma.skoletjenesten.no\/index.php?rest_route=\/wp\/v2\/posts\/2504","targetHints":{"allow":["GET"]}}],"collection":[{"href":"https:\/\/oma.skoletjenesten.no\/index.php?rest_route=\/wp\/v2\/posts"}],"about":[{"href":"https:\/\/oma.skoletjenesten.no\/index.php?rest_route=\/wp\/v2\/types\/post"}],"author":[{"embeddable":true,"href":"https:\/\/oma.skoletjenesten.no\/index.php?rest_route=\/wp\/v2\/users\/1"}],"replies":[{"embeddable":true,"href":"https:\/\/oma.skoletjenesten.no\/index.php?rest_route=%2Fwp%2Fv2%2Fcomments&post=2504"}],"version-history":[{"count":4,"href":"https:\/\/oma.skoletjenesten.no\/index.php?rest_route=\/wp\/v2\/posts\/2504\/revisions"}],"predecessor-version":[{"id":2530,"href":"https:\/\/oma.skoletjenesten.no\/index.php?rest_route=\/wp\/v2\/posts\/2504\/revisions\/2530"}],"wp:attachment":[{"href":"https:\/\/oma.skoletjenesten.no\/index.php?rest_route=%2Fwp%2Fv2%2Fmedia&parent=2504"}],"wp:term":[{"taxonomy":"category","embeddable":true,"href":"https:\/\/oma.skoletjenesten.no\/index.php?rest_route=%2Fwp%2Fv2%2Fcategories&post=2504"},{"taxonomy":"post_tag","embeddable":true,"href":"https:\/\/oma.skoletjenesten.no\/index.php?rest_route=%2Fwp%2Fv2%2Ftags&post=2504"}],"curies":[{"name":"wp","href":"https:\/\/api.w.org\/{rel}","templated":true}]}}