{"id":2449,"date":"2025-07-11T10:01:48","date_gmt":"2025-07-11T10:01:48","guid":{"rendered":"https:\/\/oma.skoletjenesten.no\/?p=2449"},"modified":"2026-02-18T22:18:49","modified_gmt":"2026-02-18T22:18:49","slug":"virtuell-virkelighet-28-25","status":"publish","type":"post","link":"https:\/\/oma.skoletjenesten.no\/?p=2449","title":{"rendered":"Virtuell virkelighet 28\/25"},"content":{"rendered":"\n<p><small>Denne spalten het tidligere <em>Alternative fakta<\/em>, som fortsatt er kategori-betegnelsen. I<em> Alternative fakta<\/em> l\u00e5 vekten ofte mer p\u00e5 det alternative enn p\u00e5 fakta. Her i <em>Virtuell virkelighet<\/em> kan vekten&nbsp; ligge mer p\u00e5 det virtuelle enn p\u00e5 virkeligheten.<\/small><\/p>\n\n\n\n<p><small>Navneskiftet ble forklart i <a href=\"http:\/\/ttt.skoletjenesten.no\/alternative-fakta-3-21\/\" target=\"_blank\" rel=\"noreferrer noopener\">siste utgave av Alternative fakta 15. januar 2021<\/a>.<\/small><\/p>\n\n\n\n<hr class=\"wp-block-separator has-alpha-channel-opacity\"\/>\n\n\n\n<p><strong><em>Vv 1: Vedlikeholdspause.<\/em><\/strong> Om to uker gj\u00f8r denne bloggen som Bane Nor og tunnelbanen i Oslo og stenger for vedlikehold. Derfor kommer det ingen ny blogg fredag 25 juli. Men bloggeren har l\u00e6rt av den skattefinansierte mediekanalen NRK og sender noen repriser.<\/p>\n\n\n\n<p><a href=\"mailto:ttt@skoletjenesten.no?cc=&amp;bcc=&amp;subject=Vv%201\/28&amp;amptarget=\"><em>Kommenter denne notisen<\/em><\/a><\/p>\n\n\n\n<p class=\"has-text-align-center\">\u058e\u058e\u058e<\/p>\n\n\n<div class=\"wp-block-image is-style-twentytwentyone-border\">\n<figure class=\"alignright size-large\"><a href=\"https:\/\/oma.skoletjenesten.no\/wp-content\/uploads\/2025\/07\/15_Klimapsykolog_250707_NRK-Dagsrevyen_Intervjuobjekt.jpg\" target=\"_blank\" rel=\" noreferrer noopener\"><img loading=\"lazy\" decoding=\"async\" width=\"1024\" height=\"555\" src=\"https:\/\/oma.skoletjenesten.no\/wp-content\/uploads\/2025\/07\/15_Klimapsykolog_250707_NRK-Dagsrevyen_Intervjuobjekt-1024x555.jpg\" alt=\"\" class=\"wp-image-2467\" srcset=\"https:\/\/oma.skoletjenesten.no\/wp-content\/uploads\/2025\/07\/15_Klimapsykolog_250707_NRK-Dagsrevyen_Intervjuobjekt-1024x555.jpg 1024w, https:\/\/oma.skoletjenesten.no\/wp-content\/uploads\/2025\/07\/15_Klimapsykolog_250707_NRK-Dagsrevyen_Intervjuobjekt-300x163.jpg 300w, https:\/\/oma.skoletjenesten.no\/wp-content\/uploads\/2025\/07\/15_Klimapsykolog_250707_NRK-Dagsrevyen_Intervjuobjekt-768x416.jpg 768w, https:\/\/oma.skoletjenesten.no\/wp-content\/uploads\/2025\/07\/15_Klimapsykolog_250707_NRK-Dagsrevyen_Intervjuobjekt.jpg 1414w\" sizes=\"auto, (max-width: 1024px) 100vw, 1024px\" \/><\/a><figcaption class=\"wp-element-caption\">Fra NRK Dagsrevyen 7. juli 2025. Klikk for st\u00f8rre bilde.<\/figcaption><\/figure>\n<\/div>\n\n\n<p><strong><em>Vv 2: Yrkestittel.<\/em><\/strong> S\u00e5 mye snakk som det har v\u00e6rt om klimatrusselen var det jo bare et sp\u00f8rsm\u00e5l om tid f\u00f8r yrkesbetegnelsen <em>klima-psykolog<\/em> ville oppst\u00e5. Tidligere hadde vi bare klima-psykopater.<\/p>\n\n\n\n<p><a href=\"mailto:ttt@skoletjenesten.no?cc=&amp;bcc=&amp;subject=Vv%202\/28&amp;amptarget=\"><em>Kommenter denne notisen<\/em><\/a><\/p>\n\n\n\n<p class=\"has-text-align-center\">\u058e\u058e\u058e<\/p>\n\n\n\n<p id=\"j\u00e6ger\"><strong><em>Vv 3: Navn.<\/em><\/strong> Da Ole Gunnar Solskj\u00e6r drev p\u00e5 i engelsk fotball, hadde de engelsktalende problemer med \u00e5 uttale etternavnet hans. N\u00e5 er det Henriette J\u00e6ger som skaper problemer \u2013 for norske journalister. H\u00f8r nedenfor hvordan navnet <em>J\u00e6ger<\/em> blir uttalt i norske sportssendinger n\u00e5, og hvordan det ble uttalt av Ellen Westberg Andersen i 1968 (<em>Sommernatt ved fjorden<\/em> fra <em>Leve Patagonia<\/em> av Ketil Bj\u00f8rnstad).<\/p>\n\n\n\n<div class=\"wp-block-columns is-layout-flex wp-container-core-columns-is-layout-9d6595d7 wp-block-columns-is-layout-flex\">\n<div class=\"wp-block-column is-layout-flow wp-block-column-is-layout-flow\">\n<figure class=\"wp-block-audio\"><audio controls src=\"https:\/\/oma.skoletjenesten.no\/wp-content\/uploads\/2025\/07\/20_Jaeger-Uttale_250321_NRK-Dagsreyen_MarianneKvammeAmengual-AnneRognerud.mp3\"><\/audio><figcaption class=\"wp-element-caption\">NRK Dagsrevyen 23. mars 2025.<\/figcaption><\/figure>\n<\/div>\n\n\n\n<div class=\"wp-block-column is-layout-flow wp-block-column-is-layout-flow\">\n<figure class=\"wp-block-audio\"><audio controls src=\"https:\/\/oma.skoletjenesten.no\/wp-content\/uploads\/2025\/07\/20_Jaeger-ror-Uttale_1968_Sommernatt-ved-fjorden_EllenWestbergAndersen.mp3\"><\/audio><figcaption class=\"wp-element-caption\">Ellen Westberg Andersen i 1968. <a href=\"https:\/\/www.youtube.com\/watch?v=8wHSc5ybnYk&amp;list=RD8wHSc5ybnYk&amp;start_radio=1\" data-type=\"link\" data-id=\"https:\/\/www.youtube.com\/watch?v=8wHSc5ybnYk&amp;list=RD8wHSc5ybnYk&amp;start_radio=1\" target=\"_blank\" rel=\"noreferrer noopener\">H\u00f8r hele<\/a>.<\/figcaption><\/figure>\n<\/div>\n<\/div>\n\n\n\n<p><a href=\"mailto:ttt@skoletjenesten.no?cc=&amp;bcc=&amp;subject=Vv%203\/28&amp;amptarget=\"><em>Kommenter denne notisen<\/em><\/a><\/p>\n\n\n\n<p class=\"has-text-align-center\">\u058e\u058e\u058e<\/p>\n\n\n\n<p><strong><em>Vv 4: Edruskap,<\/em><\/strong> I dag er det femti \u00e5r siden forbudet mot alkoholreklame tr\u00e5dte i kraft. Det er deilig \u00e5 tenke p\u00e5 hvor mye mer edruelige vi er n\u00e5 enn i 1975. For ikke \u00e5 snakke om hvor edruelige nordmenn er sammenliknet med alle andre folkeslag!<\/p>\n\n\n\n<p><a href=\"mailto:ttt@skoletjenesten.no?cc=&amp;bcc=&amp;subject=Vv%204\/28&amp;amptarget=\"><em>Kommenter denne notisen<\/em><\/a><\/p>\n\n\n\n<p class=\"has-text-align-center\">\u058e\u058e\u058e<\/p>\n\n\n\n<p><strong><em>Vv 5: Gaza-bedring.<\/em><\/strong> Lidelsene i Gaza g\u00e5r ned if\u00f8lge Yama Wolasmal, som er Midt\u00f8sten-korrespondent for den skattefinansierte mediekanalen NRK:<\/p>\n\n\n\n<figure class=\"wp-block-audio\"><audio controls src=\"https:\/\/oma.skoletjenesten.no\/wp-content\/uploads\/2025\/07\/30_Mer-eller-mindre-lidelse_250705_Urix-paa-loerdag_YamaWolasmal.mp3\"><\/audio><figcaption class=\"wp-element-caption\">NRK Urix p\u00e5 l\u00f8rdag 5. juli 2025.<\/figcaption><\/figure>\n\n\n\n<p><a href=\"mailto:ttt@skoletjenesten.no?cc=&amp;bcc=&amp;subject=Vv%205\/28&amp;amptarget=\"><em>Kommenter denne notisen<\/em><\/a><\/p>\n\n\n\n<p class=\"has-text-align-center\">\u058e\u058e\u058e<\/p>\n\n\n\n<p><strong><em>Vv 6: Eldre-plaging.<\/em><\/strong> Anders B\u00f8rringbo, Europa-korrespondent for NRK (skattefinansiert), forteller om stygg behandling av eldre mennesker under heteb\u00f8lgen nylig:<\/p>\n\n\n\n<figure class=\"wp-block-audio\"><audio controls src=\"https:\/\/oma.skoletjenesten.no\/wp-content\/uploads\/2025\/07\/40_Roterende-eldre_250705_Urix-paa-loerdag_AndersBoerringbo.mp3\"><\/audio><figcaption class=\"wp-element-caption\">NRK Urix p\u00e5 l\u00f8rdag 5. juli 2025.<\/figcaption><\/figure>\n\n\n\n<p><a href=\"mailto:ttt@skoletjenesten.no?cc=&amp;bcc=&amp;subject=Vv%206\/28&amp;amptarget=\"><em>Kommenter denne notisen<\/em><\/a><\/p>\n\n\n\n<p class=\"has-text-align-center\">\u058e\u058e\u058e<\/p>\n\n\n\n<p><strong><em>Vv 7: KI.<\/em><\/strong> \u00abVi er stolte \u2026\u00bb \u2013 en uttale-utfordring for talemaskinen (kunstig intelligens) i den skattefinansierte radiokanalen NRK:<\/p>\n\n\n\n<figure class=\"wp-block-audio\"><audio controls src=\"https:\/\/oma.skoletjenesten.no\/wp-content\/uploads\/2025\/07\/50_Talemaskin-Vi-er-STOLTE_250703_NRK-AlltidNyheter__.mp3\"><\/audio><figcaption class=\"wp-element-caption\">NRK Alltid Nyheter 3. juli 2025.<\/figcaption><\/figure>\n\n\n\n<p><a href=\"mailto:ttt@skoletjenesten.no?cc=&amp;bcc=&amp;subject=Vv%207\/28&amp;amptarget=\"><em>Kommenter denne notisen<\/em><\/a><\/p>\n\n\n\n<p class=\"has-text-align-center\">\u058e\u058e\u058e<\/p>\n\n\n\n<p><strong><em>Vv 8: H\u00f8yfjell.<\/em><\/strong> <em>Ultral\u00f8p<\/em> er noe bloggeren holder seg langt unna. Det foregikk nylig et slikt l\u00f8p fra Oslo til Bergen. If\u00f8lge Chetan Rastogi i NRK (skattefinansiert) var l\u00f8pet lagt over et  h\u00f8yt fjell (h\u00f8yere enn Mount Everest) mellom Oslo og Bergen, et fjell bloggeren ikke visste om.<\/p>\n\n\n\n<figure class=\"wp-block-audio\"><audio controls src=\"https:\/\/oma.skoletjenesten.no\/wp-content\/uploads\/2025\/07\/60_Ultraloep-over-16tusen-hoydemeter_250703_NRK-AlltidNyheter_ChetanRastogi_Intro.mp3\"><\/audio><figcaption class=\"wp-element-caption\">NRK Alltid Nyheter 3. juli 2025.<\/figcaption><\/figure>\n\n\n\n<p><a href=\"mailto:ttt@skoletjenesten.no?cc=&amp;bcc=&amp;subject=Vv%208\/28&amp;amptarget=\"><em>Kommenter denne notisen<\/em><\/a><\/p>\n\n\n\n<p class=\"has-text-align-center\">\u058e\u058e\u058e<\/p>\n\n\n\n<p><strong><em>Vv 9: Lenke-lureri.<\/em><\/strong> Bloggeren lar seg ikke lure. Ettersom han ikke har noen konto hos <em>Prisjakt<\/em>, klikket han ikke p\u00e5 \u00abBehold kontoen min\u00bb i meldingen nedenfor, og heller ikke p\u00e5 noen av de andre lenkene.<\/p>\n\n\n\n<figure class=\"wp-block-image size-full is-style-twentytwentyone-border\"><img loading=\"lazy\" decoding=\"async\" width=\"861\" height=\"737\" src=\"https:\/\/oma.skoletjenesten.no\/wp-content\/uploads\/2025\/07\/90_Lureforsoek.jpg\" alt=\"\" class=\"wp-image-2474\" srcset=\"https:\/\/oma.skoletjenesten.no\/wp-content\/uploads\/2025\/07\/90_Lureforsoek.jpg 861w, https:\/\/oma.skoletjenesten.no\/wp-content\/uploads\/2025\/07\/90_Lureforsoek-300x257.jpg 300w, https:\/\/oma.skoletjenesten.no\/wp-content\/uploads\/2025\/07\/90_Lureforsoek-768x657.jpg 768w\" sizes=\"auto, (max-width: 861px) 100vw, 861px\" \/><figcaption class=\"wp-element-caption\">Mottatt p\u00e5 e-post.<\/figcaption><\/figure>\n\n\n\n<p><a href=\"mailto:ttt@skoletjenesten.no?cc=&amp;bcc=&amp;subject=Vv%209\/28&amp;amptarget=\"><em>Kommenter denne notisen<\/em><\/a><\/p>\n\n\n\n<div style=\"height:100px\" aria-hidden=\"true\" class=\"wp-block-spacer\"><\/div>\n\n\n\n<hr class=\"wp-block-separator has-alpha-channel-opacity\"\/>\n\n\n\n<p class=\"has-text-align-center\"><em><a href=\"https:\/\/oma.skoletjenesten.no\/?p=2479\">Til innholdsliste for denne utgaven<\/a><\/em><\/p>\n","protected":false},"excerpt":{"rendered":"<p>Denne spalten het tidligere Alternative fakta, som fortsatt er kategori-betegnelsen. I Alternative fakta l\u00e5 vekten ofte mer p\u00e5 det alternative enn p\u00e5 fakta. Her i Virtuell virkelighet kan vekten&nbsp; ligge mer p\u00e5 det virtuelle enn p\u00e5 virkeligheten. Navneskiftet ble forklart i siste utgave av Alternative fakta 15. januar 2021. Vv 1: Vedlikeholdspause. Om to uker&hellip; <a class=\"more-link\" href=\"https:\/\/oma.skoletjenesten.no\/?p=2449\">Fortsett \u00e5 lese <span class=\"screen-reader-text\">Virtuell virkelighet 28\/25<\/span><\/a><\/p>\n","protected":false},"author":1,"featured_media":0,"comment_status":"open","ping_status":"open","sticky":false,"template":"","format":"standard","meta":{"footnotes":""},"categories":[11],"tags":[],"class_list":["post-2449","post","type-post","status-publish","format-standard","hentry","category-alternative-fakta","entry"],"_links":{"self":[{"href":"https:\/\/oma.skoletjenesten.no\/index.php?rest_route=\/wp\/v2\/posts\/2449","targetHints":{"allow":["GET"]}}],"collection":[{"href":"https:\/\/oma.skoletjenesten.no\/index.php?rest_route=\/wp\/v2\/posts"}],"about":[{"href":"https:\/\/oma.skoletjenesten.no\/index.php?rest_route=\/wp\/v2\/types\/post"}],"author":[{"embeddable":true,"href":"https:\/\/oma.skoletjenesten.no\/index.php?rest_route=\/wp\/v2\/users\/1"}],"replies":[{"embeddable":true,"href":"https:\/\/oma.skoletjenesten.no\/index.php?rest_route=%2Fwp%2Fv2%2Fcomments&post=2449"}],"version-history":[{"count":6,"href":"https:\/\/oma.skoletjenesten.no\/index.php?rest_route=\/wp\/v2\/posts\/2449\/revisions"}],"predecessor-version":[{"id":4173,"href":"https:\/\/oma.skoletjenesten.no\/index.php?rest_route=\/wp\/v2\/posts\/2449\/revisions\/4173"}],"wp:attachment":[{"href":"https:\/\/oma.skoletjenesten.no\/index.php?rest_route=%2Fwp%2Fv2%2Fmedia&parent=2449"}],"wp:term":[{"taxonomy":"category","embeddable":true,"href":"https:\/\/oma.skoletjenesten.no\/index.php?rest_route=%2Fwp%2Fv2%2Fcategories&post=2449"},{"taxonomy":"post_tag","embeddable":true,"href":"https:\/\/oma.skoletjenesten.no\/index.php?rest_route=%2Fwp%2Fv2%2Ftags&post=2449"}],"curies":[{"name":"wp","href":"https:\/\/api.w.org\/{rel}","templated":true}]}}