{"id":2405,"date":"2025-07-04T10:00:31","date_gmt":"2025-07-04T10:00:31","guid":{"rendered":"https:\/\/oma.skoletjenesten.no\/?p=2405"},"modified":"2026-02-05T22:06:22","modified_gmt":"2026-02-05T22:06:22","slug":"virtuell-virkelighet-27-25","status":"publish","type":"post","link":"https:\/\/oma.skoletjenesten.no\/?p=2405","title":{"rendered":"Virtuell virkelighet 27\/25"},"content":{"rendered":"\n<p><small>Denne spalten het tidligere <em>Alternative fakta<\/em>, som fortsatt er kategori-betegnelsen. I<em> Alternative fakta<\/em> l\u00e5 vekten ofte mer p\u00e5 det alternative enn p\u00e5 fakta. Her i <em>Virtuell virkelighet<\/em> kan vekten&nbsp; ligge mer p\u00e5 det virtuelle enn p\u00e5 virkeligheten.<\/small><\/p>\n\n\n\n<p><small>Navneskiftet ble forklart i <a href=\"http:\/\/ttt.skoletjenesten.no\/alternative-fakta-3-21\/\" target=\"_blank\" rel=\"noreferrer noopener\">siste utgave av Alternative fakta 15. januar 2021<\/a>.<\/small><\/p>\n\n\n\n<hr class=\"wp-block-separator has-alpha-channel-opacity\"\/>\n\n\n\n<p><strong><em>Vv 1: Sommerjobb.<\/em><\/strong> Bloggeren har f\u00e5tt seg sommerjobb. Den g\u00e5r ut p\u00e5 \u00e5 f\u00e5 liv i video-d\u00f8rklokken, slik at han bak lukket d\u00f8r kan se hvem som ringer p\u00e5.<\/p>\n\n\n\n<p><a href=\"mailto:ttt@skoletjenesten.no?cc=&amp;bcc=&amp;subject=Vv%201\/27&amp;amptarget=\"><em>Kommenter denne notisen<\/em><\/a><\/p>\n\n\n\n<p class=\"has-text-align-center\">\u058e\u058e\u058e<\/p>\n\n\n\n<p><strong><em>Vv 2: Majestetisk.<\/em><\/strong> Det var nok flere enn bloggeren som i tankene sendte varme \u00f8nsker om god bedring da dronning Sonja ble innlagt p\u00e5 Lillehammer sykehus i vinter med hjerteflimmer. Det gikk bra, og i likhet med kongen er hun n\u00e5 utstyrt med <em>pacemaker<\/em> (norsk: hjertestimulator). Dermed er Norge trolig det eneste landet i verden som har et batteridrevet kongepar. (Les ogs\u00e5 <em><a href=\"https:\/\/oma.skoletjenesten.no\/?p=2398\" data-type=\"link\" data-id=\"https:\/\/oma.skoletjenesten.no\/?p=2398\" target=\"_blank\" rel=\"noreferrer noopener\">Utvandring og Sonja<\/a><\/em>)<\/p>\n\n\n\n<p><a href=\"mailto:ttt@skoletjenesten.no?cc=&amp;bcc=&amp;subject=Vv%202\/27&amp;amptarget=\"><em>Kommenter denne notisen<\/em><\/a><\/p>\n\n\n\n<p class=\"has-text-align-center\">\u058e\u058e\u058e<\/p>\n\n\n<div class=\"wp-block-image is-style-twentytwentyone-border\">\n<figure class=\"alignright size-large\"><a href=\"https:\/\/oma.skoletjenesten.no\/wp-content\/uploads\/2025\/07\/30_Slekt_OK_Eldste-forfar-iflg-Geni_Frosti-Karasson-ca-aar240.jpg\" target=\"_blank\" rel=\" noreferrer noopener\"><img loading=\"lazy\" decoding=\"async\" width=\"1024\" height=\"561\" src=\"https:\/\/oma.skoletjenesten.no\/wp-content\/uploads\/2025\/07\/30_Slekt_OK_Eldste-forfar-iflg-Geni_Frosti-Karasson-ca-aar240-1024x561.jpg\" alt=\"\" class=\"wp-image-2412\" srcset=\"https:\/\/oma.skoletjenesten.no\/wp-content\/uploads\/2025\/07\/30_Slekt_OK_Eldste-forfar-iflg-Geni_Frosti-Karasson-ca-aar240-1024x561.jpg 1024w, https:\/\/oma.skoletjenesten.no\/wp-content\/uploads\/2025\/07\/30_Slekt_OK_Eldste-forfar-iflg-Geni_Frosti-Karasson-ca-aar240-300x164.jpg 300w, https:\/\/oma.skoletjenesten.no\/wp-content\/uploads\/2025\/07\/30_Slekt_OK_Eldste-forfar-iflg-Geni_Frosti-Karasson-ca-aar240-768x421.jpg 768w, https:\/\/oma.skoletjenesten.no\/wp-content\/uploads\/2025\/07\/30_Slekt_OK_Eldste-forfar-iflg-Geni_Frosti-Karasson-ca-aar240.jpg 1211w\" sizes=\"auto, (max-width: 1024px) 100vw, 1024px\" \/><\/a><figcaption class=\"wp-element-caption\">Melding til bloggeren om hans kongelige opphav.<\/figcaption><\/figure>\n<\/div>\n\n\n<p><strong><em>Vv 3: Kongeslekt.<\/em><\/strong> Bloggeren er av kongelig slekt. Det p\u00e5st\u00e5r i hvert fall slektsdatabasen <em>Geni<\/em>, som oppgir dette: \u00abFrosti Karasson, Mythical King of Kvenland, is your 37th great grandfather.\u00bb Det st\u00e5r \u00abMythical King\u00bb, s\u00e5 bloggeren er kanskje ogs\u00e5 av gudeslekt?<\/p>\n\n\n\n<p><a href=\"mailto:ttt@skoletjenesten.no?cc=&amp;bcc=&amp;subject=Vv%203\/27&amp;amptarget=\"><em>Kommenter denne notisen<\/em><\/a><\/p>\n\n\n\n<p class=\"has-text-align-center\">\u058e\u058e\u058e<\/p>\n\n\n\n<p><strong><em>Vv 4: BNP-forsvar.<\/em><\/strong> Norge (og de andre NATO-landene) skal \u00f8ke forsvarsutgiftene til fem prosent av <a href=\"https:\/\/snl.no\/bruttonasjonalprodukt_-_BNP\" data-type=\"link\" data-id=\"ttps:\/\/snl.no\/bruttonasjonalprodukt_-_BNP\" target=\"_blank\" rel=\"noreferrer noopener\">bruttonasjonalproduktet<\/a> (BNP). BNP er den samlede \u00e5rsverdien i et land av alle produserte varer og tjenester. S\u00e5 hvis bilen f\u00e5r en bulk og m\u00e5 p\u00e5 opprettingsverksted, \u00f8ker BNP \u2013 og dermed forsvarsutgiftene. Her har endelig den enkelte borger mulighet til \u00e5 p\u00e5virke!<\/p>\n\n\n\n<p><a href=\"mailto:ttt@skoletjenesten.no?cc=&amp;bcc=&amp;subject=Vv%204\/27&amp;amptarget=\"><em>Kommenter denne notisen<\/em><\/a><\/p>\n\n\n\n<p class=\"has-text-align-center\">\u058e\u058e\u058e<\/p>\n\n\n<div class=\"wp-block-image\">\n<figure class=\"alignright size-full\"><img loading=\"lazy\" decoding=\"async\" width=\"447\" height=\"586\" src=\"https:\/\/oma.skoletjenesten.no\/wp-content\/uploads\/2025\/07\/50_BillClinton_Opera-Bilde_2025-07-03_125254_www.google.com_.png\" alt=\"\" class=\"wp-image-2408\" srcset=\"https:\/\/oma.skoletjenesten.no\/wp-content\/uploads\/2025\/07\/50_BillClinton_Opera-Bilde_2025-07-03_125254_www.google.com_.png 447w, https:\/\/oma.skoletjenesten.no\/wp-content\/uploads\/2025\/07\/50_BillClinton_Opera-Bilde_2025-07-03_125254_www.google.com_-229x300.png 229w\" sizes=\"auto, (max-width: 447px) 100vw, 447px\" \/><figcaption class=\"wp-element-caption\">Tidligere president Bill f\u00e5r pen omtale av n\u00e5v\u00e6rende president Donald.<\/figcaption><\/figure>\n<\/div>\n\n\n<p><strong><em>Vv 5: Bill.<\/em><\/strong> \u00abBig Beautiful Bill\u00bb (\u00abstore, vakre Bill\u00bb). Det er hyggelig at president Donald omtaler Sambandsstatenes 42. president slik. Men Bill Clinton er da ikke spesielt stor (i betydningen omfangsrik)?<\/p>\n\n\n\n<p>.<\/p>\n\n\n\n<p>.<\/p>\n\n\n\n<p>.<\/p>\n\n\n\n<p><a href=\"mailto:ttt@skoletjenesten.no?cc=&amp;bcc=&amp;subject=Vv%205\/27&amp;amptarget=\"><em>Kommenter denne notisen<\/em><\/a><\/p>\n\n\n\n<p class=\"has-text-align-center\">\u058e\u058e\u058e<\/p>\n\n\n\n<p><strong><em>Vv 6: Valgl\u00f8ftespr\u00e5k.<\/em><\/strong> I valgl\u00f8fter skal man velge sine ord med omhu. Det viser to klipp (nedenfor) fra <em>Politisk kvarter<\/em> i den skattefinansierte radiokanalen NRK. Jonas Gahr St\u00f8re snakker om Arbeiderpartiets skattel\u00f8fter:<\/p>\n\n\n\n<figure class=\"wp-block-audio\"><audio controls src=\"https:\/\/oma.skoletjenesten.no\/wp-content\/uploads\/2025\/07\/60_Stoere-Skattefrys1.mp3\"><\/audio><\/figure>\n\n\n\n<figure class=\"wp-block-audio\"><audio controls src=\"https:\/\/oma.skoletjenesten.no\/wp-content\/uploads\/2025\/07\/60_Stoere-Skattefrys2.mp3\"><\/audio><figcaption class=\"wp-element-caption\">To klipp fra NRK Politisk kvarter 27. juni 2025.<\/figcaption><\/figure>\n\n\n\n<p><a href=\"mailto:ttt@skoletjenesten.no?cc=&amp;bcc=&amp;subject=Vv%206\/27&amp;amptarget=\"><em>Kommenter denne notisen<\/em><\/a><\/p>\n\n\n\n<p class=\"has-text-align-center\">\u058e\u058e\u058e<\/p>\n\n\n\n<p><strong><em>Vv 7: Praktisk.<\/em><\/strong> Bloggeren lar seg stadig fascinere av snedige tekniske l\u00f8sninger han finner p\u00e5 nettet. Andre med samme interesse, og som har god tid, finner her <a href=\"https:\/\/www.facebook.com\/watch?v=2031580927220709\" data-type=\"link\" data-id=\"https:\/\/www.facebook.com\/watch?v=2031580927220709\" target=\"_blank\" rel=\"noreferrer noopener\">en del praktiske tips<\/a>.<\/p>\n\n\n\n<p><a href=\"mailto:ttt@skoletjenesten.no?cc=&amp;bcc=&amp;subject=Vv%207\/27&amp;amptarget=\"><em>Kommenter denne notisen<\/em><\/a><\/p>\n\n\n\n<p class=\"has-text-align-center\">\u058e\u058e\u058e<\/p>\n\n\n\n<p><strong><em>Vv 8: Bj\u00f8rneplagen.<\/em><\/strong> I Jarfjord i Finnmark er det for tiden vanskelige kj\u00f8reforhold p\u00e5 grunn av bj\u00f8rn. Dette fikk bloggeren til \u00e5 tenke p\u00e5 folkevisen om Mass og Lasse. Den var utgangspunkt for OL-fanfaren under Vinter-OL i Oslo i 1952. Her er et sammendrag av det hele:<\/p>\n\n\n\n<figure class=\"wp-block-video\"><video height=\"720\" style=\"aspect-ratio: 1280 \/ 720;\" width=\"1280\" controls src=\"https:\/\/oma.skoletjenesten.no\/wp-content\/uploads\/2025\/07\/90_Bioernjagt_OK.mp4\"><\/video><figcaption class=\"wp-element-caption\">Bi\u00f8rnejagt i Finnmark \u2013 og i 1952.<\/figcaption><\/figure>\n\n\n\n<p><a href=\"mailto:ttt@skoletjenesten.no?cc=&amp;bcc=&amp;subject=Vv%208\/27&amp;amptarget=\"><em>Kommenter denne notisen<\/em><\/a><\/p>\n\n\n\n<div style=\"height:100px\" aria-hidden=\"true\" class=\"wp-block-spacer\"><\/div>\n\n\n\n<hr class=\"wp-block-separator has-alpha-channel-opacity\"\/>\n\n\n\n<p class=\"has-text-align-center\"><em><a href=\"https:\/\/oma.skoletjenesten.no\/?p=2389\">Til innholdsliste for denne utgaven<\/a><\/em><\/p>\n\n\n\n<p><\/p>\n","protected":false},"excerpt":{"rendered":"<p>Denne spalten het tidligere Alternative fakta, som fortsatt er kategori-betegnelsen. I Alternative fakta l\u00e5 vekten ofte mer p\u00e5 det alternative enn p\u00e5 fakta. Her i Virtuell virkelighet kan vekten&nbsp; ligge mer p\u00e5 det virtuelle enn p\u00e5 virkeligheten. Navneskiftet ble forklart i siste utgave av Alternative fakta 15. januar 2021. Vv 1: Sommerjobb. Bloggeren har f\u00e5tt&hellip; <a class=\"more-link\" href=\"https:\/\/oma.skoletjenesten.no\/?p=2405\">Fortsett \u00e5 lese <span class=\"screen-reader-text\">Virtuell virkelighet 27\/25<\/span><\/a><\/p>\n","protected":false},"author":1,"featured_media":0,"comment_status":"open","ping_status":"open","sticky":false,"template":"","format":"standard","meta":{"footnotes":""},"categories":[11],"tags":[],"class_list":["post-2405","post","type-post","status-publish","format-standard","hentry","category-alternative-fakta","entry"],"_links":{"self":[{"href":"https:\/\/oma.skoletjenesten.no\/index.php?rest_route=\/wp\/v2\/posts\/2405","targetHints":{"allow":["GET"]}}],"collection":[{"href":"https:\/\/oma.skoletjenesten.no\/index.php?rest_route=\/wp\/v2\/posts"}],"about":[{"href":"https:\/\/oma.skoletjenesten.no\/index.php?rest_route=\/wp\/v2\/types\/post"}],"author":[{"embeddable":true,"href":"https:\/\/oma.skoletjenesten.no\/index.php?rest_route=\/wp\/v2\/users\/1"}],"replies":[{"embeddable":true,"href":"https:\/\/oma.skoletjenesten.no\/index.php?rest_route=%2Fwp%2Fv2%2Fcomments&post=2405"}],"version-history":[{"count":11,"href":"https:\/\/oma.skoletjenesten.no\/index.php?rest_route=\/wp\/v2\/posts\/2405\/revisions"}],"predecessor-version":[{"id":2440,"href":"https:\/\/oma.skoletjenesten.no\/index.php?rest_route=\/wp\/v2\/posts\/2405\/revisions\/2440"}],"wp:attachment":[{"href":"https:\/\/oma.skoletjenesten.no\/index.php?rest_route=%2Fwp%2Fv2%2Fmedia&parent=2405"}],"wp:term":[{"taxonomy":"category","embeddable":true,"href":"https:\/\/oma.skoletjenesten.no\/index.php?rest_route=%2Fwp%2Fv2%2Fcategories&post=2405"},{"taxonomy":"post_tag","embeddable":true,"href":"https:\/\/oma.skoletjenesten.no\/index.php?rest_route=%2Fwp%2Fv2%2Ftags&post=2405"}],"curies":[{"name":"wp","href":"https:\/\/api.w.org\/{rel}","templated":true}]}}