{"id":2348,"date":"2025-06-27T10:01:29","date_gmt":"2025-06-27T10:01:29","guid":{"rendered":"https:\/\/oma.skoletjenesten.no\/?p=2348"},"modified":"2025-06-27T14:44:37","modified_gmt":"2025-06-27T14:44:37","slug":"idrett-og-penger","status":"publish","type":"post","link":"https:\/\/oma.skoletjenesten.no\/?p=2348","title":{"rendered":"Idrett og penger"},"content":{"rendered":"\n<p>\u00abBarneskirenn\u00bb. Dette uttrykket brukte Petter Northug  da han deltok i et slikt renn i 2007. Ellers er vel barneskirenn noe en foreldregruppe arrangerer for sine barn, og der man kanskje spleiser til p\u00f8lser og brus under premiuetdelingen (der det deles ut sjokolademedaljer).<\/p>\n\n\n\n<p>Pengene gikk nok til mer enn p\u00f8lser og brus under VM p\u00e5 ski i Trondheim i vinter. Men det var f\u00f8rst utp\u00e5 v\u00e5ren at man ble klar over at arrangementet hadde g\u00e5tt med et underskudd s\u00e5 stort at ingen enn\u00e5 kjenner st\u00f8rrelsen p\u00e5 det. Det fikk meg til \u00e5 tenke p\u00e5 et tidligere verdensmesterskap  \u2013 i sykling. Det foregikk i Oslo i 1993, og det gikk ogs\u00e5 med dundrende underskudd \u2013  til overraskelse for mange.<\/p>\n\n\n\n<p>Da jeg begynte \u00e5 lete etter bekreftelse p\u00e5 at jeg husket riktig om sykkel-VM 1993, dukket det opp flere idrettsarrangementer med tvilsom \u00f8konomistyring.<\/p>\n\n\n\n<p>Det var sykkel-VM i 2017 ogs\u00e5, den gang i Bergen.  Lite tyder p\u00e5 at arrang\u00f8ren hadde trukket noen erfaringer fra Oslo-VM 24 \u00e5r tidligere, for Bergen-VM gikk konkurs.<\/p>\n\n\n\n<p>Noen husker kanskje det store vinteridrettsstevnet p\u00e5 Lillehammer i 1994. If\u00f8lge et debattinnlegg i Aftenposten hadde det en budsjettsprekk p\u00e5 mellom 288 og 347 prosent, uten at det oppgis n\u00e6rmere hva som ligger i dette, men det beskriver neppe noen \u00f8konomisk suksess.<\/p>\n\n\n\n<p>Noen ville ha vinter-OL til Oslo i 2022, og Oslo kommune opprettet en egen etat i den forbindelsen. Det viste seg imidlertid vanskelig \u00e5 f\u00e5 politisk st\u00f8tte for et garantibel\u00f8p, og s\u00f8knad til den internasjonale olympiske komite ble derfor ikke sendt. Dermed kostet Oslo-OL 2022 \u00abbare\u00bb driftsutgifter for den kommunale etaten <em><a href=\"https:\/\/no.wikipedia.org\/wiki\/Oslo2022\" data-type=\"link\" data-id=\"https:\/\/no.wikipedia.org\/wiki\/Oslo2022\" target=\"_blank\" rel=\"noreferrer noopener\">Oslo 2022<\/a><\/em> (11 ansatte ultimo desember 2012) i de omtrent to \u00e5rene etaten eksisterte.<\/p>\n\n\n\n<p>Basert p\u00e5 de tre nevnte eksemplene p\u00e5 \u00f8konomistyringen under idrettsstevner som har blitt avholdt, kan det se ut som om evnen til \u00f8konomistyring ikke er spesielt utbredt i \u00abidretts-Norge\u00bb. Heller ikke det \u00e5 bygge p\u00e5 erfaringer ser ut til \u00e5 v\u00e6re noen disiplin man behersker.<\/p>\n\n\n\n<p>\u00abLa dem holde p\u00e5,\u00bb synes jeg at jeg h\u00f8rer noen si. Ja vel, men med mine penger? Det er ganske illustrerende for virkeligheten at det ikke ble s\u00f8kt om Oslo-OL 2022 fordi man ikke var sikret statsgaranti. Den skulle ha dekket et eventuelt underskudd, og skulle finansieres med det noen politiske partier kaller \u00abskattebetalernes penger\u00bb. Der var og er det store muligheter for alternativ bruk, for eksempel til veivedlikehold eller til helseforskning. Tilhengere av idretts\u00f8konomi uten styring slutter seg vel til det <a href=\"https:\/\/snl.no\/Victor_Norman\" data-type=\"link\" data-id=\"https:\/\/snl.no\/Victor_Norman\" target=\"_blank\" rel=\"noreferrer noopener\">Victor Norman<\/a> sa i forbindelse med Lillehammer-OL i 1994: \u00abHvis vi tar det budsjetterte underskuddet og kaller det gledesfaktoren ved \u00e5 arrangere OL, ja, da g\u00e5r det i balanse!\u00bb<\/p>\n\n\n\n<hr class=\"wp-block-separator has-alpha-channel-opacity\"\/>\n\n\n\n<p class=\"has-text-align-center\"><em><a href=\"https:\/\/oma.skoletjenesten.no\/?p=2359\">Til innholdsliste for denne utgaven<\/a><\/em><\/p>\n","protected":false},"excerpt":{"rendered":"<p>\u00abBarneskirenn\u00bb. Dette uttrykket brukte Petter Northug da han deltok i et slikt renn i 2007. Ellers er vel barneskirenn noe en foreldregruppe arrangerer for sine barn, og der man kanskje spleiser til p\u00f8lser og brus under premiuetdelingen (der det deles ut sjokolademedaljer). Pengene gikk nok til mer enn p\u00f8lser og brus under VM p\u00e5 ski&hellip; <a class=\"more-link\" href=\"https:\/\/oma.skoletjenesten.no\/?p=2348\">Fortsett \u00e5 lese <span class=\"screen-reader-text\">Idrett og penger<\/span><\/a><\/p>\n","protected":false},"author":1,"featured_media":0,"comment_status":"open","ping_status":"open","sticky":false,"template":"","format":"standard","meta":{"footnotes":""},"categories":[1],"tags":[],"class_list":["post-2348","post","type-post","status-publish","format-standard","hentry","category-uncategorized","entry"],"_links":{"self":[{"href":"https:\/\/oma.skoletjenesten.no\/index.php?rest_route=\/wp\/v2\/posts\/2348","targetHints":{"allow":["GET"]}}],"collection":[{"href":"https:\/\/oma.skoletjenesten.no\/index.php?rest_route=\/wp\/v2\/posts"}],"about":[{"href":"https:\/\/oma.skoletjenesten.no\/index.php?rest_route=\/wp\/v2\/types\/post"}],"author":[{"embeddable":true,"href":"https:\/\/oma.skoletjenesten.no\/index.php?rest_route=\/wp\/v2\/users\/1"}],"replies":[{"embeddable":true,"href":"https:\/\/oma.skoletjenesten.no\/index.php?rest_route=%2Fwp%2Fv2%2Fcomments&post=2348"}],"version-history":[{"count":3,"href":"https:\/\/oma.skoletjenesten.no\/index.php?rest_route=\/wp\/v2\/posts\/2348\/revisions"}],"predecessor-version":[{"id":2363,"href":"https:\/\/oma.skoletjenesten.no\/index.php?rest_route=\/wp\/v2\/posts\/2348\/revisions\/2363"}],"wp:attachment":[{"href":"https:\/\/oma.skoletjenesten.no\/index.php?rest_route=%2Fwp%2Fv2%2Fmedia&parent=2348"}],"wp:term":[{"taxonomy":"category","embeddable":true,"href":"https:\/\/oma.skoletjenesten.no\/index.php?rest_route=%2Fwp%2Fv2%2Fcategories&post=2348"},{"taxonomy":"post_tag","embeddable":true,"href":"https:\/\/oma.skoletjenesten.no\/index.php?rest_route=%2Fwp%2Fv2%2Ftags&post=2348"}],"curies":[{"name":"wp","href":"https:\/\/api.w.org\/{rel}","templated":true}]}}