{"id":2330,"date":"2025-06-27T10:00:59","date_gmt":"2025-06-27T10:00:59","guid":{"rendered":"https:\/\/oma.skoletjenesten.no\/?p=2330"},"modified":"2026-02-05T22:06:32","modified_gmt":"2026-02-05T22:06:32","slug":"virtuell-virkelighet-26-25","status":"publish","type":"post","link":"https:\/\/oma.skoletjenesten.no\/?p=2330","title":{"rendered":"Virtuell virkelighet 26\/25"},"content":{"rendered":"\n<p><small>Denne spalten het tidligere <em>Alternative fakta<\/em>, som fortsatt er kategori-betegnelsen. I<em> Alternative fakta<\/em> l\u00e5 vekten ofte mer p\u00e5 det alternative enn p\u00e5 fakta. Her i <em>Virtuell virkelighet<\/em> kan vekten&nbsp; ligge mer p\u00e5 det virtuelle enn p\u00e5 virkeligheten.<\/small><\/p>\n\n\n\n<p><small>Navneskiftet ble forklart i <a href=\"http:\/\/ttt.skoletjenesten.no\/alternative-fakta-3-21\/\" target=\"_blank\" rel=\"noreferrer noopener\">siste utgave av Alternative fakta 15. januar 2021<\/a>.<\/small><\/p>\n\n\n\n<hr class=\"wp-block-separator has-alpha-channel-opacity\"\/>\n\n\n\n<hr class=\"wp-block-separator has-alpha-channel-opacity\"\/>\n\n\n<div class=\"wp-block-image is-style-twentytwentyone-border\">\n<figure class=\"alignright size-full\"><a href=\"http:\/\/ttt.skoletjenesten.no\/wp-content\/uploads\/2025\/06\/10_BabyDon---Trump.mp3\" target=\"_blank\" rel=\" noreferrer noopener\"><img loading=\"lazy\" decoding=\"async\" width=\"390\" height=\"307\" src=\"https:\/\/oma.skoletjenesten.no\/wp-content\/uploads\/2025\/06\/10_Donald-OK_Opera-Bilde_2025-06-26_161847_oma.skoletjenesten.no_.png\" alt=\"\" class=\"wp-image-2340\" srcset=\"https:\/\/oma.skoletjenesten.no\/wp-content\/uploads\/2025\/06\/10_Donald-OK_Opera-Bilde_2025-06-26_161847_oma.skoletjenesten.no_.png 390w, https:\/\/oma.skoletjenesten.no\/wp-content\/uploads\/2025\/06\/10_Donald-OK_Opera-Bilde_2025-06-26_161847_oma.skoletjenesten.no_-300x236.png 300w\" sizes=\"auto, (max-width: 390px) 100vw, 390px\" \/><\/a><figcaption class=\"wp-element-caption\">Fra <em><a href=\"https:\/\/oma.skoletjenesten.no\/?p=1636\" data-type=\"link\" data-id=\"https:\/\/oma.skoletjenesten.no\/?p=1636\" target=\"_blank\" rel=\"noreferrer noopener\">Presidenter o.l.<\/a><\/em> (mars 2025), Klikk for \u00e5 h\u00f8re BBC-opptak av baby Don.<\/figcaption><\/figure>\n<\/div>\n\n\n<p><strong><em>Vv 1: Baby.<\/em><\/strong> En gang hadde Haiti sin \u00abbaby Doc\u00bb, som fikk kallenavnet fordi han overtok som diktator etter faren (\u00abpapa Doc\u00bb), som var lege. Sambandsstatene har sin \u00abbaby Don\u00bb. Klikk p\u00e5 bildet ved siden av for \u00e5 h\u00f8re hvorfor han har f\u00e5tt tilnavnet.<\/p>\n\n\n\n<p><a href=\"mailto:ttt@skoletjenesten.no?cc=&amp;bcc=&amp;subject=Vv%201\/26&amp;amptarget=\"><em>Kommenter denne notisen<\/em><\/a><\/p>\n\n\n\n<p class=\"has-text-align-center\">\u058e\u058e\u058e<\/p>\n\n\n\n<p><strong><em>Vv 2: Navnetr\u00f8bbel<\/em>.<\/strong> Iran, Uran, Ukraina \u2013 selvsagt blir det vanskelig for baby Don (se forrige notis, Vv-1) med alle disse nesten likelydende navnene. Da er det enklere med Gr\u00f8nland, Mexico og Canada, bare det sistnevnte landet f\u00e5r <a href=\"https:\/\/oma.skoletjenesten.no\/?p=2065\/#canada-uttale\" data-type=\"link\" data-id=\"https:\/\/oma.skoletjenesten.no\/?p=2065\/#canada-uttale\" target=\"_blank\" rel=\"noreferrer noopener\">orden p\u00e5 uttalen av navnet<\/a>.<\/p>\n\n\n\n<p><a href=\"mailto:ttt@skoletjenesten.no?cc=&amp;bcc=&amp;subject=Vv%202\/26&amp;amptarget=\"><em>Kommenter denne notisen<\/em><\/a><\/p>\n\n\n\n<p class=\"has-text-align-center\">\u058e\u058e\u058e<\/p>\n\n\n<div class=\"wp-block-image is-style-twentytwentyone-border\">\n<figure class=\"alignright size-full\"><img loading=\"lazy\" decoding=\"async\" width=\"491\" height=\"354\" src=\"https:\/\/oma.skoletjenesten.no\/wp-content\/uploads\/2025\/06\/30_Reklameagn_Opera-Bilde_2025-06-20_212426_play.tv2_.no_.png\" alt=\"\" class=\"wp-image-2332\" srcset=\"https:\/\/oma.skoletjenesten.no\/wp-content\/uploads\/2025\/06\/30_Reklameagn_Opera-Bilde_2025-06-20_212426_play.tv2_.no_.png 491w, https:\/\/oma.skoletjenesten.no\/wp-content\/uploads\/2025\/06\/30_Reklameagn_Opera-Bilde_2025-06-20_212426_play.tv2_.no_-300x216.png 300w\" sizes=\"auto, (max-width: 491px) 100vw, 491px\" \/><figcaption class=\"wp-element-caption\">Agn p\u00e5 TV&#8217;2.<\/figcaption><\/figure>\n<\/div>\n\n\n<p><strong><em>Vv 3: Agn.<\/em><\/strong> Bildet ved siden av er fra en TV-reklame for makrell i tomat. Det er sjelden \u00e5 se se slik \u00e6rlighet i reklame. Her sies det jo billedlig at produktet er et agn. Hva kan Stabburet as ha blandet i makrellen eller tomaten?<\/p>\n\n\n\n<p><a href=\"mailto:ttt@skoletjenesten.no?cc=&amp;bcc=&amp;subject=Vv%203\/26&amp;amptarget=\"><em>Kommenter denne notisen<\/em><\/a><\/p>\n\n\n\n<p class=\"has-text-align-center\">\u058e\u058e\u058e<\/p>\n\n\n<div class=\"wp-block-image is-style-twentytwentyone-border\">\n<figure class=\"alignright size-large\"><img loading=\"lazy\" decoding=\"async\" width=\"1024\" height=\"441\" src=\"https:\/\/oma.skoletjenesten.no\/wp-content\/uploads\/2025\/06\/50_TV2spraak-Oppstod_Opera-Bilde_2025-06-19_184739_play.tv2_.no_-1024x441.png\" alt=\"\" class=\"wp-image-2333\" srcset=\"https:\/\/oma.skoletjenesten.no\/wp-content\/uploads\/2025\/06\/50_TV2spraak-Oppstod_Opera-Bilde_2025-06-19_184739_play.tv2_.no_-1024x441.png 1024w, https:\/\/oma.skoletjenesten.no\/wp-content\/uploads\/2025\/06\/50_TV2spraak-Oppstod_Opera-Bilde_2025-06-19_184739_play.tv2_.no_-300x129.png 300w, https:\/\/oma.skoletjenesten.no\/wp-content\/uploads\/2025\/06\/50_TV2spraak-Oppstod_Opera-Bilde_2025-06-19_184739_play.tv2_.no_-768x331.png 768w, https:\/\/oma.skoletjenesten.no\/wp-content\/uploads\/2025\/06\/50_TV2spraak-Oppstod_Opera-Bilde_2025-06-19_184739_play.tv2_.no_.png 1429w\" sizes=\"auto, (max-width: 1024px) 100vw, 1024px\" \/><figcaption class=\"wp-element-caption\">Feilmelding p\u00e5 TV-2.<\/figcaption><\/figure>\n<\/div>\n\n\n<p><strong><em>Vv 4: Gammeldags?<\/em><\/strong> De som skriver feilmeldingsplakater i TV-2 er enten veldig gamle eller ikke helt st\u00f8 i moderne norsk. Skrivem\u00e5ten <em>oppstod<\/em> gikk trolig ut av vanlig bruk ved rettskrivingsreformen i 1917, og virker i dag mer gammelmodig enn det TV-2 trolig \u00f8nsker \u00e5 fremst\u00e5 som.<\/p>\n\n\n\n<p><a href=\"mailto:ttt@skoletjenesten.no?cc=&amp;bcc=&amp;subject=Vv%204\/26&amp;amptarget=\"><em>Kommenter denne notisen<\/em><\/a><\/p>\n\n\n\n<p class=\"has-text-align-center\">\u058e\u058e\u058e<\/p>\n\n\n<div class=\"wp-block-image is-style-twentytwentyone-border\">\n<figure class=\"alignright size-full\"><img loading=\"lazy\" decoding=\"async\" width=\"458\" height=\"262\" src=\"https:\/\/oma.skoletjenesten.no\/wp-content\/uploads\/2025\/06\/60_NRK-Dette-er-humor_OK_Screenshot_20250624-230920.jpg\" alt=\"\" class=\"wp-image-2334\" srcset=\"https:\/\/oma.skoletjenesten.no\/wp-content\/uploads\/2025\/06\/60_NRK-Dette-er-humor_OK_Screenshot_20250624-230920.jpg 458w, https:\/\/oma.skoletjenesten.no\/wp-content\/uploads\/2025\/06\/60_NRK-Dette-er-humor_OK_Screenshot_20250624-230920-300x172.jpg 300w\" sizes=\"auto, (max-width: 458px) 100vw, 458px\" \/><figcaption class=\"wp-element-caption\">Humoekues p\u00e5 NRK.<\/figcaption><\/figure>\n<\/div>\n\n\n<p><strong><em>Vv 5: Smilekurs?<\/em><\/strong> TV-underholdningen i NRK er ikke hva den var, p\u00e5st\u00e5s det. Den skattefinansierte mediebedriften har tatt konsekvensen av dette, og lanserer n\u00e5 TV-kurset <em>Dette er humor<\/em>. Ryktene sier at man planlegger et radiokurs om \u00e5 forklare poenget i en vits.<\/p>\n\n\n\n<p><a href=\"mailto:ttt@skoletjenesten.no?cc=&amp;bcc=&amp;subject=Vv%205\/26&amp;amptarget=\"><em>Kommenter denne notisen<\/em><\/a><\/p>\n\n\n\n<p class=\"has-text-align-center\">\u058e\u058e\u058e<\/p>\n\n\n\n<p><strong><em>Vv 6: BBC-lyd.<\/em> <\/strong>BBC (finansiert av britiske skattebetalere?) setter krav til opptaksforholdene ogs\u00e5 ved utereportasjer:<\/p>\n\n\n\n<figure class=\"wp-block-audio\"><audio controls src=\"https:\/\/oma.skoletjenesten.no\/wp-content\/uploads\/2025\/06\/70_Utestudio-Lydunnskyldning_250621_BBC-Worls-Sportsworld_Rapport-fra-fortauskafe.mp3\"><\/audio><\/figure>\n\n\n\n<p><a href=\"mailto:ttt@skoletjenesten.no?cc=&amp;bcc=&amp;subject=Vv%206\/26&amp;amptarget=\"><em>Kommenter denne notisen<\/em><\/a><\/p>\n\n\n\n<p class=\"has-text-align-center\">\u058e\u058e\u058e<\/p>\n\n\n\n<p id=\"balkongstudio\"><strong>Vv 7: NRK-lyd.<\/strong> NRK (finansiert av norske skattebetalere) synes ikke lydkvaliteten er s\u00e5 viktig, og sparer derfor penger til noe s\u00e5 enkelt som et lydskjermet rom i tilknytning til utenlandskorrespondentens kontor. Jan Espen Kruse forteller om balkongen i Moskva:<\/p>\n\n\n\n<figure class=\"wp-block-audio\"><audio controls src=\"https:\/\/oma.skoletjenesten.no\/wp-content\/uploads\/2025\/06\/80_Utestudio-Balkong_250607_NRK-Urix_JanEspenKruse.mp3\"><\/audio><\/figure>\n\n\n\n<p><a href=\"mailto:ttt@skoletjenesten.no?cc=&amp;bcc=&amp;subject=Vv%207\/26&amp;amptarget=\"><em>Kommenter denne notisen<\/em><\/a><\/p>\n\n\n\n<p class=\"has-text-align-center\">\u058e\u058e\u058e<\/p>\n\n\n\n<p><strong><em>Vv 8: Lydskrift.<\/em><\/strong> Nyhetsmeldinger i TV leses fra en skjerm. I den skattefinansierte TV-kanalen NRK brukes n\u00e5 lydskrift, slik at medarbeiderne ikke av vanvare uttaler ord slik de det faller dem naturlig. Bloggeren husker fremdeles da det en gang ble satt over til Spj\u00e6lkavik \u2013 uttalt med samme -\u00e6l- som i klippet nedenfor.<\/p>\n\n\n\n<figure class=\"wp-block-image size-full is-resized is-style-twentytwentyone-border\"><a href=\"http:\/\/ttt.skoletjenesten.no\/wp-content\/uploads\/2025\/06\/90_Lydskrift---God-haelj_Opera%20Bilde_2025-06-20_195221_tv.nrk.mp3\" target=\"_blank\" rel=\" noreferrer noopener\"><img loading=\"lazy\" decoding=\"async\" width=\"273\" height=\"166\" src=\"https:\/\/oma.skoletjenesten.no\/wp-content\/uploads\/2025\/06\/90_Lydskrift-God-haelj_Opera-Bilde_2025-06-20_195221_tv.nrk_.no_.png\" alt=\"\" class=\"wp-image-2341\" style=\"width:610px;height:auto\"\/><\/a><figcaption class=\"wp-element-caption\">Klikk for \u00e5 h\u00f8re riktig NRK-uttale.<\/figcaption><\/figure>\n\n\n\n<p><a href=\"mailto:ttt@skoletjenesten.no?cc=&amp;bcc=&amp;subject=Vv%208\/26&amp;amptarget=\"><em>Kommenter denne notisen<\/em><\/a><\/p>\n\n\n\n<div style=\"height:100px\" aria-hidden=\"true\" class=\"wp-block-spacer\"><\/div>\n\n\n\n<hr class=\"wp-block-separator has-alpha-channel-opacity\"\/>\n\n\n\n<p class=\"has-text-align-center\"><em><a href=\"https:\/\/oma.skoletjenesten.no\/?p=2359\">Til innholdsliste for denne utgaven<\/a><\/em><\/p>\n\n\n\n<p><\/p>\n","protected":false},"excerpt":{"rendered":"<p>Denne spalten het tidligere Alternative fakta, som fortsatt er kategori-betegnelsen. I Alternative fakta l\u00e5 vekten ofte mer p\u00e5 det alternative enn p\u00e5 fakta. Her i Virtuell virkelighet kan vekten&nbsp; ligge mer p\u00e5 det virtuelle enn p\u00e5 virkeligheten. Navneskiftet ble forklart i siste utgave av Alternative fakta 15. januar 2021. Vv 1: Baby. En gang hadde&hellip; <a class=\"more-link\" href=\"https:\/\/oma.skoletjenesten.no\/?p=2330\">Fortsett \u00e5 lese <span class=\"screen-reader-text\">Virtuell virkelighet 26\/25<\/span><\/a><\/p>\n","protected":false},"author":1,"featured_media":0,"comment_status":"open","ping_status":"open","sticky":false,"template":"","format":"standard","meta":{"footnotes":""},"categories":[11],"tags":[],"class_list":["post-2330","post","type-post","status-publish","format-standard","hentry","category-alternative-fakta","entry"],"_links":{"self":[{"href":"https:\/\/oma.skoletjenesten.no\/index.php?rest_route=\/wp\/v2\/posts\/2330","targetHints":{"allow":["GET"]}}],"collection":[{"href":"https:\/\/oma.skoletjenesten.no\/index.php?rest_route=\/wp\/v2\/posts"}],"about":[{"href":"https:\/\/oma.skoletjenesten.no\/index.php?rest_route=\/wp\/v2\/types\/post"}],"author":[{"embeddable":true,"href":"https:\/\/oma.skoletjenesten.no\/index.php?rest_route=\/wp\/v2\/users\/1"}],"replies":[{"embeddable":true,"href":"https:\/\/oma.skoletjenesten.no\/index.php?rest_route=%2Fwp%2Fv2%2Fcomments&post=2330"}],"version-history":[{"count":11,"href":"https:\/\/oma.skoletjenesten.no\/index.php?rest_route=\/wp\/v2\/posts\/2330\/revisions"}],"predecessor-version":[{"id":3014,"href":"https:\/\/oma.skoletjenesten.no\/index.php?rest_route=\/wp\/v2\/posts\/2330\/revisions\/3014"}],"wp:attachment":[{"href":"https:\/\/oma.skoletjenesten.no\/index.php?rest_route=%2Fwp%2Fv2%2Fmedia&parent=2330"}],"wp:term":[{"taxonomy":"category","embeddable":true,"href":"https:\/\/oma.skoletjenesten.no\/index.php?rest_route=%2Fwp%2Fv2%2Fcategories&post=2330"},{"taxonomy":"post_tag","embeddable":true,"href":"https:\/\/oma.skoletjenesten.no\/index.php?rest_route=%2Fwp%2Fv2%2Ftags&post=2330"}],"curies":[{"name":"wp","href":"https:\/\/api.w.org\/{rel}","templated":true}]}}