{"id":232,"date":"2024-08-21T10:02:46","date_gmt":"2024-08-21T10:02:46","guid":{"rendered":"https:\/\/oma.skoletjenesten.no\/?p=232"},"modified":"2024-08-23T15:08:56","modified_gmt":"2024-08-23T15:08:56","slug":"bromsebro-m-m","status":"publish","type":"post","link":"https:\/\/oma.skoletjenesten.no\/?p=232","title":{"rendered":"Br\u00f6msebro m.m."},"content":{"rendered":"\n<p>I dag er det 379 \u00e5r siden <a href=\"https:\/\/no.wikipedia.org\/wiki\/Freden_i_Br\u00f6msebro\" target=\"_blank\" rel=\"noreferrer noopener\">freden i Br\u00f6msebro<\/a>. P\u00e5 den tiden fulgte de den julianske kalenderen, som viste 13 august.<\/p>\n\n\n\n<p>Som medstifter av den enn\u00e5 ikke nedlagte <em>Foreningen mot freden i Br\u00f6msebro<\/em> burde jeg kanskje ha flagget p\u00e5 halv stang? For et av punktene i fredsavtalen var at <a href=\"https:\/\/ttt.skoletjenesten.no\/en-fredsavtale-landavstaelser-og-en-plass\/\" target=\"_blank\" rel=\"noreferrer noopener\">J\u00e4mtland og H\u00e4rjedalen<\/a> skulle avst\u00e5s fra Danmark-Norge til Sverige.<\/p>\n\n\n\n<p>I forbindelse med Sveriges NATO-s\u00f8knad trodde jeg det var mulig \u00e5 f\u00e5 J\u00e4mtland og H\u00e4rjedalen tilbakef\u00f8rt til Norge, men den gang ei. Og Bohusl\u00e4n, som ble svensk i 1648, har visst ikke v\u00e6rt inne i NATO-forhandlingene i det hele tatt.<\/p>\n\n\n<div class=\"wp-block-image is-style-twentytwentyone-border\">\n<figure class=\"alignright size-full\"><img loading=\"lazy\" decoding=\"async\" width=\"768\" height=\"504\" src=\"https:\/\/oma.skoletjenesten.no\/wp-content\/uploads\/2024\/08\/Det-Norske-Teatret_Opera-Bilde_2024-08-21_110249_riksantikvaren.no_.png\" alt=\"\" class=\"wp-image-233\" srcset=\"https:\/\/oma.skoletjenesten.no\/wp-content\/uploads\/2024\/08\/Det-Norske-Teatret_Opera-Bilde_2024-08-21_110249_riksantikvaren.no_.png 768w, https:\/\/oma.skoletjenesten.no\/wp-content\/uploads\/2024\/08\/Det-Norske-Teatret_Opera-Bilde_2024-08-21_110249_riksantikvaren.no_-300x197.png 300w\" sizes=\"auto, (max-width: 768px) 100vw, 768px\" \/><figcaption class=\"wp-element-caption\">\u00abMin\u00bb <em>Kristin Lavransdatter<\/em> gikk p\u00e5 Det Norske Teatret da det l\u00e5 i Stortingsgaten. <\/figcaption><\/figure>\n<\/div>\n\n\n<p>Da er det hyggeligere \u00e5 gratulere skuespilleren <a href=\"https:\/\/snl.no\/Rut_Tellefsen\" target=\"_blank\" rel=\"noreferrer noopener\">Rut Tellefsen<\/a> med dagen; hun fyller 94 \u00e5r i dag. Hun hadde tittelrollen da Sigrid Undsets romantrilogi <em>Kristin Lavransdatter<\/em> gikk p\u00e5 Det Norske Teatret (som da holdt til i Stortingsgaten) p\u00e5 1960-tallet. Inspekt\u00f8r Rud var representant for Skoleteateret p\u00e5 Valler videreg\u00e5ende skole, og han skaffet billetter til en pris av kr 3,50 pr. stk.. Opplevelsen av de tre forestillingene (<em>Kransen<\/em>, <em>Husfrue<\/em> og <em>Korset<\/em>) var medvirkende til at jeg valgte middelalderen som s\u00e6remne i historie mellomfag.<\/p>\n\n\n<div class=\"wp-block-image is-style-twentytwentyone-border\">\n<figure class=\"alignright size-full\"><img loading=\"lazy\" decoding=\"async\" width=\"900\" height=\"593\" src=\"https:\/\/oma.skoletjenesten.no\/wp-content\/uploads\/2024\/08\/Henie-Onstad-kunstsenter_Opera-Bilde_2024-08-21_104427_www.google.com_.png\" alt=\"\" class=\"wp-image-234\" srcset=\"https:\/\/oma.skoletjenesten.no\/wp-content\/uploads\/2024\/08\/Henie-Onstad-kunstsenter_Opera-Bilde_2024-08-21_104427_www.google.com_.png 900w, https:\/\/oma.skoletjenesten.no\/wp-content\/uploads\/2024\/08\/Henie-Onstad-kunstsenter_Opera-Bilde_2024-08-21_104427_www.google.com_-300x198.png 300w, https:\/\/oma.skoletjenesten.no\/wp-content\/uploads\/2024\/08\/Henie-Onstad-kunstsenter_Opera-Bilde_2024-08-21_104427_www.google.com_-768x506.png 768w\" sizes=\"auto, (max-width: 900px) 100vw, 900px\" \/><figcaption class=\"wp-element-caption\">Henie-Onstad kunstsenter p\u00e5 H\u00f8vikodden kan ses og <a href=\"https:\/\/torgeirs-tanker.skoletjenesten.no\/lydforurensning\/\" target=\"_blank\" rel=\"noreferrer noopener\">h\u00f8res<\/a> fra bloggens hovedkvarter.<\/figcaption><\/figure>\n<\/div>\n\n\n<p>Henie-Onstad kunstsenter p\u00e5 H\u00f8vikodden ble \u00e5pnet p\u00e5 dagens dato i 1968. \u00c5pningen ble markert med fyrverkeri som jeg gjerne ville ha sett. Men jeg hadde kveldspermisjon fra milit\u00e6rtjeneste p\u00e5 Lahaugmoen, der jeg m\u00e5tte v\u00e6re tilbake senest 23:45.<\/p>\n\n\n\n<p>Avslutningsvis skal vi tilbake til striden om J\u00e4mtland og H\u00e4rjedalen. Sangen <em>Jag \u00e4r inte sjuk, jag \u00e4r bara svensk<\/em> h\u00f8res ut som svensk selvironi. Men den er innspilt av den norske gruppen <em><a href=\"https:\/\/no.wikipedia.org\/wiki\/Tr\u00f8ste_%26_B\u00e6re\" target=\"_blank\" rel=\"noreferrer noopener\">Tr\u00f8ste &amp; B\u00e6re<\/a><\/em>, og kan godt tenkes \u00e5 v\u00e6re del av den stadig p\u00e5g\u00e5ende striden.<\/p>\n\n\n\n<figure class=\"wp-block-embed is-type-video is-provider-youtube wp-block-embed-youtube wp-embed-aspect-4-3 wp-has-aspect-ratio\"><div class=\"wp-block-embed__wrapper\">\n<iframe loading=\"lazy\" title=\"Tr\u00f8ste &amp; B\u00e6re Jag \u00e4r inte sjuk\" width=\"750\" height=\"563\" src=\"https:\/\/www.youtube.com\/embed\/vz0rGmc5u_c?feature=oembed\" frameborder=\"0\" allow=\"accelerometer; autoplay; clipboard-write; encrypted-media; gyroscope; picture-in-picture; web-share\" referrerpolicy=\"strict-origin-when-cross-origin\" allowfullscreen><\/iframe>\n<\/div><\/figure>\n\n\n\n<hr class=\"wp-block-separator has-alpha-channel-opacity\"\/>\n\n\n\n<p class=\"has-text-align-center\"><em><a href=\"https:\/\/oma.skoletjenesten.no\/?p=237\">Til innholdsliste for denne utgaven<\/a><\/em><\/p>\n","protected":false},"excerpt":{"rendered":"<p>I dag er det 379 \u00e5r siden freden i Br\u00f6msebro. P\u00e5 den tiden fulgte de den julianske kalenderen, som viste 13 august. Som medstifter av den enn\u00e5 ikke nedlagte Foreningen mot freden i Br\u00f6msebro burde jeg kanskje ha flagget p\u00e5 halv stang? For et av punktene i fredsavtalen var at J\u00e4mtland og H\u00e4rjedalen skulle avst\u00e5s&hellip; <a class=\"more-link\" href=\"https:\/\/oma.skoletjenesten.no\/?p=232\">Fortsett \u00e5 lese <span class=\"screen-reader-text\">Br\u00f6msebro m.m.<\/span><\/a><\/p>\n","protected":false},"author":1,"featured_media":0,"comment_status":"open","ping_status":"open","sticky":false,"template":"","format":"standard","meta":{"footnotes":""},"categories":[10],"tags":[],"class_list":["post-232","post","type-post","status-publish","format-standard","hentry","category-dagen-i-dag","entry"],"_links":{"self":[{"href":"https:\/\/oma.skoletjenesten.no\/index.php?rest_route=\/wp\/v2\/posts\/232","targetHints":{"allow":["GET"]}}],"collection":[{"href":"https:\/\/oma.skoletjenesten.no\/index.php?rest_route=\/wp\/v2\/posts"}],"about":[{"href":"https:\/\/oma.skoletjenesten.no\/index.php?rest_route=\/wp\/v2\/types\/post"}],"author":[{"embeddable":true,"href":"https:\/\/oma.skoletjenesten.no\/index.php?rest_route=\/wp\/v2\/users\/1"}],"replies":[{"embeddable":true,"href":"https:\/\/oma.skoletjenesten.no\/index.php?rest_route=%2Fwp%2Fv2%2Fcomments&post=232"}],"version-history":[{"count":6,"href":"https:\/\/oma.skoletjenesten.no\/index.php?rest_route=\/wp\/v2\/posts\/232\/revisions"}],"predecessor-version":[{"id":280,"href":"https:\/\/oma.skoletjenesten.no\/index.php?rest_route=\/wp\/v2\/posts\/232\/revisions\/280"}],"wp:attachment":[{"href":"https:\/\/oma.skoletjenesten.no\/index.php?rest_route=%2Fwp%2Fv2%2Fmedia&parent=232"}],"wp:term":[{"taxonomy":"category","embeddable":true,"href":"https:\/\/oma.skoletjenesten.no\/index.php?rest_route=%2Fwp%2Fv2%2Fcategories&post=232"},{"taxonomy":"post_tag","embeddable":true,"href":"https:\/\/oma.skoletjenesten.no\/index.php?rest_route=%2Fwp%2Fv2%2Ftags&post=232"}],"curies":[{"name":"wp","href":"https:\/\/api.w.org\/{rel}","templated":true}]}}