{"id":2289,"date":"2025-06-20T10:01:23","date_gmt":"2025-06-20T10:01:23","guid":{"rendered":"https:\/\/oma.skoletjenesten.no\/?p=2289"},"modified":"2025-06-20T16:45:55","modified_gmt":"2025-06-20T16:45:55","slug":"virtuell-virkelighet-25-25","status":"publish","type":"post","link":"https:\/\/oma.skoletjenesten.no\/?p=2289","title":{"rendered":"Virtuell virkelighet 25\/25"},"content":{"rendered":"\n<p><small>Denne spalten het tidligere <em>Alternative fakta<\/em>, som fortsatt er kategori-betegnelsen. I<em> Alternative fakta<\/em> l\u00e5 vekten ofte mer p\u00e5 det alternative enn p\u00e5 fakta. Her i <em>Virtuell virkelighet<\/em> kan vekten&nbsp; ligge mer p\u00e5 det virtuelle enn p\u00e5 virkeligheten.<\/small><\/p>\n\n\n\n<p><small>Navneskiftet ble forklart i <a href=\"http:\/\/ttt.skoletjenesten.no\/alternative-fakta-3-21\/\" target=\"_blank\" rel=\"noreferrer noopener\">siste utgave av Alternative fakta 15. januar 2021<\/a>.<\/small><\/p>\n\n\n\n<hr class=\"wp-block-separator has-alpha-channel-opacity\"\/>\n\n\n\n<p><strong><em>Vv 1: Kongeholdning.<\/em><\/strong> \u00abDet man klarte i g\u00e5r, det klarer man ogs\u00e5 i dag,\u00bb sa kong Harald p\u00e5 Svalbard (if\u00f8lge den skattefinansierte radiokanalen NRK) da kongeparets bes\u00f8k der gikk mot slutten. Tidligere har han sagt: \u00abJeg er frisk inntil det motsatte er bevist.\u00bb Les hva Ingvard Wilhelmsen skriver om det han kaller \u00abkongeholdningen\u00bb i artikkelen <em><a href=\"https:\/\/psykologisk.no\/2017\/08\/velg-kongen-til-radgiver\/\" data-type=\"link\" data-id=\"https:\/\/psykologisk.no\/2017\/08\/velg-kongen-til-radgiver\/\" target=\"_blank\" rel=\"noreferrer noopener\">Velg kongen til r\u00e5dgiver<\/a><\/em>.<\/p>\n\n\n\n<p><a href=\"mailto:ttt@skoletjenesten.no?cc=&amp;bcc=&amp;subject=Vv%201\/25&amp;amptarget=\"><em>Kommenter denne notisen<\/em><\/a><\/p>\n\n\n\n<p class=\"has-text-align-center\">\u058e\u058e\u058e<\/p>\n\n\n\n<p><strong><em>Vv 2: Ud\u00f8delig.<\/em><\/strong> Irans milit\u00e6re ledere later til \u00e5 v\u00e6re ud\u00f8delige. Slik tolker i hvert fall bloggeren en melding i den skattefinansierte radiokanalen NRK:<\/p>\n\n\n\n<figure class=\"wp-block-audio\"><audio controls src=\"https:\/\/oma.skoletjenesten.no\/wp-content\/uploads\/2025\/06\/20_Drept-igjen_250617_NRK-AlltidNyheter_ElineBuvarpAardal_Nyhetsmelding.mp3\"><\/audio><figcaption class=\"wp-element-caption\">NRK Alltid Nyheter 17. juni 2025.<\/figcaption><\/figure>\n\n\n\n<p><a href=\"mailto:ttt@skoletjenesten.no?cc=&amp;bcc=&amp;subject=Vv%202\/25&amp;amptarget=\"><em>Kommenter denne notisen<\/em><\/a><\/p>\n\n\n\n<p class=\"has-text-align-center\">\u058e\u058e\u058e<\/p>\n\n\n<div class=\"wp-block-image\">\n<figure class=\"alignright size-full\"><a href=\"https:\/\/oma.skoletjenesten.no\/wp-content\/uploads\/2025\/06\/30_Kirke-Islam-Nattklubb.jpg\" target=\"_blank\" rel=\" noreferrer noopener\"><img loading=\"lazy\" decoding=\"async\" width=\"502\" height=\"402\" src=\"https:\/\/oma.skoletjenesten.no\/wp-content\/uploads\/2025\/06\/30_Kirke-Islam-Nattklubb.jpg\" alt=\"\" class=\"wp-image-2305\" srcset=\"https:\/\/oma.skoletjenesten.no\/wp-content\/uploads\/2025\/06\/30_Kirke-Islam-Nattklubb.jpg 502w, https:\/\/oma.skoletjenesten.no\/wp-content\/uploads\/2025\/06\/30_Kirke-Islam-Nattklubb-300x240.jpg 300w\" sizes=\"auto, (max-width: 502px) 100vw, 502px\" \/><\/a><figcaption class=\"wp-element-caption\"> Aftenposten 4. april 2025.<\/figcaption><\/figure>\n<\/div>\n\n\n<p><strong><em>Vv 3: Kirke-ramadan.<\/em><\/strong> Nederste del av Universitetsgaten i Oslo har de siste to \u00e5rene v\u00e6rt pyntet som <a href=\"https:\/\/torgeirs-tanker.skoletjenesten.no\/virtuell-virkelighet-12-24\/#ramadangate\" data-type=\"link\" data-id=\"https:\/\/torgeirs-tanker.skoletjenesten.no\/virtuell-virkelighet-12-24\/#ramadangate\" target=\"_blank\" rel=\"noreferrer noopener\">ramadan-gate<\/a> under muslimenes fastem\u00e5ned. Det viser seg at ogs\u00e5 enkelte kirker har markert ramadan. Aftenpostens <em>Under Streken<\/em> viderebringer en kommentar til fenomenet \u00abkirke-ramadan\u00bb.<\/p>\n\n\n\n<p><a href=\"mailto:ttt@skoletjenesten.no?cc=&amp;bcc=&amp;subject=Vv%203\/25&amp;amptarget=\"><em>Kommenter denne notisen<\/em><\/a><\/p>\n\n\n\n<p class=\"has-text-align-center\">\u058e\u058e\u058e<\/p>\n\n\n\n<p><strong><em>Vv 4: TV-radio.<\/em><\/strong> Knut Magnus Berge i den skattefinansierte mediebedriften NRK har arbeidet b\u00e5de i Dagsnytt (radio) og i Dagsrevyen (fjernsyn). Likevel vet han \u00e5penbart ikke at det bare er fjernsynet som har bilder. H\u00f8r hans introduksjon til en reportasje fra Tel Aviv:<\/p>\n\n\n\n<figure class=\"wp-block-audio\"><audio controls src=\"https:\/\/oma.skoletjenesten.no\/wp-content\/uploads\/2025\/06\/35_TVRadio-Bildene-vi-ser_250619_NRK-AlltidNyheter_KnutMariusBerge_Studiointro1.mp3\"><\/audio><figcaption class=\"wp-element-caption\">NRK Alltid Nyheter 19. juni 2025.<\/figcaption><\/figure>\n\n\n\n<p><a href=\"mailto:ttt@skoletjenesten.no?cc=&amp;bcc=&amp;subject=Vv%204\/25&amp;amptarget=\"><em>Kommenter denne notisen<\/em><\/a><\/p>\n\n\n\n<p class=\"has-text-align-center\">\u058e\u058e\u058e<\/p>\n\n\n\n<p><strong><em>Vv 5: KI-1<\/em>.<\/strong> Troms\u00f8 kommune skulle vurdere skolestrukturen og brukte kunstig intelligens for \u00e5 fremskaffe et kunnskapsgrunnlag. Det gikk som det m\u00e5tte g\u00e5. Aftenpostens overskrift ved siden av setter fingeren p\u00e5 problemet.<\/p>\n\n\n\n<p><a href=\"mailto:ttt@skoletjenesten.no?cc=&amp;bcc=&amp;subject=Vv%205\/25&amp;amptarget=\"><em>Kommenter denne notisen<\/em><\/a><\/p>\n\n\n\n<p class=\"has-text-align-center\">\u058e\u058e\u058e<\/p>\n\n\n\n<p><strong><em>Vv 6: KI-2.<\/em><\/strong> Denne bloggen bruker kunstig intelligens (KI) i form av diktafonprogrammet <em><a href=\"https:\/\/speechnotes.co\" data-type=\"link\" data-id=\"https:\/\/speechnotes.co\" target=\"_blank\" rel=\"noreferrer noopener\">Speechnotes<\/a><\/em>. KI-resultatet m\u00e5 korrekturleses. Bildet ved siden av viser hvordan diktafonen \u00abstavet\u00bb Jacques Offenbach (uttalt p\u00e5 fransk), som er omtalt helt til slutt i innlegget <em><a href=\"https:\/\/oma.skoletjenesten.no\/?p=2283\/#offenbach\" data-type=\"link\" data-id=\"https:\/\/oma.skoletjenesten.no\/?p=2283\/#offenbach\" target=\"_blank\" rel=\"noreferrer noopener\">Sport, storting og spionasje<\/a><\/em>.<\/p>\n\n\n\n<figure class=\"wp-block-image size-full\"><img loading=\"lazy\" decoding=\"async\" width=\"616\" height=\"56\" src=\"https:\/\/oma.skoletjenesten.no\/wp-content\/uploads\/2025\/06\/50_KIdiktadon.jpg\" alt=\"\" class=\"wp-image-2304\" srcset=\"https:\/\/oma.skoletjenesten.no\/wp-content\/uploads\/2025\/06\/50_KIdiktadon.jpg 616w, https:\/\/oma.skoletjenesten.no\/wp-content\/uploads\/2025\/06\/50_KIdiktadon-300x27.jpg 300w\" sizes=\"auto, (max-width: 616px) 100vw, 616px\" \/><figcaption class=\"wp-element-caption\">Speechnotes pr\u00f8ver \u00e5 skrive \u00abJacques Offenbach\u00bb.<\/figcaption><\/figure>\n\n\n\n<p><a href=\"mailto:ttt@skoletjenesten.no?cc=&amp;bcc=&amp;subject=Vv%206\/25&amp;amptarget=\"><em>Kommenter denne notisen<\/em><\/a><\/p>\n\n\n\n<p class=\"has-text-align-center\">\u058e\u058e\u058e<\/p>\n\n\n<div class=\"wp-block-image\">\n<figure class=\"alignright size-full\"><a href=\"https:\/\/oma.skoletjenesten.no\/wp-content\/uploads\/2025\/06\/60_Genimelding.jpg\" target=\"_blank\" rel=\" noreferrer noopener\"><img loading=\"lazy\" decoding=\"async\" width=\"859\" height=\"483\" src=\"https:\/\/oma.skoletjenesten.no\/wp-content\/uploads\/2025\/06\/60_Genimelding.jpg\" alt=\"\" class=\"wp-image-2306\" srcset=\"https:\/\/oma.skoletjenesten.no\/wp-content\/uploads\/2025\/06\/60_Genimelding.jpg 859w, https:\/\/oma.skoletjenesten.no\/wp-content\/uploads\/2025\/06\/60_Genimelding-300x169.jpg 300w, https:\/\/oma.skoletjenesten.no\/wp-content\/uploads\/2025\/06\/60_Genimelding-768x432.jpg 768w\" sizes=\"auto, (max-width: 859px) 100vw, 859px\" \/><\/a><figcaption class=\"wp-element-caption\">Klikk for \u00e5 lese e-posten om bloggerens kongelige opphav.<\/figcaption><\/figure>\n<\/div>\n\n\n<p><strong><em>Vv 7: KI-3<\/em>.<\/strong> For noen \u00e5r siden brukte bloggeren den nettbaserte slektsdatabasen <em>Geni<\/em>, og lurte p\u00e5 hva den kunne fortelle om hans aner. Det viste seg \u2013 i hvert fall if\u00f8lge <em>Geni<\/em>s kunstige intelligens \u2013 at bloggeren er av kongelig byrd. Det fikk han en e-post om.<\/p>\n\n\n\n<p><a href=\"mailto:ttt@skoletjenesten.no?cc=&amp;bcc=&amp;subject=Vv%207\/25&amp;amptarget=\"><em>Kommenter denne notisen<\/em><\/a><\/p>\n\n\n\n<p class=\"has-text-align-center\">\u058e\u058e\u058e<\/p>\n\n\n\n<p><strong><em>Vv 8: Mugg-pris.<\/em><\/strong> \u00abVi gir oss aldri p\u00e5 pris,\u00bb p\u00e5st\u00e5r Kiwi. Gjennom noen uker har bloggeren m\u00e5ttet kaste halvparten av det han har kj\u00f8pt der av frukt og gr\u00f8nt, fordi det har mugnet. Han tror derfor at pris-p\u00e5standen er sann \u2013 og til fordel for Kiwi.<\/p>\n\n\n\n<p><a href=\"mailto:ttt@skoletjenesten.no?cc=&amp;bcc=&amp;subject=Vv%208\/25&amp;amptarget=\"><em>Kommenter denne notisen<\/em><\/a><\/p>\n\n\n\n<p class=\"has-text-align-center\">\u058e\u058e\u058e<\/p>\n\n\n\n<p><strong><em>Vv 9: Verkstedteknikk.<\/em><\/strong> Bloggeren forst\u00e5r ikke helt hva som skiftes i filmen nedenfor. Men han blir fascinert av m\u00e5ten det gj\u00f8res p\u00e5. Et lite dekkskift samtidig hadde kanskje v\u00e6rt bra?<\/p>\n\n\n\n<figure class=\"wp-block-image size-full\"><a href=\"https:\/\/www.facebook.com\/watch?v=586378607577164\" target=\"_blank\" rel=\" noreferrer noopener\"><img loading=\"lazy\" decoding=\"async\" width=\"769\" height=\"531\" src=\"https:\/\/oma.skoletjenesten.no\/wp-content\/uploads\/2025\/06\/90_Bilmekaniker.jpg\" alt=\"\" class=\"wp-image-2307\" srcset=\"https:\/\/oma.skoletjenesten.no\/wp-content\/uploads\/2025\/06\/90_Bilmekaniker.jpg 769w, https:\/\/oma.skoletjenesten.no\/wp-content\/uploads\/2025\/06\/90_Bilmekaniker-300x207.jpg 300w\" sizes=\"auto, (max-width: 769px) 100vw, 769px\" \/><\/a><figcaption class=\"wp-element-caption\">Klikk for \u00e5 se bilmekanisk arbeid.<\/figcaption><\/figure>\n\n\n\n<p><a href=\"mailto:ttt@skoletjenesten.no?cc=&amp;bcc=&amp;subject=Vv%209\/25&amp;amptarget=\"><em>Kommenter denne notisen<\/em><\/a><\/p>\n\n\n\n<p><\/p>\n","protected":false},"excerpt":{"rendered":"<p>Denne spalten het tidligere Alternative fakta, som fortsatt er kategori-betegnelsen. I Alternative fakta l\u00e5 vekten ofte mer p\u00e5 det alternative enn p\u00e5 fakta. Her i Virtuell virkelighet kan vekten&nbsp; ligge mer p\u00e5 det virtuelle enn p\u00e5 virkeligheten. Navneskiftet ble forklart i siste utgave av Alternative fakta 15. januar 2021. Vv 1: Kongeholdning. \u00abDet man klarte&hellip; <a class=\"more-link\" href=\"https:\/\/oma.skoletjenesten.no\/?p=2289\">Fortsett \u00e5 lese <span class=\"screen-reader-text\">Virtuell virkelighet 25\/25<\/span><\/a><\/p>\n","protected":false},"author":1,"featured_media":0,"comment_status":"open","ping_status":"open","sticky":false,"template":"","format":"standard","meta":{"footnotes":""},"categories":[11],"tags":[],"class_list":["post-2289","post","type-post","status-publish","format-standard","hentry","category-alternative-fakta","entry"],"_links":{"self":[{"href":"https:\/\/oma.skoletjenesten.no\/index.php?rest_route=\/wp\/v2\/posts\/2289","targetHints":{"allow":["GET"]}}],"collection":[{"href":"https:\/\/oma.skoletjenesten.no\/index.php?rest_route=\/wp\/v2\/posts"}],"about":[{"href":"https:\/\/oma.skoletjenesten.no\/index.php?rest_route=\/wp\/v2\/types\/post"}],"author":[{"embeddable":true,"href":"https:\/\/oma.skoletjenesten.no\/index.php?rest_route=\/wp\/v2\/users\/1"}],"replies":[{"embeddable":true,"href":"https:\/\/oma.skoletjenesten.no\/index.php?rest_route=%2Fwp%2Fv2%2Fcomments&post=2289"}],"version-history":[{"count":12,"href":"https:\/\/oma.skoletjenesten.no\/index.php?rest_route=\/wp\/v2\/posts\/2289\/revisions"}],"predecessor-version":[{"id":2319,"href":"https:\/\/oma.skoletjenesten.no\/index.php?rest_route=\/wp\/v2\/posts\/2289\/revisions\/2319"}],"wp:attachment":[{"href":"https:\/\/oma.skoletjenesten.no\/index.php?rest_route=%2Fwp%2Fv2%2Fmedia&parent=2289"}],"wp:term":[{"taxonomy":"category","embeddable":true,"href":"https:\/\/oma.skoletjenesten.no\/index.php?rest_route=%2Fwp%2Fv2%2Fcategories&post=2289"},{"taxonomy":"post_tag","embeddable":true,"href":"https:\/\/oma.skoletjenesten.no\/index.php?rest_route=%2Fwp%2Fv2%2Ftags&post=2289"}],"curies":[{"name":"wp","href":"https:\/\/api.w.org\/{rel}","templated":true}]}}