{"id":2257,"date":"2025-06-13T10:00:52","date_gmt":"2025-06-13T10:00:52","guid":{"rendered":"https:\/\/oma.skoletjenesten.no\/?p=2257"},"modified":"2025-06-14T22:49:01","modified_gmt":"2025-06-14T22:49:01","slug":"virtuell-virkelighet-24-25","status":"publish","type":"post","link":"https:\/\/oma.skoletjenesten.no\/?p=2257","title":{"rendered":"Virtuell virkelighet 24\/25"},"content":{"rendered":"\n<p><small>Denne spalten het tidligere <em>Alternative fakta<\/em>, som fortsatt er kategori-betegnelsen. I<em> Alternative fakta<\/em> l\u00e5 vekten ofte mer p\u00e5 det alternative enn p\u00e5 fakta. Her i <em>Virtuell virkelighet<\/em> kan vekten&nbsp; ligge mer p\u00e5 det virtuelle enn p\u00e5 virkeligheten.<\/small><\/p>\n\n\n\n<p><small>Navneskiftet ble forklart i <a href=\"http:\/\/ttt.skoletjenesten.no\/alternative-fakta-3-21\/\" target=\"_blank\" rel=\"noreferrer noopener\">siste utgave av Alternative fakta 15. januar 2021<\/a>.<\/small><\/p>\n\n\n\n<hr class=\"wp-block-separator has-alpha-channel-opacity\"\/>\n\n\n<div class=\"wp-block-image is-style-twentytwentyone-border\">\n<figure class=\"alignright size-full\"><img loading=\"lazy\" decoding=\"async\" width=\"731\" height=\"416\" src=\"https:\/\/oma.skoletjenesten.no\/wp-content\/uploads\/2025\/06\/10_ICE_ut_Opera-Bilde_2025-06-09_211205_play.tv2_.no_.png\" alt=\"\" class=\"wp-image-2262\" srcset=\"https:\/\/oma.skoletjenesten.no\/wp-content\/uploads\/2025\/06\/10_ICE_ut_Opera-Bilde_2025-06-09_211205_play.tv2_.no_.png 731w, https:\/\/oma.skoletjenesten.no\/wp-content\/uploads\/2025\/06\/10_ICE_ut_Opera-Bilde_2025-06-09_211205_play.tv2_.no_-300x171.png 300w\" sizes=\"auto, (max-width: 731px) 100vw, 731px\" \/><figcaption class=\"wp-element-caption\">TV2-nyhetene 9. juni 2025.<\/figcaption><\/figure>\n<\/div>\n\n\n<p><strong><em>Vv 1: ICE.<\/em><\/strong> Mobiltelefonselskapet ICE etablerte seg i Norge ved \u00e5 kj\u00f8pe Telenors \u00ab450-nett\u00bb, som ga dekning i tynt befolkede omr\u00e5der. N\u00e5 viser reportasjer i riksdekkende fargefjernsyn at demonstranter i USA krever at ICE skal ut \u2013 derfra?<\/p>\n\n\n\n<p><a href=\"mailto:ttt@skoletjenesten.no?cc=&amp;bcc=&amp;subject=Vv%201\/24&amp;amptarget=\"><em>Kommenter denne notisen<\/em><\/a><\/p>\n\n\n\n<p class=\"has-text-align-center\">\u058e\u058e\u058e<\/p>\n\n\n<div class=\"wp-block-image is-style-twentytwentyone-border\">\n<figure class=\"alignright size-full\"><a href=\"https:\/\/oma.skoletjenesten.no\/wp-content\/uploads\/2025\/06\/20_Sireneproeve_1975-0613_Opera-Bilde_2025-06-10_234621_eavis.budstikka.no_.png\" target=\"_blank\" rel=\" noreferrer noopener\"><img loading=\"lazy\" decoding=\"async\" width=\"758\" height=\"809\" src=\"https:\/\/oma.skoletjenesten.no\/wp-content\/uploads\/2025\/06\/20_Sireneproeve_1975-0613_Opera-Bilde_2025-06-10_234621_eavis.budstikka.no_.png\" alt=\"\" class=\"wp-image-2264\" srcset=\"https:\/\/oma.skoletjenesten.no\/wp-content\/uploads\/2025\/06\/20_Sireneproeve_1975-0613_Opera-Bilde_2025-06-10_234621_eavis.budstikka.no_.png 758w, https:\/\/oma.skoletjenesten.no\/wp-content\/uploads\/2025\/06\/20_Sireneproeve_1975-0613_Opera-Bilde_2025-06-10_234621_eavis.budstikka.no_-281x300.png 281w\" sizes=\"auto, (max-width: 758px) 100vw, 758px\" \/><\/a><figcaption class=\"wp-element-caption\">Asker og B\u00e6rums Budstikke 13. juni 4975. Klikk for \u00e5 lese.<\/figcaption><\/figure>\n<\/div>\n\n\n<p><strong><em>Vv 2: Varsling.<\/em><\/strong> Ved varslingspr\u00f8ven sist onsdag fikk bloggeren melding p\u00e5 engelsk til sin telefon. Meldingen var b\u00e5de som tekst p\u00e5 skjermen og i form av opplesning (den som leste, hadde \u00e5penbart gjort det d\u00e5rlig i engelsk p\u00e5 skolen). Bloggeren kunne ogs\u00e5 h\u00f8re de analoge signalene, som er de samme som ble brukt for femti \u00e5r siden (klippet ved siden av).\n<\/p>\n\n\n\n<p class=\"has-small-font-size\"><em>(Les ogs\u00e5 <a href=\"https:\/\/ttt.skoletjenesten.no\/sirener-og-alarmer\/\" data-type=\"link\" data-id=\"https:\/\/ttt.skoletjenesten.no\/sirener-og-alarmer\/\" target=\"_blank\" rel=\"noreferrer noopener\">Sirener og alarme<\/a>r fra april 2018.)<\/em><\/p>\n\n\n\n<p><a href=\"mailto:ttt@skoletjenesten.no?cc=&amp;bcc=&amp;subject=Vv%202\/24&amp;amptarget=\"><em>Kommenter denne notisen<\/em><\/a><\/p>\n\n\n\n<p class=\"has-text-align-center\">\u058e\u058e\u058e<\/p>\n\n\n\n<p><strong><em>Vv 3: Alkoholreklame.<\/em><\/strong> For to uker siden br\u00f8t bloggen norsk lov og viste en <a href=\"https:\/\/oma.skoletjenesten.no\/?p=2158\/#vinsamlag\" data-type=\"link\" data-id=\"https:\/\/oma.skoletjenesten.no\/?p=2158\/#vinsamlag\" target=\"_blank\" rel=\"noreferrer noopener\">annonse for alkohol<\/a> (hundre \u00e5r gammel). Annonsen var innrykket i Asker og B\u00e6rums Budstikke av B\u00e6rums \u00d8l- og Vinsamlag A\/S, som i annonsen opplyser om at det holder til i Sandvika og p\u00e5 Stabekk. <a href=\"https:\/\/ttt.skoletjenesten.no\/stadegardens-stadier\/#St\u00e4de\" data-type=\"link\" data-id=\"https:\/\/ttt.skoletjenesten.no\/stadegardens-stadier\/#St\u00e4de\" target=\"_blank\" rel=\"noreferrer noopener\">Sandvika-avdelingen<\/a> l\u00e5 300-400 meter fra bloggens hovedkvarter, i et lokale der det n\u00e5 er begravelsesbyr\u00e5.<\/p>\n\n\n\n<p><a href=\"mailto:ttt@skoletjenesten.no?cc=&amp;bcc=&amp;subject=Vv%203\/24&amp;amptarget=\"><em>Kommenter denne notisen<\/em><\/a><\/p>\n\n\n\n<p class=\"has-text-align-center\">\u058e\u058e\u058e<\/p>\n\n\n<div class=\"wp-block-image is-style-twentytwentyone-border\">\n<figure class=\"alignright size-full\"><img loading=\"lazy\" decoding=\"async\" width=\"640\" height=\"640\" src=\"https:\/\/oma.skoletjenesten.no\/wp-content\/uploads\/2025\/06\/35_Linjeakevitt_standard_compressed_14861572060_9be3791174_o.jpg\" alt=\"\" class=\"wp-image-2263\" srcset=\"https:\/\/oma.skoletjenesten.no\/wp-content\/uploads\/2025\/06\/35_Linjeakevitt_standard_compressed_14861572060_9be3791174_o.jpg 640w, https:\/\/oma.skoletjenesten.no\/wp-content\/uploads\/2025\/06\/35_Linjeakevitt_standard_compressed_14861572060_9be3791174_o-300x300.jpg 300w, https:\/\/oma.skoletjenesten.no\/wp-content\/uploads\/2025\/06\/35_Linjeakevitt_standard_compressed_14861572060_9be3791174_o-150x150.jpg 150w\" sizes=\"auto, (max-width: 640px) 100vw, 640px\" \/><\/figure>\n<\/div>\n\n\n<p><strong><em>Vv 4: Akevitt-1.<\/em><\/strong> Linjeakevitt har f\u00e5tt sin betegnelse av at den blir transportert p\u00e5 fat over \u00ablinjen\u00bb (= ekvator) og tilbake. Transporten foregikk tidligere med Wilhelmsen-skip, og p\u00e5 innsiden av L\u00f8iten-akkevitens flaske-etikett sto det hvilket skip akkurat <em>den<\/em> akevitten hadde g\u00e5tt med. Dessverre for akevittprodusenten var det visst ingen akevittlast med M\/S <a href=\"https:\/\/snl.no\/Tampa-saken\" data-type=\"link\" data-id=\"https:\/\/snl.no\/Tampa-saken\" target=\"_blank\" rel=\"noreferrer noopener\">TAMPA<\/a>, som ble verdensber\u00f8mt i forbindelse med en konflikt om flyktninger skipet hadde reddet fra havsn\u00f8d, og som kaptein Arne Rinnan ville sette i land i Australia.<\/p>\n\n\n\n<p><a href=\"mailto:ttt@skoletjenesten.no?cc=&amp;bcc=&amp;subject=Vv%204\/24&amp;amptarget=\"><em>Kommenter denne notisen<\/em><\/a><\/p>\n\n\n\n<p class=\"has-text-align-center\">\u058e\u058e\u058e<\/p>\n\n\n\n<p><strong><em>Vv 5: <strong>Akevitt<\/strong>-2.<\/em><\/strong> Bloggeren har sett utstilt en flaske <em>dobbel<\/em> linje-akevitt. Akevittfatet ble ikke losset fordi Wilhelmsen-skipet som f\u00f8rte denne lasten, ble <a href=\"https:\/\/ttt.skoletjenesten.no\/norsk-regjeringsmote-med-verdenshistorisk-betydning\/\" data-type=\"link\" data-id=\"https:\/\/ttt.skoletjenesten.no\/norsk-regjeringsmote-med-verdenshistorisk-betydning\/\" target=\"_blank\" rel=\"noreferrer noopener\">rekvirert av den norske regjeringen<\/a> til Nortraship. Dermed fikk fatet en ekstra reise frem og tilbake over \u00ablinjen\u00bb, og kunne senere selges som samleobjekt. S\u00e5 vidt bloggeren husker, var flasken u\u00e5pnet.<\/p>\n\n\n\n<p><a href=\"mailto:ttt@skoletjenesten.no?cc=&amp;bcc=&amp;subject=Vv%205\/24&amp;amptarget=\"><em>Kommenter denne notisen<\/em><\/a><\/p>\n\n\n\n<p class=\"has-text-align-center\">\u058e\u058e\u058e<\/p>\n\n\n<div class=\"wp-block-image is-style-twentytwentyone-border\">\n<figure class=\"alignright size-full\"><a href=\"https:\/\/oma.skoletjenesten.no\/wp-content\/uploads\/2025\/06\/60_new-colossus-emma-lazarus-statue-of-liberty.jpg\" target=\"_blank\" rel=\" noreferrer noopener\"><img loading=\"lazy\" decoding=\"async\" width=\"728\" height=\"546\" src=\"https:\/\/oma.skoletjenesten.no\/wp-content\/uploads\/2025\/06\/60_new-colossus-emma-lazarus-statue-of-liberty.jpg\" alt=\"\" class=\"wp-image-2265\" srcset=\"https:\/\/oma.skoletjenesten.no\/wp-content\/uploads\/2025\/06\/60_new-colossus-emma-lazarus-statue-of-liberty.jpg 728w, https:\/\/oma.skoletjenesten.no\/wp-content\/uploads\/2025\/06\/60_new-colossus-emma-lazarus-statue-of-liberty-300x225.jpg 300w\" sizes=\"auto, (max-width: 728px) 100vw, 728px\" \/><\/a><figcaption class=\"wp-element-caption\">KLikk for st\u00f8rre bilde.<\/figcaption><\/figure>\n<\/div>\n\n\n<p><strong><em>Vv 6: Colossus.<\/em><\/strong> \u00abGive me your tired, your poor, Your huddled masses yearning to breathe free.\u00bb Disse ordene st\u00e5r i diktet <em>The New Colossus<\/em>. Diktet ble skrevet i forbindelse med pengeinnsamling til bygging av frihetsgudinne-statuen i New York. Det st\u00e5r oppsl\u00e5tt i statuens sokkel. Det var vel slike holdninger som gjorde \u00abAmerica Great\u00bb. Har president Donald lest dette?<\/p>\n\n\n\n<p><a href=\"mailto:ttt@skoletjenesten.no?cc=&amp;bcc=&amp;subject=Vv%206\/24&amp;amptarget=\"><em>Kommenter denne notisen<\/em><\/a><\/p>\n\n\n\n<p class=\"has-text-align-center\">\u058e\u058e\u058e<\/p>\n\n\n\n<p><strong><em>Vv 7: P\u00e5virkning.<\/em><\/strong> Russland skal ha fors\u00f8kt \u00e5 p\u00e5virke valg i andre land. USAs utenriksminister ga \u00e5penbar st\u00f8tte til det ytterligg\u00e5ende tyske partiet AfD (<em>Alternative f\u00fcr Deutschland<\/em>). Norge og noen andre land iverksetter sanksjoner mot israelske regjeringsmedlemmer. Er det noen prinsipiell forskjell p\u00e5 disse tre eksemplene p\u00e5 fors\u00f8k fra utlandet p\u00e5 \u00e5 p\u00e5virke et lands politikk?<\/p>\n\n\n\n<p><a href=\"mailto:ttt@skoletjenesten.no?cc=&amp;bcc=&amp;subject=Vv%207\/24&amp;amptarget=\"><em>Kommenter denne notisen<\/em><\/a><\/p>\n\n\n\n<p class=\"has-text-align-center\">\u058e\u058e\u058e<\/p>\n\n\n\n<p><strong><em>Vv 8: Krukker.<\/em><\/strong> Asker og B\u00e6rums Budstikke kom med en meningsytring p\u00e5 redaksjonell plass i en notis (nedenfor) for femti \u00e5r siden. Det skjedde etter at plassen mellom postkontoret og Vinmonopolet i Sandvika hadde f\u00e5tt et offisielt navn. Avisen nevner ikke det folkelige navnet <a href=\"https:\/\/snl.no\/Krukkesletta\" data-type=\"link\" data-id=\"https:\/\/snl.no\/Krukkesletta\" target=\"_blank\" rel=\"noreferrer noopener\">Krukkesletta<\/a>, som en tid var aktuelt p.g.a. Vietnamkrigen og borgerkrig i Laos, og et naturlig navn for b\u00e6ringer som bar krukkene fra Vinmonopolet over \u00absletta\u00bb. Plassen er n\u00e5 borte fordi Helgerudg\u00e5rden er revet.<\/p>\n\n\n\n<figure class=\"wp-block-image size-full is-style-twentytwentyone-border\"><img loading=\"lazy\" decoding=\"async\" width=\"867\" height=\"853\" src=\"https:\/\/oma.skoletjenesten.no\/wp-content\/uploads\/2025\/06\/90_Poltorvet-Navn_1975-0613_Opera-Bilde_2025-06-10_234335_eavis.budstikka.no_.png\" alt=\"\" class=\"wp-image-2261\" srcset=\"https:\/\/oma.skoletjenesten.no\/wp-content\/uploads\/2025\/06\/90_Poltorvet-Navn_1975-0613_Opera-Bilde_2025-06-10_234335_eavis.budstikka.no_.png 867w, https:\/\/oma.skoletjenesten.no\/wp-content\/uploads\/2025\/06\/90_Poltorvet-Navn_1975-0613_Opera-Bilde_2025-06-10_234335_eavis.budstikka.no_-300x295.png 300w, https:\/\/oma.skoletjenesten.no\/wp-content\/uploads\/2025\/06\/90_Poltorvet-Navn_1975-0613_Opera-Bilde_2025-06-10_234335_eavis.budstikka.no_-768x756.png 768w\" sizes=\"auto, (max-width: 867px) 100vw, 867px\" \/><figcaption class=\"wp-element-caption\">Asker og B\u00e6rums Budstikke  13. juni 1925<\/figcaption><\/figure>\n\n\n\n<p><a href=\"mailto:ttt@skoletjenesten.no?cc=&amp;bcc=&amp;subject=Vv%208\/24&amp;amptarget=\"><em>Kommenter denne notisen<\/em><\/a><\/p>\n\n\n\n<div style=\"height:100px\" aria-hidden=\"true\" class=\"wp-block-spacer\"><\/div>\n\n\n\n<hr class=\"wp-block-separator has-alpha-channel-opacity\"\/>\n\n\n\n<p class=\"has-text-align-center\"><em><a href=\"https:\/\/oma.skoletjenesten.no\/?p=2252\">Til innholdsliste for denne utgaven<\/a><\/em><\/p>\n","protected":false},"excerpt":{"rendered":"<p>Denne spalten het tidligere Alternative fakta, som fortsatt er kategori-betegnelsen. I Alternative fakta l\u00e5 vekten ofte mer p\u00e5 det alternative enn p\u00e5 fakta. Her i Virtuell virkelighet kan vekten&nbsp; ligge mer p\u00e5 det virtuelle enn p\u00e5 virkeligheten. Navneskiftet ble forklart i siste utgave av Alternative fakta 15. januar 2021. Vv 1: ICE. Mobiltelefonselskapet ICE etablerte&hellip; <a class=\"more-link\" href=\"https:\/\/oma.skoletjenesten.no\/?p=2257\">Fortsett \u00e5 lese <span class=\"screen-reader-text\">Virtuell virkelighet 24\/25<\/span><\/a><\/p>\n","protected":false},"author":1,"featured_media":0,"comment_status":"open","ping_status":"open","sticky":false,"template":"","format":"standard","meta":{"footnotes":""},"categories":[11],"tags":[],"class_list":["post-2257","post","type-post","status-publish","format-standard","hentry","category-alternative-fakta","entry"],"_links":{"self":[{"href":"https:\/\/oma.skoletjenesten.no\/index.php?rest_route=\/wp\/v2\/posts\/2257","targetHints":{"allow":["GET"]}}],"collection":[{"href":"https:\/\/oma.skoletjenesten.no\/index.php?rest_route=\/wp\/v2\/posts"}],"about":[{"href":"https:\/\/oma.skoletjenesten.no\/index.php?rest_route=\/wp\/v2\/types\/post"}],"author":[{"embeddable":true,"href":"https:\/\/oma.skoletjenesten.no\/index.php?rest_route=\/wp\/v2\/users\/1"}],"replies":[{"embeddable":true,"href":"https:\/\/oma.skoletjenesten.no\/index.php?rest_route=%2Fwp%2Fv2%2Fcomments&post=2257"}],"version-history":[{"count":7,"href":"https:\/\/oma.skoletjenesten.no\/index.php?rest_route=\/wp\/v2\/posts\/2257\/revisions"}],"predecessor-version":[{"id":2275,"href":"https:\/\/oma.skoletjenesten.no\/index.php?rest_route=\/wp\/v2\/posts\/2257\/revisions\/2275"}],"wp:attachment":[{"href":"https:\/\/oma.skoletjenesten.no\/index.php?rest_route=%2Fwp%2Fv2%2Fmedia&parent=2257"}],"wp:term":[{"taxonomy":"category","embeddable":true,"href":"https:\/\/oma.skoletjenesten.no\/index.php?rest_route=%2Fwp%2Fv2%2Fcategories&post=2257"},{"taxonomy":"post_tag","embeddable":true,"href":"https:\/\/oma.skoletjenesten.no\/index.php?rest_route=%2Fwp%2Fv2%2Ftags&post=2257"}],"curies":[{"name":"wp","href":"https:\/\/api.w.org\/{rel}","templated":true}]}}