{"id":2248,"date":"2025-06-13T10:02:31","date_gmt":"2025-06-13T10:02:31","guid":{"rendered":"https:\/\/oma.skoletjenesten.no\/?p=2248"},"modified":"2025-06-14T22:48:20","modified_gmt":"2025-06-14T22:48:20","slug":"tones-dag","status":"publish","type":"post","link":"https:\/\/oma.skoletjenesten.no\/?p=2248","title":{"rendered":"Tones dag"},"content":{"rendered":"\n<p>De av bloggens lesere som heter Tone, kan enten glede seg over at de har navnedag i dag eller engste seg over at det er fredag 13., som sies \u00e5 v\u00e6re ulykkesdag.<\/p>\n\n\n\n<p>Fredag 13. som ulykkesdag ble tematisk grundig behandlet <a href=\"https:\/\/ttt.skoletjenesten.no\/ulykkesdag\/\" data-type=\"link\" data-id=\"https:\/\/ttt.skoletjenesten.no\/ulykkesdag\/\" target=\"_blank\" rel=\"noreferrer noopener\">her i bloggen<\/a> i april 2018.<\/p>\n\n\n<div class=\"wp-block-image is-style-twentytwentyone-border\">\n<figure class=\"alignright size-large\"><a href=\"http:\/\/ttt.skoletjenesten.no\/wp-content\/uploads\/2025\/05\/ToneVeli-x-12.mp4\" target=\"_blank\" rel=\" noreferrer noopener\"><img loading=\"lazy\" decoding=\"async\" width=\"818\" height=\"1024\" src=\"https:\/\/oma.skoletjenesten.no\/wp-content\/uploads\/2025\/06\/Tone-Veli-HenrikSorensen-818x1024.jpg\" alt=\"\" class=\"wp-image-2254\" srcset=\"https:\/\/oma.skoletjenesten.no\/wp-content\/uploads\/2025\/06\/Tone-Veli-HenrikSorensen-818x1024.jpg 818w, https:\/\/oma.skoletjenesten.no\/wp-content\/uploads\/2025\/06\/Tone-Veli-HenrikSorensen-240x300.jpg 240w, https:\/\/oma.skoletjenesten.no\/wp-content\/uploads\/2025\/06\/Tone-Veli-HenrikSorensen-768x961.jpg 768w, https:\/\/oma.skoletjenesten.no\/wp-content\/uploads\/2025\/06\/Tone-Veli-HenrikSorensen.jpg 1200w\" sizes=\"auto, (max-width: 818px) 100vw, 818px\" \/><\/a><figcaption class=\"wp-element-caption\">Henrik S\u00f8rensen; Tone Veli. Klikk for en lysbildeserie med flere Tone Veli-varianter.<\/figcaption><\/figure>\n<\/div>\n\n\n<p>Tone Veli er motiv i mange malerier av Henrik S\u00f8rensen. Jeg har alltid trodd at dette var en dame fra Telemark, et omr\u00e5de som g\u00e5r igjen i S\u00f8rensens malerier. Men damen er \u00e9n eller flere modeller (en av dem skal ha hett Birgit Prest\u00f8), og det n\u00e6rmeste Veli jeg kan finne til Telemark, ligger i Rollag vest i Buskerud.<\/p>\n\n\n\n<p>Tone er ikke bare et egennavn, men ogs\u00e5 et fellesnavn med forskjellige betydninger. Wikipedia har mer enn 180 oppslag som begynner med <em>tone<\/em>. Et av dem er <em>Toner fra Romsdal<\/em>. Dette musikkalbumet var nytt for meg, og absolutt h\u00f8reverdig. Det inneholder b\u00e5de dansetoner og salmetoner med de fire musikerne Ingeborg Hungnes (sang), Stian Carstensen (trekkspill), Bendik Hofseth (saksofon), Terje Venaas (bass) og Jon Kristensen (slagverk).<\/p>\n\n\n\n<figure class=\"wp-block-embed is-type-video is-provider-youtube wp-block-embed-youtube wp-embed-aspect-4-3 wp-has-aspect-ratio\"><div class=\"wp-block-embed__wrapper\">\n<iframe loading=\"lazy\" title=\"Vakne Alle Seterjenta\" width=\"750\" height=\"563\" src=\"https:\/\/www.youtube.com\/embed\/Ql8NeLqdLFQ?list=OLAK5uy_nUaF3waHeKDFCsgU0fIW-neMDwPf5shJY\" frameborder=\"0\" allow=\"accelerometer; autoplay; clipboard-write; encrypted-media; gyroscope; picture-in-picture; web-share\" referrerpolicy=\"strict-origin-when-cross-origin\" allowfullscreen><\/iframe>\n<\/div><\/figure>\n\n\n\n<div style=\"height:100px\" aria-hidden=\"true\" class=\"wp-block-spacer\"><\/div>\n\n\n\n<hr class=\"wp-block-separator has-alpha-channel-opacity\"\/>\n\n\n\n<p class=\"has-text-align-center\"><em><a href=\"https:\/\/oma.skoletjenesten.no\/?p=2252\" target=\"_blank\" rel=\"noreferrer noopener\">Til innholdsliste for denne utgaven<\/a><\/em><\/p>\n","protected":false},"excerpt":{"rendered":"<p>De av bloggens lesere som heter Tone, kan enten glede seg over at de har navnedag i dag eller engste seg over at det er fredag 13., som sies \u00e5 v\u00e6re ulykkesdag. Fredag 13. som ulykkesdag ble tematisk grundig behandlet her i bloggen i april 2018. Tone Veli er motiv i mange malerier av Henrik&hellip; <a class=\"more-link\" href=\"https:\/\/oma.skoletjenesten.no\/?p=2248\">Fortsett \u00e5 lese <span class=\"screen-reader-text\">Tones dag<\/span><\/a><\/p>\n","protected":false},"author":1,"featured_media":0,"comment_status":"open","ping_status":"open","sticky":false,"template":"","format":"standard","meta":{"footnotes":""},"categories":[10],"tags":[],"class_list":["post-2248","post","type-post","status-publish","format-standard","hentry","category-dagen-i-dag","entry"],"_links":{"self":[{"href":"https:\/\/oma.skoletjenesten.no\/index.php?rest_route=\/wp\/v2\/posts\/2248","targetHints":{"allow":["GET"]}}],"collection":[{"href":"https:\/\/oma.skoletjenesten.no\/index.php?rest_route=\/wp\/v2\/posts"}],"about":[{"href":"https:\/\/oma.skoletjenesten.no\/index.php?rest_route=\/wp\/v2\/types\/post"}],"author":[{"embeddable":true,"href":"https:\/\/oma.skoletjenesten.no\/index.php?rest_route=\/wp\/v2\/users\/1"}],"replies":[{"embeddable":true,"href":"https:\/\/oma.skoletjenesten.no\/index.php?rest_route=%2Fwp%2Fv2%2Fcomments&post=2248"}],"version-history":[{"count":6,"href":"https:\/\/oma.skoletjenesten.no\/index.php?rest_route=\/wp\/v2\/posts\/2248\/revisions"}],"predecessor-version":[{"id":2276,"href":"https:\/\/oma.skoletjenesten.no\/index.php?rest_route=\/wp\/v2\/posts\/2248\/revisions\/2276"}],"wp:attachment":[{"href":"https:\/\/oma.skoletjenesten.no\/index.php?rest_route=%2Fwp%2Fv2%2Fmedia&parent=2248"}],"wp:term":[{"taxonomy":"category","embeddable":true,"href":"https:\/\/oma.skoletjenesten.no\/index.php?rest_route=%2Fwp%2Fv2%2Fcategories&post=2248"},{"taxonomy":"post_tag","embeddable":true,"href":"https:\/\/oma.skoletjenesten.no\/index.php?rest_route=%2Fwp%2Fv2%2Ftags&post=2248"}],"curies":[{"name":"wp","href":"https:\/\/api.w.org\/{rel}","templated":true}]}}