{"id":2217,"date":"2025-06-06T10:00:49","date_gmt":"2025-06-06T10:00:49","guid":{"rendered":"https:\/\/oma.skoletjenesten.no\/?p=2217"},"modified":"2025-06-14T22:54:21","modified_gmt":"2025-06-14T22:54:21","slug":"virtuell-virkelighet-23-25","status":"publish","type":"post","link":"https:\/\/oma.skoletjenesten.no\/?p=2217","title":{"rendered":"Virtuell virkelighet 23\/25"},"content":{"rendered":"\n<p><small>Denne spalten het tidligere <em>Alternative fakta<\/em>, som fortsatt er kategori-betegnelsen. I<em> Alternative fakta<\/em> l\u00e5 vekten ofte mer p\u00e5 det alternative enn p\u00e5 fakta. Her i <em>Virtuell virkelighet<\/em> kan vekten&nbsp; ligge mer p\u00e5 det virtuelle enn p\u00e5 virkeligheten.<\/small><\/p>\n\n\n\n<p><small>Navneskiftet ble forklart i <a href=\"http:\/\/ttt.skoletjenesten.no\/alternative-fakta-3-21\/\" target=\"_blank\" rel=\"noreferrer noopener\">siste utgave av Alternative fakta 15. januar 2021<\/a>.<\/small><\/p>\n\n\n\n<hr class=\"wp-block-separator has-alpha-channel-opacity\"\/>\n\n\n<div class=\"wp-block-image is-style-twentytwentyone-border\">\n<figure class=\"alignright size-large\"><a href=\"https:\/\/oma.skoletjenesten.no\/wp-content\/uploads\/2025\/06\/10_Tlfmappe-EEF_10_IMG_20250604_OK_231114680-scaled.jpg\" target=\"_blank\" rel=\" noreferrer noopener\"><img loading=\"lazy\" decoding=\"async\" width=\"1024\" height=\"688\" src=\"https:\/\/oma.skoletjenesten.no\/wp-content\/uploads\/2025\/06\/10_Tlfmappe-EEF_10_IMG_20250604_OK_231114680-1024x688.jpg\" alt=\"\" class=\"wp-image-2220\" srcset=\"https:\/\/oma.skoletjenesten.no\/wp-content\/uploads\/2025\/06\/10_Tlfmappe-EEF_10_IMG_20250604_OK_231114680-1024x688.jpg 1024w, https:\/\/oma.skoletjenesten.no\/wp-content\/uploads\/2025\/06\/10_Tlfmappe-EEF_10_IMG_20250604_OK_231114680-300x201.jpg 300w, https:\/\/oma.skoletjenesten.no\/wp-content\/uploads\/2025\/06\/10_Tlfmappe-EEF_10_IMG_20250604_OK_231114680-768x516.jpg 768w, https:\/\/oma.skoletjenesten.no\/wp-content\/uploads\/2025\/06\/10_Tlfmappe-EEF_10_IMG_20250604_OK_231114680-1536x1031.jpg 1536w, https:\/\/oma.skoletjenesten.no\/wp-content\/uploads\/2025\/06\/10_Tlfmappe-EEF_10_IMG_20250604_OK_231114680-2048x1375.jpg 2048w, https:\/\/oma.skoletjenesten.no\/wp-content\/uploads\/2025\/06\/10_Tlfmappe-EEF_10_IMG_20250604_OK_231114680-1568x1053.jpg 1568w\" sizes=\"auto, (max-width: 1024px) 100vw, 1024px\" \/><\/a><figcaption class=\"wp-element-caption\">Engstelige Eldres Forening (EEF) anbefaler telefonmappe med \u00abhalsb\u00e5nd\u00bb.<\/figcaption><\/figure>\n<\/div>\n\n\n<p><strong><em>Vv 1: <strong>EEF<\/strong>.<\/em><\/strong> Bildet ved siden av viser en telefonmappe. Den henger vanligvis rundt halsen p\u00e5 bloggeren (med telefonen inni).<a href=\"https:\/\/norskluftambulanse.no\/hjelp113\/\" data-type=\"link\" data-id=\"https:\/\/norskluftambulanse.no\/hjelp113\/\" target=\"_blank\" rel=\"noreferrer noopener\">113-appen<\/a>, som gir kommunikasjon med alarmsentral o.l., er et av valgene p\u00e5 telefonens hovedside.<\/p>\n\n\n\n<p class=\"has-small-font-size\"><em><a href=\"https:\/\/oma.skoletjenesten.no\/?page_id=2072https:\/\/oma.skoletjenesten.no\/?page_id=2072https:\/\/oma.skoletjenesten.no\/?page_id=2072https:\/\/oma.skoletjenesten.no\/?page_id=2072https:\/\/oma.skoletjenesten.no\/?page_id=2072https:\/\/oma.skoletjenesten.no\/?page_id=2072\" data-type=\"link\" data-id=\"https:\/\/oma.skoletjenesten.no\/?page_id=2072https:\/\/oma.skoletjenesten.no\/?page_id=2072https:\/\/oma.skoletjenesten.no\/?page_id=2072https:\/\/oma.skoletjenesten.no\/?page_id=2072https:\/\/oma.skoletjenesten.no\/?page_id=2072https:\/\/oma.skoletjenesten.no\/?page_id=2072\" target=\"_blank\" rel=\"noreferrer noopener\">Lenker til alle blogginnlegg om Engstelige Eldres Forening.<\/a><\/em><\/p>\n\n\n\n<p><a href=\"mailto:ttt@skoletjenesten.no?cc=&amp;bcc=&amp;subject=Vv%201\/23&amp;amptarget=\"><em>Kommenter denne notisen<\/em><\/a><\/p>\n\n\n\n<p class=\"has-text-align-center\">\u058e\u058e\u058e<\/p>\n\n\n\n<p><strong><em>Vv 2: Gjengjeld.<\/em><\/strong> Bloggeren har hatt veldig god hjelp til enkelte ting i det siste. Han vil gjerne gj\u00f8re noe til gjengjeld, men f\u00f8ler seg litt som fotballspilleren som ogs\u00e5 fikk hjelp, og som sa han kanskje kunne gj\u00f8re en tjeneste tilbake. \u00abHva kan du gj\u00f8re, da?\u00bb var sp\u00f8rsm\u00e5let. \u00abJeg kan drible deg,\u00bb svarte fotballspilleren.<\/p>\n\n\n\n<p><a href=\"mailto:ttt@skoletjenesten.no?cc=&amp;bcc=&amp;subject=Vv%202\/23&amp;amptarget=\"><em>Kommenter denne notisen<\/em><\/a><\/p>\n\n\n\n<p class=\"has-text-align-center\">\u058e\u058e\u058e<\/p>\n\n\n<div class=\"wp-block-image is-style-twentytwentyone-border\">\n<figure class=\"alignright size-large\"><a href=\"https:\/\/oma.skoletjenesten.no\/wp-content\/uploads\/2025\/06\/30_Utg-stekker-til_Opera-Bilde_2025-06-01_122315_e-avis.aftenposten.no_.png\" target=\"_blank\" rel=\" noreferrer noopener\"><img loading=\"lazy\" decoding=\"async\" width=\"1024\" height=\"386\" src=\"https:\/\/oma.skoletjenesten.no\/wp-content\/uploads\/2025\/06\/30_Utg-stekker-til_Opera-Bilde_2025-06-01_122315_e-avis.aftenposten.no_-1024x386.png\" alt=\"\" class=\"wp-image-2228\" srcset=\"https:\/\/oma.skoletjenesten.no\/wp-content\/uploads\/2025\/06\/30_Utg-stekker-til_Opera-Bilde_2025-06-01_122315_e-avis.aftenposten.no_-1024x386.png 1024w, https:\/\/oma.skoletjenesten.no\/wp-content\/uploads\/2025\/06\/30_Utg-stekker-til_Opera-Bilde_2025-06-01_122315_e-avis.aftenposten.no_-300x113.png 300w, https:\/\/oma.skoletjenesten.no\/wp-content\/uploads\/2025\/06\/30_Utg-stekker-til_Opera-Bilde_2025-06-01_122315_e-avis.aftenposten.no_-768x290.png 768w, https:\/\/oma.skoletjenesten.no\/wp-content\/uploads\/2025\/06\/30_Utg-stekker-til_Opera-Bilde_2025-06-01_122315_e-avis.aftenposten.no_.png 1045w\" sizes=\"auto, (max-width: 1024px) 100vw, 1024px\" \/><\/a><figcaption class=\"wp-element-caption\">Aftenposten 28. mars 2025. Klikk for st\u00f8rre tekst.<\/figcaption><\/figure>\n<\/div>\n\n\n<p><strong><em>Vv 3: \u00d8konomi.<\/em><\/strong> Aftenposten-klippet ved siden av er ikke hentet fra avisens \u00f8konomisider. Likevel stusser bloggeren over uttrykket \u00abutgiftene strekker ikke til\u00bb.<\/p>\n\n\n\n<p><a href=\"mailto:ttt@skoletjenesten.no?cc=&amp;bcc=&amp;subject=Vv%203\/23&amp;amptarget=\"><em>Kommenter denne notisen<\/em><\/a><\/p>\n\n\n\n<p class=\"has-text-align-center\">\u058e\u058e\u058e<\/p>\n\n\n\n<p><strong><em>Vv 4: FACT.<\/em><\/strong> I en nyhetssending nylig var <em>FACT-team<\/em> tema. <em>FACT<\/em> st\u00e5r for <em><strong>F<\/strong>lexible <strong>A<\/strong>ssertive <strong>C<\/strong>ommunity <strong>T<\/strong>reatment<\/em> (engelsk m\u00e5 det v\u00e6re! ). Det er ikke sikkert at <em>FACT<\/em> Gamle Oslo vet det, siden de ikke kan stave <em>welcome<\/em>. Bloggeren tror <em>welkom<\/em>-plakaten nedenfor er dekorert med ungarske flagg, og lurer p\u00e5 hvorfor.<\/p>\n\n\n\n<figure class=\"wp-block-image size-large is-style-twentytwentyone-border\"><img loading=\"lazy\" decoding=\"async\" width=\"1024\" height=\"316\" src=\"https:\/\/oma.skoletjenesten.no\/wp-content\/uploads\/2025\/06\/40_FACT_Opera-Bilde_2025-06-04_232406_tv.nrk_.no_-1024x316.png\" alt=\"\" class=\"wp-image-2223\" srcset=\"https:\/\/oma.skoletjenesten.no\/wp-content\/uploads\/2025\/06\/40_FACT_Opera-Bilde_2025-06-04_232406_tv.nrk_.no_-1024x316.png 1024w, https:\/\/oma.skoletjenesten.no\/wp-content\/uploads\/2025\/06\/40_FACT_Opera-Bilde_2025-06-04_232406_tv.nrk_.no_-300x93.png 300w, https:\/\/oma.skoletjenesten.no\/wp-content\/uploads\/2025\/06\/40_FACT_Opera-Bilde_2025-06-04_232406_tv.nrk_.no_-768x237.png 768w, https:\/\/oma.skoletjenesten.no\/wp-content\/uploads\/2025\/06\/40_FACT_Opera-Bilde_2025-06-04_232406_tv.nrk_.no_.png 1221w\" sizes=\"auto, (max-width: 1024px) 100vw, 1024px\" \/><\/figure>\n\n\n\n<p><a href=\"mailto:ttt@skoletjenesten.no?cc=&amp;bcc=&amp;subject=Vv%204\/23&amp;amptarget=\"><em>Kommenter denne notisen<\/em><\/a><\/p>\n\n\n\n<p class=\"has-text-align-center\">\u058e\u058e\u058e<\/p>\n\n\n\n<p><strong><em>Vv 5: Spr\u00e5ksl\u00f8vt-1.<\/em><\/strong> Det Philip A. Johannesborg sier i nyhetssendingen p\u00e5 NRK \u00d8stlandet, st\u00e5r p\u00e5 en skjerm. Om teksten p\u00e5 skjermen er skrevet av ham selv eller en annen, vites ikke. Men hvis NRK (skattefinansiert) hadde brukt like mye ressurser p\u00e5 spr\u00e5koppl\u00e6ring av journalistene som p\u00e5 \u00abvalgomat\u00bb, kunne Johannesborg kanskje ha brukt riktig preposisjon i stedet for \u00e5 si <br>\u00ab \u2026 hvilke partier du er mest enig <em><span style=\"text-decoration: underline;\">i<\/span><\/em>\u00bb.<\/p>\n\n\n\n<figure class=\"wp-block-audio\"><audio controls src=\"https:\/\/oma.skoletjenesten.no\/wp-content\/uploads\/2025\/06\/50_Valgomat-Enig-med-eller-i.mp3\"><\/audio><figcaption class=\"wp-element-caption\">NRK \u00d8stlandet 4. juni 2025.<\/figcaption><\/figure>\n\n\n\n<p><a href=\"mailto:ttt@skoletjenesten.no?cc=&amp;bcc=&amp;subject=Vv%205\/23&amp;amptarget=\"><em>Kommenter denne notisen<\/em><\/a><\/p>\n\n\n\n<p class=\"has-text-align-center\">\u058e\u058e\u058e<\/p>\n\n\n\n<p><strong><em>Vv 6: <\/em><strong><em>Spr\u00e5ksl\u00f8vt<\/em><\/strong><em>-2<\/em>.<\/strong> Meldingen nedenfor dukket opp i nyhetssendingen <em>Dagsrevyen<\/em> p\u00e5 den skattefinansierte TV-kanalen NRK1 (bare lyden her). Selv om meldingen handler om prioriterte NRK-saker som fotball og damer, kunne man vel ha tatt seg tid til en bedre avslutning?<\/p>\n\n\n\n<figure class=\"wp-block-audio\"><audio controls src=\"https:\/\/oma.skoletjenesten.no\/wp-content\/uploads\/2025\/06\/60__2_Setningslogikk_NRK-Dagsrevyen.mp3\"><\/audio><figcaption class=\"wp-element-caption\">NRK Dagsrevyen 31, mai 2025.<\/figcaption><\/figure>\n\n\n\n<p><a href=\"mailto:ttt@skoletjenesten.no?cc=&amp;bcc=&amp;subject=Vv%206\/23&amp;amptarget=\"><em>Kommenter denne notisen<\/em><\/a><\/p>\n\n\n\n<p class=\"has-text-align-center\">\u058e\u058e\u058e<\/p>\n\n\n\n<p><strong><em>Vv 7: <strong>Fremmedspr\u00e5k.<\/strong><\/em><\/strong> Han som uttaler seg i klippet nedenfor, driver et reklamebyr\u00e5 med engelsk navn. Det kan kanskje v\u00e6re forklaringen p\u00e5 at han ikke helt har taket p\u00e5 franske forfattere, men vet at det engelske navnet Stephen uttales \/stiven\/.<\/p>\n\n\n\n<figure class=\"wp-block-audio\"><audio controls src=\"https:\/\/oma.skoletjenesten.no\/wp-content\/uploads\/2025\/06\/70__3_JulesVerne-Uttale_250531_NRK-AlltidNyheter_StianAndreAagnes_Studiosamtale.mp3\"><\/audio><figcaption class=\"wp-element-caption\">NRK Helgemorgen 31, mai 2025.<\/figcaption><\/figure>\n\n\n\n<p><a href=\"mailto:ttt@skoletjenesten.no?cc=&amp;bcc=&amp;subject=Vv%207\/23&amp;amptarget=\"><em>Kommenter denne notisen<\/em><\/a><\/p>\n\n\n\n<p class=\"has-text-align-center\">\u058e\u058e\u058e<\/p>\n\n\n\n<p><strong>Vv 8: <strong><em><strong>Morgenstund<\/strong><\/em><\/strong>.<\/strong> Bloggeren er ikke A-menneske, men har opptr\u00e5dt som det i jobbsammenheng noen ganger. Men han h\u00f8rer ikke til de som spretter opp n\u00e5r vekkerklokken ringer og da roper \u00abEndelig!\u00bb.<\/p>\n\n\n\n<p><a href=\"mailto:ttt@skoletjenesten.no?cc=&amp;bcc=&amp;subject=Vv%208\/23&amp;amptarget=\"><em>Kommenter denne notisen<\/em><\/a><\/p>\n\n\n\n<p class=\"has-text-align-center\">\u058e\u058e\u058e<\/p>\n\n\n\n<p><strong><em>Vv 9: Krangel.<\/em><\/strong> Poenget nedenfor kjenner bloggeren seg igjen i.<\/p>\n\n\n\n<figure class=\"wp-block-image size-large is-style-twentytwentyone-border\"><a href=\"https:\/\/oma.skoletjenesten.no\/wp-content\/uploads\/2025\/06\/90_Snytt-for-krangel_Opera-Bilde_2025-06-01_124539_e-avis.aftenposten.no_.png\" target=\"_blank\" rel=\" noreferrer noopener\"><img loading=\"lazy\" decoding=\"async\" width=\"1024\" height=\"364\" src=\"https:\/\/oma.skoletjenesten.no\/wp-content\/uploads\/2025\/06\/90_Snytt-for-krangel_Opera-Bilde_2025-06-01_124539_e-avis.aftenposten.no_-1024x364.png\" alt=\"\" class=\"wp-image-2227\" srcset=\"https:\/\/oma.skoletjenesten.no\/wp-content\/uploads\/2025\/06\/90_Snytt-for-krangel_Opera-Bilde_2025-06-01_124539_e-avis.aftenposten.no_-1024x364.png 1024w, https:\/\/oma.skoletjenesten.no\/wp-content\/uploads\/2025\/06\/90_Snytt-for-krangel_Opera-Bilde_2025-06-01_124539_e-avis.aftenposten.no_-300x107.png 300w, https:\/\/oma.skoletjenesten.no\/wp-content\/uploads\/2025\/06\/90_Snytt-for-krangel_Opera-Bilde_2025-06-01_124539_e-avis.aftenposten.no_-768x273.png 768w, https:\/\/oma.skoletjenesten.no\/wp-content\/uploads\/2025\/06\/90_Snytt-for-krangel_Opera-Bilde_2025-06-01_124539_e-avis.aftenposten.no_.png 1152w\" sizes=\"auto, (max-width: 1024px) 100vw, 1024px\" \/><\/a><figcaption class=\"wp-element-caption\">Aftenposten 31. mai 2025. Klikk for st\u00f8rre bilde.<\/figcaption><\/figure>\n\n\n\n<p><a href=\"mailto:ttt@skoletjenesten.no?cc=&amp;bcc=&amp;subject=Vv%209\/23&amp;amptarget=\"><em>Kommenter denne notisen<\/em><\/a><\/p>\n\n\n\n<div style=\"height:100px\" aria-hidden=\"true\" class=\"wp-block-spacer\"><\/div>\n\n\n\n<hr class=\"wp-block-separator has-alpha-channel-opacity\"\/>\n\n\n\n<p class=\"has-text-align-center\"><em><a href=\"https:\/\/oma.skoletjenesten.no\/?p=2199\">Til innholdsliste for denne utgaven<\/a><\/em><\/p>\n","protected":false},"excerpt":{"rendered":"<p>Denne spalten het tidligere Alternative fakta, som fortsatt er kategori-betegnelsen. I Alternative fakta l\u00e5 vekten ofte mer p\u00e5 det alternative enn p\u00e5 fakta. Her i Virtuell virkelighet kan vekten&nbsp; ligge mer p\u00e5 det virtuelle enn p\u00e5 virkeligheten. Navneskiftet ble forklart i siste utgave av Alternative fakta 15. januar 2021. Vv 1: EEF. Bildet ved siden&hellip; <a class=\"more-link\" href=\"https:\/\/oma.skoletjenesten.no\/?p=2217\">Fortsett \u00e5 lese <span class=\"screen-reader-text\">Virtuell virkelighet 23\/25<\/span><\/a><\/p>\n","protected":false},"author":1,"featured_media":0,"comment_status":"open","ping_status":"open","sticky":false,"template":"","format":"standard","meta":{"footnotes":""},"categories":[11],"tags":[],"class_list":["post-2217","post","type-post","status-publish","format-standard","hentry","category-alternative-fakta","entry"],"_links":{"self":[{"href":"https:\/\/oma.skoletjenesten.no\/index.php?rest_route=\/wp\/v2\/posts\/2217","targetHints":{"allow":["GET"]}}],"collection":[{"href":"https:\/\/oma.skoletjenesten.no\/index.php?rest_route=\/wp\/v2\/posts"}],"about":[{"href":"https:\/\/oma.skoletjenesten.no\/index.php?rest_route=\/wp\/v2\/types\/post"}],"author":[{"embeddable":true,"href":"https:\/\/oma.skoletjenesten.no\/index.php?rest_route=\/wp\/v2\/users\/1"}],"replies":[{"embeddable":true,"href":"https:\/\/oma.skoletjenesten.no\/index.php?rest_route=%2Fwp%2Fv2%2Fcomments&post=2217"}],"version-history":[{"count":10,"href":"https:\/\/oma.skoletjenesten.no\/index.php?rest_route=\/wp\/v2\/posts\/2217\/revisions"}],"predecessor-version":[{"id":2242,"href":"https:\/\/oma.skoletjenesten.no\/index.php?rest_route=\/wp\/v2\/posts\/2217\/revisions\/2242"}],"wp:attachment":[{"href":"https:\/\/oma.skoletjenesten.no\/index.php?rest_route=%2Fwp%2Fv2%2Fmedia&parent=2217"}],"wp:term":[{"taxonomy":"category","embeddable":true,"href":"https:\/\/oma.skoletjenesten.no\/index.php?rest_route=%2Fwp%2Fv2%2Fcategories&post=2217"},{"taxonomy":"post_tag","embeddable":true,"href":"https:\/\/oma.skoletjenesten.no\/index.php?rest_route=%2Fwp%2Fv2%2Ftags&post=2217"}],"curies":[{"name":"wp","href":"https:\/\/api.w.org\/{rel}","templated":true}]}}