{"id":2193,"date":"2025-06-06T10:03:53","date_gmt":"2025-06-06T10:03:53","guid":{"rendered":"https:\/\/oma.skoletjenesten.no\/?p=2193"},"modified":"2025-06-15T13:00:32","modified_gmt":"2025-06-15T13:00:32","slug":"junidager","status":"publish","type":"post","link":"https:\/\/oma.skoletjenesten.no\/?p=2193","title":{"rendered":"Junidager"},"content":{"rendered":"\n<p>I dag er det <em><a href=\"https:\/\/snl.no\/Svenska_flaggans_dag\" data-type=\"link\" data-id=\"https:\/\/snl.no\/Svenska_flaggans_dag\" target=\"_blank\" rel=\"noreferrer noopener\">svenske flaggans dag<\/a><\/em>, en dag Sverige feiret som nasjonaldag for f\u00f8rste gang i 1983. 6. juni 1523 var datoen da Gustav Vasa ble valgt til svensk konge, noe som medf\u00f8rte at unionen mellom Sverige og Danmark \u2013 og dermed <a href=\"https:\/\/snl.no\/Kalmarunionen\" data-type=\"link\" data-id=\"https:\/\/snl.no\/Kalmarunionen\" target=\"_blank\" rel=\"noreferrer noopener\">Kalmar-unionen<\/a> \u2013 ble oppl\u00f8st. 6. juni var ogs\u00e5 datoen da den svenske riksdagen vedtok ny forfatning i 1809.<\/p>\n\n\n\n<p>Danmark hadde <em><a href=\"https:\/\/no.wikipedia.org\/wiki\/Danmarks_grunnlovsdag\" data-type=\"link\" data-id=\"https:\/\/no.wikipedia.org\/wiki\/Danmarks_grunnlovsdag\" target=\"_blank\" rel=\"noreferrer noopener\">grundlovsdag<\/a><\/em> i g\u00e5r (grunnloven vedtatt 5. juni 1849 og revidert p\u00e5 samme dato i 1953). Norge markerer i morgen unionsoppl\u00f8sningen i 1905. Det var unionen med Sverige som ble oppl\u00f8st, en union som oppsto da Norge forlot unionen med Danmark i 1814. Med tre slike dager p\u00e5 rad i de nordiske landene, passer det godt med siste del av sjette vers i Bj\u00f8rnsons <em>Norsk f\u00e6drelandssan<\/em>g (\u00abJa, vi elsker dette landet\u00bb \u2013 vedtatt som <a href=\"https:\/\/snl.no\/Norges_nasjonalsang\" data-type=\"link\" data-id=\"https:\/\/snl.no\/Norges_nasjonalsang\" target=\"_blank\" rel=\"noreferrer noopener\">nasjonalsang<\/a> av Stortinget s\u00e5 sent som i 2019): \u00abNu vi st\u00e5r tre br\u00f8dre sammen og skal s\u00e5dan st\u00e5.\u00bb<\/p>\n\n\n\n<p>Det blir litt for h\u00f8ytidelig \u00e5 avslutte med nasjonalsangen, selv om det er flaggdag i morgen. Men med den f\u00f8r nevnte ansamlingen av h\u00f8ytidsdager kan det vel passe med <em>June Is Bustin\u2019 Out All Over<\/em> (fra <em>Carousel<\/em> av Rodgers\/Hammerstein):<\/p>\n\n\n\n<figure class=\"wp-block-embed is-type-video is-provider-youtube wp-block-embed-youtube wp-embed-aspect-4-3 wp-has-aspect-ratio\"><div class=\"wp-block-embed__wrapper\">\n<iframe loading=\"lazy\" title=\"1945 HITS ARCHIVE: June Is Bustin\u2019 Out All Over - Hildegarde &amp; Guy Lombardo\" width=\"750\" height=\"563\" src=\"https:\/\/www.youtube.com\/embed\/wGcDv4H8qT0?feature=oembed\" frameborder=\"0\" allow=\"accelerometer; autoplay; clipboard-write; encrypted-media; gyroscope; picture-in-picture; web-share\" referrerpolicy=\"strict-origin-when-cross-origin\" allowfullscreen><\/iframe>\n<\/div><\/figure>\n\n\n\n<hr class=\"wp-block-separator has-alpha-channel-opacity\"\/>\n\n\n\n<p class=\"has-text-align-center\"><em><a href=\"https:\/\/oma.skoletjenesten.no\/?p=2199\">Til innholdsliste for denne utgaven<\/a><\/em><\/p>\n","protected":false},"excerpt":{"rendered":"<p>I dag er det svenske flaggans dag, en dag Sverige feiret som nasjonaldag for f\u00f8rste gang i 1983. 6. juni 1523 var datoen da Gustav Vasa ble valgt til svensk konge, noe som medf\u00f8rte at unionen mellom Sverige og Danmark \u2013 og dermed Kalmar-unionen \u2013 ble oppl\u00f8st. 6. juni var ogs\u00e5 datoen da den svenske&hellip; <a class=\"more-link\" href=\"https:\/\/oma.skoletjenesten.no\/?p=2193\">Fortsett \u00e5 lese <span class=\"screen-reader-text\">Junidager<\/span><\/a><\/p>\n","protected":false},"author":1,"featured_media":0,"comment_status":"open","ping_status":"open","sticky":false,"template":"","format":"standard","meta":{"footnotes":""},"categories":[1],"tags":[],"class_list":["post-2193","post","type-post","status-publish","format-standard","hentry","category-uncategorized","entry"],"_links":{"self":[{"href":"https:\/\/oma.skoletjenesten.no\/index.php?rest_route=\/wp\/v2\/posts\/2193","targetHints":{"allow":["GET"]}}],"collection":[{"href":"https:\/\/oma.skoletjenesten.no\/index.php?rest_route=\/wp\/v2\/posts"}],"about":[{"href":"https:\/\/oma.skoletjenesten.no\/index.php?rest_route=\/wp\/v2\/types\/post"}],"author":[{"embeddable":true,"href":"https:\/\/oma.skoletjenesten.no\/index.php?rest_route=\/wp\/v2\/users\/1"}],"replies":[{"embeddable":true,"href":"https:\/\/oma.skoletjenesten.no\/index.php?rest_route=%2Fwp%2Fv2%2Fcomments&post=2193"}],"version-history":[{"count":4,"href":"https:\/\/oma.skoletjenesten.no\/index.php?rest_route=\/wp\/v2\/posts\/2193\/revisions"}],"predecessor-version":[{"id":2280,"href":"https:\/\/oma.skoletjenesten.no\/index.php?rest_route=\/wp\/v2\/posts\/2193\/revisions\/2280"}],"wp:attachment":[{"href":"https:\/\/oma.skoletjenesten.no\/index.php?rest_route=%2Fwp%2Fv2%2Fmedia&parent=2193"}],"wp:term":[{"taxonomy":"category","embeddable":true,"href":"https:\/\/oma.skoletjenesten.no\/index.php?rest_route=%2Fwp%2Fv2%2Fcategories&post=2193"},{"taxonomy":"post_tag","embeddable":true,"href":"https:\/\/oma.skoletjenesten.no\/index.php?rest_route=%2Fwp%2Fv2%2Ftags&post=2193"}],"curies":[{"name":"wp","href":"https:\/\/api.w.org\/{rel}","templated":true}]}}