{"id":2158,"date":"2025-05-30T10:00:39","date_gmt":"2025-05-30T10:00:39","guid":{"rendered":"https:\/\/oma.skoletjenesten.no\/?p=2158"},"modified":"2025-06-18T16:56:19","modified_gmt":"2025-06-18T16:56:19","slug":"virtuell-virkelighet-22-25","status":"publish","type":"post","link":"https:\/\/oma.skoletjenesten.no\/?p=2158","title":{"rendered":"Virtuell virkelighet 22\/25"},"content":{"rendered":"\n<p><small>Denne spalten het tidligere <em>Alternative fakta<\/em>, som fortsatt er kategori-betegnelsen. I<em> Alternative fakta<\/em> l\u00e5 vekten ofte mer p\u00e5 det alternative enn p\u00e5 fakta. Her i <em>Virtuell virkelighet<\/em> kan vekten&nbsp; ligge mer p\u00e5 det virtuelle enn p\u00e5 virkeligheten.<\/small><\/p>\n\n\n\n<p><small>Navneskiftet ble forklart i <a href=\"http:\/\/ttt.skoletjenesten.no\/alternative-fakta-3-21\/\" target=\"_blank\" rel=\"noreferrer noopener\">siste utgave av Alternative fakta 15. januar 2021<\/a>.<\/small><\/p>\n\n\n\n<hr class=\"wp-block-separator has-alpha-channel-opacity\"\/>\n\n\n\n<p> <strong><em>Vv 1: Festival.<\/em><\/strong> \u00c5rets Langset-festival foregikk som vanlig siste tirsdag i mai. Det var bestilt oppholdsv\u00e6r fra kl. 18, men det sluttet ikke \u00e5 regne f\u00f8r 18.30, noe som kan ha bidratt til at festivalpublikum ikke utgjorde flere enn at b\u00e5de de og klarinett-kvartetten <em>D\u00f8gnfluene<\/em> fikk plass innend\u00f8rs i bloggerens stue. De som ikke var der, gikk glipp av trivelig musikk fremf\u00f8rt med hum\u00f8r og eleganse. Mer fra festivalen senere her i bloggen n\u00e5r opptak fra begivenheten er redigert. Her en smakebit fra \u00e5pningen:<\/p>\n\n\n\n<figure class=\"wp-block-audio\"><audio controls src=\"https:\/\/oma.skoletjenesten.no\/wp-content\/uploads\/2025\/05\/10_Doegnfluene.mp3\"><\/audio><\/figure>\n\n\n\n<p><a href=\"mailto:ttt@skoletjenesten.no?cc=&amp;bcc=&amp;subject=Vv%201\/22&amp;amptarget=\"><em>Kommenter denne notisen<\/em><\/a><\/p>\n\n\n\n<p class=\"has-text-align-center\">\u058e\u058e\u058e<\/p>\n\n\n\n<p><strong><em>Vv 2: Pave-harselas.<\/em><\/strong> For en uke siden harselerte bloggeren med \u00ab18.-mai-tilstander\u00bb i den skattefinansierte mediekanalen NRK \u2013 i b\u00e5de radio og fjernsyn. Han innser n\u00e5 at de \u00e5penbare <a href=\"https:\/\/oma.skoletjenesten.no\/?p=2119\/#paven\" data-type=\"link\" data-id=\"https:\/\/oma.skoletjenesten.no\/?p=2119\/#pave\" target=\"_blank\" rel=\"noreferrer noopener\">feilopplysningene om paven<\/a> kanskje var et fors\u00f8k p\u00e5 understreke slutten av 3. vers i <em>Ja vi elsker<\/em>: \u00abfra dets h\u00f8ye Sverre talte Roma midt imot\u00bb (<a href=\"https:\/\/snl.no\/Vatikanstaten\" data-type=\"link\" data-id=\"https:\/\/snl.no\/Vatikanstaten\" target=\"_blank\" rel=\"noreferrer noopener\">Vatikanstaten<\/a> var ikke oppfunnet da Bj\u00f8rnson skrev <em>F\u00e6drelandssang<\/em>). Den nevnte Sverre var norsk konge fra 1184 til 1202. De som vil vite mer om ham, kan lese <em><a href=\"https:\/\/www.nb.no\/items\/27f9b0bf3c7e48af235dfcad852687aa?page=7\" data-type=\"link\" data-id=\"https:\/\/www.nb.no\/items\/27f9b0bf3c7e48af235dfcad852687aa?page=7\" target=\"_blank\" rel=\"noreferrer noopener\">Sverres Saga<\/a><\/em> (trolig godkjent av ham selv) og\/eller K\u00e5re Holts romanserie <em>Kongen<\/em> (<a href=\"https:\/\/www.nb.no\/items\/0878c3636bd488af3de1dca6f597de64?page=0&amp;searchText=mannen%20fra%20utskj\u00e6ret\" data-type=\"link\" data-id=\"https:\/\/www.nb.no\/items\/0878c3636bd488af3de1dca6f597de64?page=0&amp;searchText=mannen%20fra%20utskj\u00e6ret\" target=\"_blank\" rel=\"noreferrer noopener\"><em>Mannen fra utskj\u00e6ret<\/em><\/a>, <a href=\"https:\/\/www.nb.no\/items\/f359e4369e94d53ca2c8cea003183647?page=0&amp;searchText=fredl\u00f8se%20menn\" data-type=\"link\" data-id=\"https:\/\/www.nb.no\/items\/f359e4369e94d53ca2c8cea003183647?page=0&amp;searchText=fredl\u00f8se%20menn\" target=\"_blank\" rel=\"noreferrer noopener\"><em>Fredl\u00f8se menn<\/em><\/a>, <a href=\"https:\/\/www.nb.no\/items\/4e4b1c31308d34b28405ab690ba3b6c2?page=0&amp;searchText=hersker%20og%20trell\" data-type=\"link\" data-id=\"https:\/\/www.nb.no\/items\/4e4b1c31308d34b28405ab690ba3b6c2?page=0&amp;searchText=hersker%20og%20trell\" target=\"_blank\" rel=\"noreferrer noopener\"><em>Hersker og trell<\/em><\/a>).<\/p>\n\n\n\n<p><a href=\"mailto:ttt@skoletjenesten.no?cc=&amp;bcc=&amp;subject=Vv%202\/22&amp;amptarget=\"><em>Kommenter denne notisen<\/em><\/a><\/p>\n\n\n\n<p class=\"has-text-align-center\">\u058e\u058e\u058e<\/p>\n\n\n<div class=\"wp-block-image is-style-twentytwentyone-border\">\n<figure class=\"alignright size-full\"><img loading=\"lazy\" decoding=\"async\" width=\"441\" height=\"847\" src=\"https:\/\/oma.skoletjenesten.no\/wp-content\/uploads\/2025\/05\/30_Rabarbervin-Annonse_Opera-Bilde_2025-05-25_172646_eavis.budstikka.no_.png\" alt=\"\" class=\"wp-image-2164\" srcset=\"https:\/\/oma.skoletjenesten.no\/wp-content\/uploads\/2025\/05\/30_Rabarbervin-Annonse_Opera-Bilde_2025-05-25_172646_eavis.budstikka.no_.png 441w, https:\/\/oma.skoletjenesten.no\/wp-content\/uploads\/2025\/05\/30_Rabarbervin-Annonse_Opera-Bilde_2025-05-25_172646_eavis.budstikka.no_-156x300.png 156w\" sizes=\"auto, (max-width: 441px) 100vw, 441px\" \/><\/figure>\n<\/div>\n\n\n<p id=\"vinsamlag\"><strong><em>Vv 3: Forbudstid.<\/em><\/strong> Fra 1916 til 1927 var det forbudt \u00e5 omsette brennevin i Norge. Men fra 1923 var det igjen tillatt \u00e5 selge hetvin. L\u00f8iten Br\u00e6nderi, som i dag kanskje er mest kjent for sin <a href=\"https:\/\/snl.no\/linjeakevitt\" data-type=\"link\" data-id=\"https:\/\/snl.no\/linjeakevitt\" target=\"_blank\" rel=\"noreferrer noopener\">linjeakevitt<\/a>, holdt det g\u00e5ende i <a href=\"https:\/\/snl.no\/forbudssaken\" data-type=\"link\" data-id=\"https:\/\/snl.no\/forbudssaken\" target=\"_blank\" rel=\"noreferrer noopener\">forbudstiden<\/a> ved \u00e5 produsere alternative, men beslektede produkter. Og det var ikke forbudt \u00e5 annonsere for alkoholholdig drikke, som man ser av annonsen ved siden av.<\/p>\n\n\n\n<p>.<\/p>\n\n\n\n<p>..<\/p>\n\n\n\n<p><a href=\"mailto:ttt@skoletjenesten.no?cc=&amp;bcc=&amp;subject=Vv%203\/22&amp;amptarget=\"><em>Kommenter denne notisen<\/em><\/a><\/p>\n\n\n\n<p class=\"has-text-align-center\">\u058e\u058e\u058e<\/p>\n\n\n\n<p><strong><em>Vv 4: Holdbarhet.<\/em><\/strong> L\u00f8iten Br\u00e6nderi lager ogs\u00e5 noe de kaller sommerakevitt. Bloggeren har konstatert at den er holdbar til langt ut p\u00e5 vinteren.<\/p>\n\n\n\n<p><a href=\"mailto:ttt@skoletjenesten.no?cc=&amp;bcc=&amp;subject=Vv%204\/22&amp;amptarget=\"><em>Kommenter denne notisen<\/em><\/a><\/p>\n\n\n\n<p class=\"has-text-align-center\">\u058e\u058e\u058e<\/p>\n\n\n\n<p><strong><em>Vv 5: Fyllelyd.<\/em><\/strong> N\u00e5r man m\u00e5 tenke seg om for \u00e5 finne ord, er det en kjent teknikk \u00e5 fylle lydpausen med noe, for eksempel \u00abeh\u00bb. Det gj\u00f8r seg ikke s\u00e5 godt i radio, men s\u00e5 er jo J\u00f8rgen Haldorsen utenlandssjef i R\u00f8de Kors, ikke radiojournalist.<\/p>\n\n\n\n<figure class=\"wp-block-audio\"><audio controls src=\"https:\/\/oma.skoletjenesten.no\/wp-content\/uploads\/2025\/05\/50_Pauselyd-eh_250522_NRK-AlltidNyheter_JoergenHaldorsen_Intervju.mp3\"><\/audio><figcaption class=\"wp-element-caption\">NRK Alltid Nyheter 22. mai 2025.<\/figcaption><\/figure>\n\n\n\n<p><a href=\"mailto:ttt@skoletjenesten.no?cc=&amp;bcc=&amp;subject=Vv%205\/22&amp;amptarget=\"><em>Kommenter denne notisen<\/em><\/a><\/p>\n\n\n\n<p class=\"has-text-align-center\">\u058e\u058e\u058e<\/p>\n\n\n\n<p><strong><em>Vv 6: Sjendis-intervju.<\/em> <\/strong> Ikke s\u00e5 greit \u00e5 lage radiointervju n\u00e5r man ikke kan snakke rent. Men alle forst\u00e5r vel hva som menes med \u00absjuesjue\u00e9n? Og den skattefinansierte radiokanalen NRK viser omsorg og oppgir ikke intervjuerens navn.<\/p>\n\n\n\n<figure class=\"wp-block-audio\"><audio controls src=\"https:\/\/oma.skoletjenesten.no\/wp-content\/uploads\/2025\/05\/60_Sje-lyd_250522_NRK-AlltidNyheter_nn.mp3\"><\/audio><figcaption class=\"wp-element-caption\">NRK Alltid Nyheter 22. mai 2025.<\/figcaption><\/figure>\n\n\n\n<p><a href=\"mailto:ttt@skoletjenesten.no?cc=&amp;bcc=&amp;subject=Vv%206\/22&amp;amptarget=\"><em>Kommenter denne notisen<\/em><\/a><\/p>\n\n\n\n<p class=\"has-text-align-center\">\u058e\u058e\u058e<\/p>\n\n\n\n<p><strong><em>Vv 7: Sj\u00f8fart.<\/em><\/strong> For hundre \u00e5r siden utgjorde skipsruter en vesentlig del av transportnettet. Avisenes annonsesider bar preg av dette (klikk for \u00e5 lese):<\/p>\n\n\n\n<div class=\"wp-block-columns is-layout-flex wp-container-core-columns-is-layout-9d6595d7 wp-block-columns-is-layout-flex\">\n<div class=\"wp-block-column is-layout-flow wp-block-column-is-layout-flow\"><div class=\"wp-block-image is-style-twentytwentyone-border\">\n<figure class=\"alignright size-full\"><a href=\"http:\/\/ttt.skoletjenesten.no\/wp-content\/uploads\/2025\/05\/70_Kommunikattioner---Annonser-1_Aftenposten%20Aften%2030.%20mai%201925.pdf\" target=\"_blank\" rel=\" noreferrer noopener\"><img loading=\"lazy\" decoding=\"async\" width=\"568\" height=\"715\" src=\"https:\/\/oma.skoletjenesten.no\/wp-content\/uploads\/2025\/05\/70_Kommunikattioner-Annonser-1_Aftenposten-Aften-30.-mai-1925.jpg\" alt=\"\" class=\"wp-image-2168\" srcset=\"https:\/\/oma.skoletjenesten.no\/wp-content\/uploads\/2025\/05\/70_Kommunikattioner-Annonser-1_Aftenposten-Aften-30.-mai-1925.jpg 568w, https:\/\/oma.skoletjenesten.no\/wp-content\/uploads\/2025\/05\/70_Kommunikattioner-Annonser-1_Aftenposten-Aften-30.-mai-1925-238x300.jpg 238w\" sizes=\"auto, (max-width: 568px) 100vw, 568px\" \/><\/a><figcaption class=\"wp-element-caption\">Aftenpsten 30. mai 1925<\/figcaption><\/figure>\n<\/div><\/div>\n\n\n\n<div class=\"wp-block-column is-layout-flow wp-block-column-is-layout-flow\">\n<figure class=\"wp-block-image size-full is-style-twentytwentyone-border\"><a href=\"http:\/\/ttt.skoletjenesten.no\/wp-content\/uploads\/2025\/05\/70_Kommunikattioner---Annonser-2_Aftenposten%20Aften%2030.%20mai%201925.pdf\" target=\"_blank\" rel=\" noreferrer noopener\"><img loading=\"lazy\" decoding=\"async\" width=\"549\" height=\"703\" src=\"https:\/\/oma.skoletjenesten.no\/wp-content\/uploads\/2025\/05\/70_Kommunikattioner-Annonser-2_Aftenposten-Aften-30.-mai-1925.jpg\" alt=\"\" class=\"wp-image-2169\" srcset=\"https:\/\/oma.skoletjenesten.no\/wp-content\/uploads\/2025\/05\/70_Kommunikattioner-Annonser-2_Aftenposten-Aften-30.-mai-1925.jpg 549w, https:\/\/oma.skoletjenesten.no\/wp-content\/uploads\/2025\/05\/70_Kommunikattioner-Annonser-2_Aftenposten-Aften-30.-mai-1925-234x300.jpg 234w\" sizes=\"auto, (max-width: 549px) 100vw, 549px\" \/><\/a><figcaption class=\"wp-element-caption\">Aftenpsten 30. mai 1925<\/figcaption><\/figure>\n<\/div>\n<\/div>\n\n\n\n<p><a href=\"mailto:ttt@skoletjenesten.no?cc=&amp;bcc=&amp;subject=Vv%207\/22&amp;amptarget=\"><em>Kommenter denne notisen<\/em><\/a><\/p>\n\n\n\n<p class=\"has-text-align-center\">\u058e\u058e\u058e<\/p>\n\n\n\n<p><strong><em>Vv 8: Valg. <\/em><\/strong> Det er stortingsvalg 8. september i \u00e5r. De spesielt interesserte kan klikke <a href=\"http:\/\/ttt.skoletjenesten.no\/wp-content\/uploads\/2025\/05\/80_Valg-om-et-halvt-aar.html\" data-type=\"link\" data-id=\"http:\/\/ttt.skoletjenesten.no\/wp-content\/uploads\/2025\/05\/N24-N25_Aftenposten%2030.%20mai%201925.pdf\" target=\"_blank\" rel=\"noreferrer noopener\">her<\/a> og se hvor lenge det er til valglokalene \u00e5pner..<\/p>\n\n\n\n<p><a href=\"mailto:ttt@skoletjenesten.no?cc=&amp;bcc=&amp;subject=Vv%208\/22&amp;amptarget=\"><em>Kommenter denne notisen<\/em><\/a><\/p>\n\n\n\n<p class=\"has-text-align-center\">\u058e\u058e\u058e<\/p>\n\n\n\n<p><strong><em>Vv 9: Pr\u00e6mie-konkurranse.<\/em><\/strong> Lilleborgs pr\u00e6mie-konkurranse var nok et snedig markedsf\u00f8ringstriks i 1925. Kanskje kan bloggens lesere finne svar p\u00e5 konkurransens sp\u00f8rsm\u00e5l ogs\u00e5 i dag? NB! Det er mulig at <em>Nordlys s\u00e6pekorn<\/em> ikke er \u00e5 f\u00e5 i den lokale dagligvareforretningen \u2013 i hvert fall ikke til 60 \u00f8re for en \u00abstor, dr\u00f8i Pakke\u00bb.<\/p>\n\n\n\n<figure class=\"wp-block-image size-full is-style-twentytwentyone-border\"><a href=\"http:\/\/ttt.skoletjenesten.no\/wp-content\/uploads\/2025\/05\/90_Lilleborg-annonse_Budstikka%2024-05-1925-pages_4.pdf\" target=\"_blank\" rel=\" noreferrer noopener\"><img loading=\"lazy\" decoding=\"async\" width=\"581\" height=\"807\" src=\"https:\/\/oma.skoletjenesten.no\/wp-content\/uploads\/2025\/05\/90_Lilleborg-annonse_Budstikka-24-05-1925-pages_4.jpg\" alt=\"\" class=\"wp-image-2167\" srcset=\"https:\/\/oma.skoletjenesten.no\/wp-content\/uploads\/2025\/05\/90_Lilleborg-annonse_Budstikka-24-05-1925-pages_4.jpg 581w, https:\/\/oma.skoletjenesten.no\/wp-content\/uploads\/2025\/05\/90_Lilleborg-annonse_Budstikka-24-05-1925-pages_4-216x300.jpg 216w\" sizes=\"auto, (max-width: 581px) 100vw, 581px\" \/><\/a><figcaption class=\"wp-element-caption\">Asker og B\u00e6rums Budstikke 24. mai 1925. Klikk for \u00e5 lese. Bloggeren har dessverre ikke tilgang til noen fasit, og anbefaler at man kontakter Lilleborg, ogs\u00e5 om man mener seg berettiget til \u00abpr\u00e6mie\u00bb.<\/figcaption><\/figure>\n\n\n\n<p><a href=\"mailto:ttt@skoletjenesten.no?cc=&amp;bcc=&amp;subject=Vv%209\/22&amp;amptarget=\"><em>Kommenter denne notisen<\/em><\/a><\/p>\n\n\n\n<div style=\"height:100px\" aria-hidden=\"true\" class=\"wp-block-spacer\"><\/div>\n\n\n\n<hr class=\"wp-block-separator has-alpha-channel-opacity\"\/>\n\n\n\n<p class=\"has-text-align-center\"><em><a href=\"ttps:\/\/oma.skoletjenesten.no\/?p=2174\" data-type=\"link\" data-id=\"https:\/\/oma.skoletjenesten.no\/?p=2174\">Til innholdsliste for denne utgaven<\/a><\/em><\/p>\n\n\n\n<p><\/p>\n","protected":false},"excerpt":{"rendered":"<p>Denne spalten het tidligere Alternative fakta, som fortsatt er kategori-betegnelsen. I Alternative fakta l\u00e5 vekten ofte mer p\u00e5 det alternative enn p\u00e5 fakta. Her i Virtuell virkelighet kan vekten&nbsp; ligge mer p\u00e5 det virtuelle enn p\u00e5 virkeligheten. Navneskiftet ble forklart i siste utgave av Alternative fakta 15. januar 2021. Vv 1: Festival. \u00c5rets Langset-festival foregikk&hellip; <a class=\"more-link\" href=\"https:\/\/oma.skoletjenesten.no\/?p=2158\">Fortsett \u00e5 lese <span class=\"screen-reader-text\">Virtuell virkelighet 22\/25<\/span><\/a><\/p>\n","protected":false},"author":1,"featured_media":0,"comment_status":"open","ping_status":"open","sticky":false,"template":"","format":"standard","meta":{"footnotes":""},"categories":[11],"tags":[],"class_list":["post-2158","post","type-post","status-publish","format-standard","hentry","category-alternative-fakta","entry"],"_links":{"self":[{"href":"https:\/\/oma.skoletjenesten.no\/index.php?rest_route=\/wp\/v2\/posts\/2158","targetHints":{"allow":["GET"]}}],"collection":[{"href":"https:\/\/oma.skoletjenesten.no\/index.php?rest_route=\/wp\/v2\/posts"}],"about":[{"href":"https:\/\/oma.skoletjenesten.no\/index.php?rest_route=\/wp\/v2\/types\/post"}],"author":[{"embeddable":true,"href":"https:\/\/oma.skoletjenesten.no\/index.php?rest_route=\/wp\/v2\/users\/1"}],"replies":[{"embeddable":true,"href":"https:\/\/oma.skoletjenesten.no\/index.php?rest_route=%2Fwp%2Fv2%2Fcomments&post=2158"}],"version-history":[{"count":12,"href":"https:\/\/oma.skoletjenesten.no\/index.php?rest_route=\/wp\/v2\/posts\/2158\/revisions"}],"predecessor-version":[{"id":2296,"href":"https:\/\/oma.skoletjenesten.no\/index.php?rest_route=\/wp\/v2\/posts\/2158\/revisions\/2296"}],"wp:attachment":[{"href":"https:\/\/oma.skoletjenesten.no\/index.php?rest_route=%2Fwp%2Fv2%2Fmedia&parent=2158"}],"wp:term":[{"taxonomy":"category","embeddable":true,"href":"https:\/\/oma.skoletjenesten.no\/index.php?rest_route=%2Fwp%2Fv2%2Fcategories&post=2158"},{"taxonomy":"post_tag","embeddable":true,"href":"https:\/\/oma.skoletjenesten.no\/index.php?rest_route=%2Fwp%2Fv2%2Ftags&post=2158"}],"curies":[{"name":"wp","href":"https:\/\/api.w.org\/{rel}","templated":true}]}}