{"id":2150,"date":"2025-05-30T10:01:48","date_gmt":"2025-05-30T10:01:48","guid":{"rendered":"https:\/\/oma.skoletjenesten.no\/?p=2150"},"modified":"2025-06-18T16:53:57","modified_gmt":"2025-06-18T16:53:57","slug":"grusomhet-i-gaza","status":"publish","type":"post","link":"https:\/\/oma.skoletjenesten.no\/?p=2150","title":{"rendered":"Grusomhet i Gaza"},"content":{"rendered":"\n<p><em>Norsken og dansken og svensken<\/em> er tittelen p\u00e5 noe som f\u00f8rst var et radioprogram og som n\u00e5 er en podcast som sendes i radio etterp\u00e5. Til tross for den ubehjelpelige tittelen (<em>norsken<\/em> I denne sammenhengen er barnehagespr\u00e5k) dukker det av og til opp h\u00f8reverdige meningsutvekslinger. Sist s\u00f8ndag (radioutgaven) handlet det om \u00abelefanten i rommet\u00bb: Hva mener programdeltakerne selv om Midt\u00f8sten-konflikten \/ Gaza- krigen?<\/p>\n\n\n\n<figure class=\"wp-block-audio\"><audio controls src=\"https:\/\/oma.skoletjenesten.no\/wp-content\/uploads\/2025\/05\/Gaza_250525_Norsken-svensken-dansken__Diskusjon-med-innestemme.mp3\"><\/audio><figcaption class=\"wp-element-caption\">Fraa NRK: <em>Norsken og dansken og svensken<\/em> 25. mai 2025.<\/figcaption><\/figure>\n\n\n\n<p>Samtalen fikk meg til \u00e5 tenke p\u00e5 blogginnlegget fra 2018: <em><a href=\"https:\/\/ttt.skoletjenesten.no\/israel-og-palestina-mange-sporsmal-fa-svar\/\" data-type=\"link\" data-id=\"https:\/\/ttt.skoletjenesten.no\/israel-og-palestina-mange-sporsmal-fa-svar\/\" target=\"_blank\" rel=\"noreferrer noopener\">Israel og Palestina \u2013 mange sp\u00f8rsm\u00e5l, f\u00e5 svar<\/a><\/em>. Jeg leste gjennom det, noe som f\u00f8rte meg videre til et par kommentarer av Roger Hercz (<em><a href=\"https:\/\/skoletjenesten.no\/torgeir\/ttt-illustrasjoner\/2018\/05\/Midtoesten---Gaza_180515_Dagsavisen_RogerHercz_De-fikk-aldri-vende-hjem-igjen.jpg\" data-type=\"link\" data-id=\"https:\/\/skoletjenesten.no\/torgeir\/ttt-illustrasjoner\/2018\/05\/Midtoesten---Gaza_180515_Dagsavisen_RogerHercz_De-fikk-aldri-vende-hjem-igjen.jpg\" target=\"_blank\" rel=\"noreferrer noopener\">De fikk aldrri vende hjem igjen<\/a><\/em>, <em><a href=\"https:\/\/skoletjenesten.no\/torgeir\/ttt-illustrasjoner\/2018\/05\/Midtosten_Gaza_180524_Dagsavisen_RogerHercz_Palestinerne-i-en-blindvei.pdf\" data-type=\"link\" data-id=\"https:\/\/skoletjenesten.no\/torgeir\/ttt-illustrasjoner\/2018\/05\/Midtosten_Gaza_180524_Dagsavisen_RogerHercz_Palestinerne-i-en-blindvei.pdf\" target=\"_blank\" rel=\"noreferrer noopener\">Palestinerne i en blindvei?<\/a><\/em>). Selv om de er skrevet i 2018, gir de fortsatt interessante opplysninger som bakgrunnen for Midt\u00f8sten-konflikten.<\/p>\n\n\n\n<p>Gaza-krigen omtales ofte som asymmetrisk, og det kan nok v\u00e6re riktig, men p\u00e5 flere m\u00e5ter enn den de fleste f\u00f8rst tenker p\u00e5: Israels milit\u00e6re overlegenhet.<br>&#8211; Krigen foreg\u00e5r mellom <em>staten<\/em> Israel og den v\u00e6pnede <em>grupperingen<\/em> HAMAS \u2013 sistnevnte har kuppet makten i Gaza og har beg\u00e5tt terrorhandlinger mot Israel.<br>&#8211; Som stat er Israel bundet av konvensjoner og avtaler som landet har tilsluttet seg. Gruppen HAMAS er ikke bundet av slike begrensninger.<\/p>\n\n\n\n<p>Assymmetrien nevnt ovenfor utnyttes av HAMAS og andre overfor regjeringer og grupperinger som lar seg rive med f\u00f8lelsesmessig eller m\u00e5 ta hensyn til at andre lar seg rive med. Alle de nyhetssendingene jeg forholder meg til, lar seg bruke i dette spillet. Det gjelder til og med BBC, som riktignok er det mediet som lar begge parter slippe til og som var f\u00f8rst ute med \u00e5 presisere at alle instanser i Gaza er kontrollert av HAMAS.<\/p>\n\n\n\n<p>Noen medie-eksempler p\u00e5 asymmetri:<br>&#8211; N\u00e5r Israels milit\u00e6re overlegenhet f\u00f8rer til \u00f8deleggelser og tap av menneskeliv (ogs\u00e5 sivile), fortelles dette i nyhetsmeldinger der HAMAS-kontrollerte instanser vanligvis er kilden. Opplysningene er gjerne formulert slik at de kan skade Israels omd\u00f8mme.<br>&#8211; V\u00e5penhvile er \u2013 if\u00f8lge min tolkning av mediene \u2013 noe Israel skal inng\u00e5 (hva med den andre parten?)<br>&#8211; \u00abAll frigiving av gisler har skjedd i forbindelse med v\u00e5penhvile\u00bb \u2013 v\u00e5penhvile fra hva? Det som skjedde f\u00f8r v\u00e5penhvilen har vel hatt noe \u00e5 si for frigivelsen av gisler?<\/p>\n\n\n\n<p>Krigen har etter hvert blitt personfokusert. Israel har en tydelig, politisk gallionsfigur (Netanyahu), men hvem har den tilsvarende rollen hos HAMAS?<\/p>\n\n\n\n<p>Norge er ikke del i konflikten, og ligger s\u00e5 langt unna Midt\u00f8sten at det burde v\u00e6re mulig med en saklig meningsutveksling om Gaza-krigen her. Det er det ikke, og samtalen i <em>Norsken, svensken og dansken<\/em> nevner noen grunner til det. Programmet sendes av NRK, som er Israel-kritisk (mildt sagt!). I nyhetssendingene fra samme mediehus skal det ikke mye til f\u00f8r Israel trekkes inn p\u00e5 en negativ m\u00e5te. H\u00f8r hva utviklingsminister \u00c5smund Aukrust sier mens sjefen hans, klima- og utenriksminister Espen Barth Eide, er p\u00e5 bes\u00f8k i Israel \u2013 hans f\u00f8rste etter \u00e5 ha v\u00e6rt u\u00f8nsket der en periode:<\/p>\n\n\n\n<figure class=\"wp-block-audio\"><audio controls src=\"https:\/\/oma.skoletjenesten.no\/wp-content\/uploads\/2025\/05\/SafeSchoolDeclaration_250528_NRK-AlltidNyheter_PetterOulieHauge_.mp3\"><\/audio><figcaption class=\"wp-element-caption\">NRK Alltid Nyheter 28, mai 2025.<\/figcaption><\/figure>\n\n\n\n<p class=\"has-text-align-center\">\u058e\u058e\u058e<\/p>\n\n\n\n<p class=\"has-small-font-size\">Les ogs\u00e5 <em><a href=\"https:\/\/ttt.skoletjenesten.no\/grusomhetens-strategi-under-gaza-krigen-utdrag\/\" target=\"_blank\" rel=\"noreferrer noopener\">Grusomhetens strategi under Gazakrigen<\/a><\/em> fra mars 2024<\/p>\n\n\n\n<p class=\"has-small-font-size\"><a href=\"https:\/\/oma.skoletjenesten.no\/?page_id=178\" target=\"_blank\" rel=\"noreferrer noopener\">Alle blogginnlegg om Gaza-krigen<\/a><\/p>\n\n\n\n<div style=\"height:100px\" aria-hidden=\"true\" class=\"wp-block-spacer\"><\/div>\n\n\n\n<hr class=\"wp-block-separator has-alpha-channel-opacity\"\/>\n\n\n\n<p class=\"has-text-align-center\"><em><a href=\"https:\/\/oma.skoletjenesten.no\/?p=2174\">Til innholdsliste for denne utgaven<\/a><\/em><\/p>\n","protected":false},"excerpt":{"rendered":"<p>Norsken og dansken og svensken er tittelen p\u00e5 noe som f\u00f8rst var et radioprogram og som n\u00e5 er en podcast som sendes i radio etterp\u00e5. Til tross for den ubehjelpelige tittelen (norsken I denne sammenhengen er barnehagespr\u00e5k) dukker det av og til opp h\u00f8reverdige meningsutvekslinger. Sist s\u00f8ndag (radioutgaven) handlet det om \u00abelefanten i rommet\u00bb: Hva&hellip; <a class=\"more-link\" href=\"https:\/\/oma.skoletjenesten.no\/?p=2150\">Fortsett \u00e5 lese <span class=\"screen-reader-text\">Grusomhet i Gaza<\/span><\/a><\/p>\n","protected":false},"author":1,"featured_media":0,"comment_status":"open","ping_status":"open","sticky":false,"template":"","format":"standard","meta":{"footnotes":""},"categories":[13],"tags":[],"class_list":["post-2150","post","type-post","status-publish","format-standard","hentry","category-utenriks","entry"],"_links":{"self":[{"href":"https:\/\/oma.skoletjenesten.no\/index.php?rest_route=\/wp\/v2\/posts\/2150","targetHints":{"allow":["GET"]}}],"collection":[{"href":"https:\/\/oma.skoletjenesten.no\/index.php?rest_route=\/wp\/v2\/posts"}],"about":[{"href":"https:\/\/oma.skoletjenesten.no\/index.php?rest_route=\/wp\/v2\/types\/post"}],"author":[{"embeddable":true,"href":"https:\/\/oma.skoletjenesten.no\/index.php?rest_route=\/wp\/v2\/users\/1"}],"replies":[{"embeddable":true,"href":"https:\/\/oma.skoletjenesten.no\/index.php?rest_route=%2Fwp%2Fv2%2Fcomments&post=2150"}],"version-history":[{"count":8,"href":"https:\/\/oma.skoletjenesten.no\/index.php?rest_route=\/wp\/v2\/posts\/2150\/revisions"}],"predecessor-version":[{"id":2294,"href":"https:\/\/oma.skoletjenesten.no\/index.php?rest_route=\/wp\/v2\/posts\/2150\/revisions\/2294"}],"wp:attachment":[{"href":"https:\/\/oma.skoletjenesten.no\/index.php?rest_route=%2Fwp%2Fv2%2Fmedia&parent=2150"}],"wp:term":[{"taxonomy":"category","embeddable":true,"href":"https:\/\/oma.skoletjenesten.no\/index.php?rest_route=%2Fwp%2Fv2%2Fcategories&post=2150"},{"taxonomy":"post_tag","embeddable":true,"href":"https:\/\/oma.skoletjenesten.no\/index.php?rest_route=%2Fwp%2Fv2%2Ftags&post=2150"}],"curies":[{"name":"wp","href":"https:\/\/api.w.org\/{rel}","templated":true}]}}