{"id":2119,"date":"2025-05-23T10:00:36","date_gmt":"2025-05-23T10:00:36","guid":{"rendered":"https:\/\/oma.skoletjenesten.no\/?p=2119"},"modified":"2026-02-05T22:07:07","modified_gmt":"2026-02-05T22:07:07","slug":"virtuell-virkelighet-21-25","status":"publish","type":"post","link":"https:\/\/oma.skoletjenesten.no\/?p=2119","title":{"rendered":"Virtuell virkelighet 21\/25"},"content":{"rendered":"\n<p><small>Denne spalten het tidligere <em>Alternative fakta<\/em>, som fortsatt er kategori-betegnelsen. I<em> Alternative fakta<\/em> l\u00e5 vekten ofte mer p\u00e5 det alternative enn p\u00e5 fakta. Her i <em>Virtuell virkelighet<\/em> kan vekten&nbsp; ligge mer p\u00e5 det virtuelle enn p\u00e5 virkeligheten.<\/small><\/p>\n\n\n\n<p><small>Navneskiftet ble forklart i <a href=\"http:\/\/ttt.skoletjenesten.no\/alternative-fakta-3-21\/\" target=\"_blank\" rel=\"noreferrer noopener\">siste utgave av Alternative fakta 15. januar 2021<\/a>.<\/small><\/p>\n\n\n\n<hr class=\"wp-block-separator has-alpha-channel-opacity\"\/>\n\n\n\n<p id=\"paven\"><strong><em>Vv 1: Pavenytt-1.<\/em><\/strong> P\u00e5 17. mai ble det nok litt mye 1814 for den som skulle skrive nyhetsmeldingene til Dagsnytt 18. mai i den skattefinansierte radiokanalen NRK. Og kanskje ble det litt mye feiring for Jon Branes som leste meldingen i 10-sendingen. For hva var n\u00e5 nummeret p\u00e5 denne nye paven?<\/p>\n\n\n\n<figure class=\"wp-block-audio\"><audio controls src=\"https:\/\/oma.skoletjenesten.no\/wp-content\/uploads\/2025\/05\/10_Pave-Leo-18-eller-14.mp3\"><\/audio><figcaption class=\"wp-element-caption\">NRK Dagsnytt 18. mai 2025 kl. 10.00.<\/figcaption><\/figure>\n\n\n\n<p><a href=\"mailto:ttt@skoletjenesten.no?cc=&amp;bcc=&amp;subject=Vv%201\/21&amp;amptarget=\"><em>Kommenter denne notisen<\/em><\/a><\/p>\n\n\n\n<p class=\"has-text-align-center\">\u058e\u058e\u058e<\/p>\n\n\n\n<p><strong><em>Vv 2: <strong>Pavenytt-<\/strong>2<\/em>.<\/strong> Det var nok en skikkelig feiring av 17. mai i NRK (skattefinansiert medieselskap), selv om noen m\u00e5tte p\u00e5 jobb s\u00f8ndag 18. mai. Det hadde v\u00e6rt enklere hvis paven \u2013 n\u00e5r han n\u00e5 f\u00f8rst m\u00e5 velge seg et navn \u2013 hadde valgt det samme som sin forgjenger. Bare sp\u00f8r Dagsrevyen-redaksjonen.<\/p>\n\n\n\n<figure class=\"wp-block-video\"><video height=\"740\" style=\"aspect-ratio: 1336 \/ 740;\" width=\"1336\" controls src=\"https:\/\/oma.skoletjenesten.no\/wp-content\/uploads\/2025\/05\/20_Pave-Leo-eller-Frans_250518_NRK-Dagsrevyen_Tom-Nilsen_Intro.mp4\"><\/video><figcaption class=\"wp-element-caption\">NRK Dagsrevyen 18. mai 2025.<\/figcaption><\/figure>\n\n\n\n<p><a href=\"mailto:ttt@skoletjenesten.no?cc=&amp;bcc=&amp;subject=Vv%202\/21&amp;amptarget=\"><em>Kommenter denne notisen<\/em><\/a><\/p>\n\n\n\n<p class=\"has-text-align-center\">\u058e\u058e\u058e<\/p>\n\n\n\n<p><strong><em>Vv 3: Ildvann.<\/em><\/strong> P\u00e5 leting i Br\u00f8nn\u00f8ysundregistrene etter noe helt annet kom bloggeren over <em><a href=\"https:\/\/virksomhet.brreg.no\/nb\/oppslag\/enheter\/914742234\" data-type=\"link\" data-id=\"https:\/\/virksomhet.brreg.no\/nb\/oppslag\/enheter\/914742234\" target=\"_blank\" rel=\"noreferrer noopener\">Norsk maltwhiskylag Drammen<\/a><\/em>. Det viste seg at laget har avdelinger ogs\u00e5 i Bergen, Hamar, Kristiansand S., Troms\u00f8 og Trondheim. Bloggeren har bes\u00f8kt Royal Park-destilleriet i Kirkwall p\u00e5 Orkn\u00f8yene. I 2014 var det verdens nordligste whisky-destilleri, og bloggeren har senere holdt seg til dette merket.<\/p>\n\n\n\n<p><a href=\"mailto:ttt@skoletjenesten.no?cc=&amp;bcc=&amp;subject=Vv%203\/21&amp;amptarget=\"><em>Kommenter denne notisen<\/em><\/a><\/p>\n\n\n\n<p class=\"has-text-align-center\">\u058e\u058e\u058e<\/p>\n\n\n<div class=\"wp-block-image is-style-twentytwentyone-border\">\n<figure class=\"alignright size-full\"><img loading=\"lazy\" decoding=\"async\" width=\"858\" height=\"493\" src=\"https:\/\/oma.skoletjenesten.no\/wp-content\/uploads\/2025\/05\/40_Putlerbord.jpg\" alt=\"\" class=\"wp-image-2123\" srcset=\"https:\/\/oma.skoletjenesten.no\/wp-content\/uploads\/2025\/05\/40_Putlerbord.jpg 858w, https:\/\/oma.skoletjenesten.no\/wp-content\/uploads\/2025\/05\/40_Putlerbord-300x172.jpg 300w, https:\/\/oma.skoletjenesten.no\/wp-content\/uploads\/2025\/05\/40_Putlerbord-768x441.jpg 768w\" sizes=\"auto, (max-width: 858px) 100vw, 858px\" \/><figcaption class=\"wp-element-caption\">Presidentene Vladolf Putler og Emmanuel Macron p\u00e5 tomannsh\u00e5nd.<\/figcaption><\/figure>\n<\/div>\n\n\n<p><strong><em>Vv 4: Konferansebord.<\/em><\/strong> Hvis president Vladolf (Putler) f\u00e5r president Donald p\u00e5 bes\u00f8k, finner han nok frem det gamle konferansebordet sitt. For det er jo dokumentert at Donald kan v\u00e6re noks\u00e5 h\u00f8yr\u00f8stet p\u00e5 tomannsh\u00e5nd.<\/p>\n\n\n\n<p><a href=\"mailto:ttt@skoletjenesten.no?cc=&amp;bcc=&amp;subject=Vv%204\/21&amp;amptarget=\"><em>Kommenter denne notisen<\/em><\/a><\/p>\n\n\n\n<p class=\"has-text-align-center\">\u058e\u058e\u058e<\/p>\n\n\n<div class=\"wp-block-image is-style-twentytwentyone-border\">\n<figure class=\"alignright size-large\"><a href=\"https:\/\/oma.skoletjenesten.no\/wp-content\/uploads\/2025\/05\/45_Jula-OK45_IMG_20250511_145844757-scaled.jpg\" target=\"_blank\" rel=\" noreferrer noopener\"><img loading=\"lazy\" decoding=\"async\" width=\"782\" height=\"1024\" src=\"https:\/\/oma.skoletjenesten.no\/wp-content\/uploads\/2025\/05\/45_Jula-OK45_IMG_20250511_145844757-782x1024.jpg\" alt=\"\" class=\"wp-image-2124\" srcset=\"https:\/\/oma.skoletjenesten.no\/wp-content\/uploads\/2025\/05\/45_Jula-OK45_IMG_20250511_145844757-782x1024.jpg 782w, https:\/\/oma.skoletjenesten.no\/wp-content\/uploads\/2025\/05\/45_Jula-OK45_IMG_20250511_145844757-229x300.jpg 229w, https:\/\/oma.skoletjenesten.no\/wp-content\/uploads\/2025\/05\/45_Jula-OK45_IMG_20250511_145844757-768x1005.jpg 768w, https:\/\/oma.skoletjenesten.no\/wp-content\/uploads\/2025\/05\/45_Jula-OK45_IMG_20250511_145844757-1173x1536.jpg 1173w, https:\/\/oma.skoletjenesten.no\/wp-content\/uploads\/2025\/05\/45_Jula-OK45_IMG_20250511_145844757-1564x2048.jpg 1564w, https:\/\/oma.skoletjenesten.no\/wp-content\/uploads\/2025\/05\/45_Jula-OK45_IMG_20250511_145844757-1568x2053.jpg 1568w, https:\/\/oma.skoletjenesten.no\/wp-content\/uploads\/2025\/05\/45_Jula-OK45_IMG_20250511_145844757-scaled.jpg 1956w\" sizes=\"auto, (max-width: 782px) 100vw, 782px\" \/><\/a><figcaption class=\"wp-element-caption\">Reklame for hostesaft?<\/figcaption><\/figure>\n<\/div>\n\n\n<p><strong>Vv 5: Corona-kur?<\/strong> Brosjyren p\u00e5 bildet ved siden av m\u00e5 ha blitt liggende over fra coronaens tid. For det st\u00e5r da \u00abF\u00e5 orden p\u00e5 hosten din\u2026\u00bb?<\/p>\n\n\n\n<p>.<\/p>\n\n\n\n<p>.<\/p>\n\n\n\n<p>.<\/p>\n\n\n\n<p>.<\/p>\n\n\n\n<p><a href=\"mailto:ttt@skoletjenesten.no?cc=&amp;bcc=&amp;subject=Vv%205\/21&amp;amptarget=\"><em>Kommenter denne notisen<\/em><\/a><\/p>\n\n\n\n<p class=\"has-text-align-center\">\u058e\u058e\u058e<\/p>\n\n\n\n<p><strong><em>Vv 6: Landbruksnytt.<\/em><\/strong> Fra en skolestil (tema: milj\u00f8vern) p\u00e5 1970-tallet: \u00abBonden merket forurensningene da kuene hans begynte \u00e5 d\u00f8 s\u00e5 ofte.\u00bb<\/p>\n\n\n\n<p><a href=\"mailto:ttt@skoletjenesten.no?cc=&amp;bcc=&amp;subject=Vv%206\/21&amp;amptarget=\"><em>Kommenter denne notisen<\/em><\/a><\/p>\n\n\n\n<p class=\"has-text-align-center\">\u058e\u058e\u058e<\/p>\n\n\n\n<p><strong><em>Vv 7: TV-radio<\/em>.<\/strong> J\u00f8te Toftaker i den skattefinansierte radiokanalen NRK vet ikke \u2013 eller har f\u00e5tt beskjed om \u00e5 gi blaffen i \u2013 at han ogs\u00e5 er radioreporter. Da blir radioreportasjen slik:<\/p>\n\n\n\n<figure class=\"wp-block-audio\"><audio controls src=\"https:\/\/oma.skoletjenesten.no\/wp-content\/uploads\/2025\/05\/70_TVradio_250522_NRK-AlltidNyheter_GoeteToftaker.mp3\"><\/audio><\/figure>\n\n\n\n<p><a href=\"mailto:ttt@skoletjenesten.no?cc=&amp;bcc=&amp;subject=Vv%207\/21&amp;amptarget=\"><em>Kommenter denne notisen<\/em><\/a><\/p>\n\n\n\n<p class=\"has-text-align-center\">\u058e\u058e\u058e<\/p>\n\n\n\n<p><strong><em>Vv 8: Fremmedspr\u00e5k?<\/em><\/strong> Den skattefinansierte radiokanalen NRK bruker kunstig intelligens til \u00e5 lese fremmedspr\u00e5klig tale som er oversatt. Unntaket er n\u00e5r folk p\u00e5 Gazastripen uttaler seg. For alle lytterne \u2013 i hvert fall de som NRK f\u00f8ler seg knyttet til \u2013 forst\u00e5r jo arabisk (som bloggeren tror det er).<\/p>\n\n\n\n<figure class=\"wp-block-audio\"><audio controls src=\"https:\/\/oma.skoletjenesten.no\/wp-content\/uploads\/2025\/05\/80_Gazanytt-med-uoversatt-arabisk_250522_NRK-AlltidNyheter_SandraLidKrumsvik.mp3\"><\/audio><figcaption class=\"wp-element-caption\">NRK Alltid Nyheter 22. mai 2025.<\/figcaption><\/figure>\n\n\n\n<p><a href=\"mailto:ttt@skoletjenesten.no?cc=&amp;bcc=&amp;subject=Vv%208\/21&amp;amptarget=\"><em>Kommenter denne notisen<\/em><\/a><\/p>\n\n\n\n<p class=\"has-text-align-center\" id=\"branntilsyn\">\u058e\u058e\u058e<\/p>\n\n\n\n<p><strong><em>Vv 9: Tilsynsnytt.<\/em><\/strong> Brannvesenet har v\u00e6rt p\u00e5 tilsyn her p\u00e5 bruket. Det burde v\u00e6re betryggende. Men hvor betryggende er det at brannvesenet ikke finner inngangen til bloggerens ringe bolig? Den klarte til og med PostNord \u00e5 finne i vinter.<\/p>\n\n\n\n<figure class=\"wp-block-image size-large is-style-twentytwentyone-border\"><img loading=\"lazy\" decoding=\"async\" width=\"1024\" height=\"732\" src=\"https:\/\/oma.skoletjenesten.no\/wp-content\/uploads\/2025\/05\/90_Brannvesentilsyn-Bom-1024x732.jpg\" alt=\"\" class=\"wp-image-2127\" srcset=\"https:\/\/oma.skoletjenesten.no\/wp-content\/uploads\/2025\/05\/90_Brannvesentilsyn-Bom-1024x732.jpg 1024w, https:\/\/oma.skoletjenesten.no\/wp-content\/uploads\/2025\/05\/90_Brannvesentilsyn-Bom-300x214.jpg 300w, https:\/\/oma.skoletjenesten.no\/wp-content\/uploads\/2025\/05\/90_Brannvesentilsyn-Bom-768x549.jpg 768w, https:\/\/oma.skoletjenesten.no\/wp-content\/uploads\/2025\/05\/90_Brannvesentilsyn-Bom.jpg 1122w\" sizes=\"auto, (max-width: 1024px) 100vw, 1024px\" \/><figcaption class=\"wp-element-caption\">Brannvesenet klarte ikke \u00e5 finne bloggerens inngangsd\u00f8r ca. 3 m til venstre for kameraet som har tatt bildet. Bloggeren fant bildet da han fikk tekstmelding om at han ikke var hjemme (der han ventet p\u00e5 tilsyn).<\/figcaption><\/figure>\n\n\n\n<p><a href=\"mailto:ttt@skoletjenesten.no?cc=&amp;bcc=&amp;subject=Vv%209\/21&amp;amptarget=\"><em>Kommenter denne notisen<\/em><\/a><\/p>\n\n\n\n<div style=\"height:100px\" aria-hidden=\"true\" class=\"wp-block-spacer\"><\/div>\n\n\n\n<hr class=\"wp-block-separator has-alpha-channel-opacity\"\/>\n\n\n\n<p class=\"has-text-align-center\"><em><a href=\"https:\/\/oma.skoletjenesten.no\/?p=2107                                              \">Til innholdsliste for denne utgaven<\/a><\/em><\/p>\n","protected":false},"excerpt":{"rendered":"<p>Denne spalten het tidligere Alternative fakta, som fortsatt er kategori-betegnelsen. I Alternative fakta l\u00e5 vekten ofte mer p\u00e5 det alternative enn p\u00e5 fakta. Her i Virtuell virkelighet kan vekten&nbsp; ligge mer p\u00e5 det virtuelle enn p\u00e5 virkeligheten. Navneskiftet ble forklart i siste utgave av Alternative fakta 15. januar 2021. Vv 1: Pavenytt-1. P\u00e5 17. mai&hellip; <a class=\"more-link\" href=\"https:\/\/oma.skoletjenesten.no\/?p=2119\">Fortsett \u00e5 lese <span class=\"screen-reader-text\">Virtuell virkelighet 21\/25<\/span><\/a><\/p>\n","protected":false},"author":1,"featured_media":0,"comment_status":"open","ping_status":"open","sticky":false,"template":"","format":"standard","meta":{"footnotes":""},"categories":[11],"tags":[],"class_list":["post-2119","post","type-post","status-publish","format-standard","hentry","category-alternative-fakta","entry"],"_links":{"self":[{"href":"https:\/\/oma.skoletjenesten.no\/index.php?rest_route=\/wp\/v2\/posts\/2119","targetHints":{"allow":["GET"]}}],"collection":[{"href":"https:\/\/oma.skoletjenesten.no\/index.php?rest_route=\/wp\/v2\/posts"}],"about":[{"href":"https:\/\/oma.skoletjenesten.no\/index.php?rest_route=\/wp\/v2\/types\/post"}],"author":[{"embeddable":true,"href":"https:\/\/oma.skoletjenesten.no\/index.php?rest_route=\/wp\/v2\/users\/1"}],"replies":[{"embeddable":true,"href":"https:\/\/oma.skoletjenesten.no\/index.php?rest_route=%2Fwp%2Fv2%2Fcomments&post=2119"}],"version-history":[{"count":7,"href":"https:\/\/oma.skoletjenesten.no\/index.php?rest_route=\/wp\/v2\/posts\/2119\/revisions"}],"predecessor-version":[{"id":2378,"href":"https:\/\/oma.skoletjenesten.no\/index.php?rest_route=\/wp\/v2\/posts\/2119\/revisions\/2378"}],"wp:attachment":[{"href":"https:\/\/oma.skoletjenesten.no\/index.php?rest_route=%2Fwp%2Fv2%2Fmedia&parent=2119"}],"wp:term":[{"taxonomy":"category","embeddable":true,"href":"https:\/\/oma.skoletjenesten.no\/index.php?rest_route=%2Fwp%2Fv2%2Fcategories&post=2119"},{"taxonomy":"post_tag","embeddable":true,"href":"https:\/\/oma.skoletjenesten.no\/index.php?rest_route=%2Fwp%2Fv2%2Ftags&post=2119"}],"curies":[{"name":"wp","href":"https:\/\/api.w.org\/{rel}","templated":true}]}}