{"id":2111,"date":"2025-05-23T10:02:20","date_gmt":"2025-05-23T10:02:20","guid":{"rendered":"https:\/\/oma.skoletjenesten.no\/?p=2111"},"modified":"2025-06-02T09:15:47","modified_gmt":"2025-06-02T09:15:47","slug":"tvert-imot","status":"publish","type":"post","link":"https:\/\/oma.skoletjenesten.no\/?p=2111","title":{"rendered":"Tvert imot"},"content":{"rendered":"\n<p>Henrik Ibsen d\u00f8de p\u00e5 dagens dato i 1906. Hans siste ord p\u00e5 d\u00f8dsleiet skal ha v\u00e6rt <a href=\"https:\/\/www.ordtak.no\/sitat.php?id=2288\" data-type=\"link\" data-id=\"https:\/\/www.ordtak.no\/sitat.php?id=2288\" target=\"_blank\" rel=\"noreferrer noopener\">\u00abtvert imot!\u00bb<\/a>. If\u00f8lge legenden(?) var det svar p\u00e5 en bemerkning fra pleiersken om at det virket som om han var bedre. Hvis det bare er en legende, kan \u00e5rsaken v\u00e6re at Ibsens karriere var ganske \u00abtvert imot\u00bb.<\/p>\n\n\n<div class=\"wp-block-image is-style-twentytwentyone-border\">\n<figure class=\"alignright size-full\"><a href=\"https:\/\/oma.skoletjenesten.no\/wp-content\/uploads\/2025\/05\/Folkefiende.jpg\" target=\"_blank\" rel=\" noreferrer noopener\"><img loading=\"lazy\" decoding=\"async\" width=\"984\" height=\"599\" src=\"https:\/\/oma.skoletjenesten.no\/wp-content\/uploads\/2025\/05\/Folkefiende.jpg\" alt=\"\" class=\"wp-image-2112\" srcset=\"https:\/\/oma.skoletjenesten.no\/wp-content\/uploads\/2025\/05\/Folkefiende.jpg 984w, https:\/\/oma.skoletjenesten.no\/wp-content\/uploads\/2025\/05\/Folkefiende-300x183.jpg 300w, https:\/\/oma.skoletjenesten.no\/wp-content\/uploads\/2025\/05\/Folkefiende-768x468.jpg 768w\" sizes=\"auto, (max-width: 984px) 100vw, 984px\" \/><\/a><figcaption class=\"wp-element-caption\">De siste tre replikkene i En folkefiende. Klikk for st\u00f8rre bilde.<\/figcaption><\/figure>\n<\/div>\n\n\n<p>Verken som sm\u00e5gutt i Skien eller som apotekerl\u00e6rling i Grimstad tenkte vel Henrik Ibsen at han skulle ende sine dager i en stor leilighet like ved slottet i Kristiania, eller at han skulle bli en ber\u00f8mt forfatter med skuespill som n\u00e5 oppf\u00f8res over hele verden. Et av skuespillene er<em> <a href=\"https:\/\/snl.no\/En_folkefiende\" data-type=\"link\" data-id=\"https:\/\/snl.no\/En_folkefiende\" target=\"_blank\" rel=\"noreferrer noopener\">En folkefiende<\/a><\/em>, der mottoet \u00abtvert imot\u00bb n\u00e6rmest avslutter skuespillet.<\/p>\n\n\n\n<p>Filmen <em><a href=\"https:\/\/filmklubb.no\/wp\/film\/haisommer-jaws\/\" data-type=\"link\" data-id=\"https:\/\/filmklubb.no\/wp\/film\/haisommer-jaws\/\" target=\"_blank\" rel=\"noreferrer noopener\">Haisommer<\/a><\/em> har som kjent samme tema som Ibsens <em>En folkefiende<\/em>. Men en annen film har tettere tilknytning til dagens dato. <em><a href=\"https:\/\/snl.no\/Bonnie_og_Clyde\" data-type=\"link\" data-id=\"https:\/\/snl.no\/Bonnie_og_Clyde\" target=\"_blank\" rel=\"noreferrer noopener\">Bonnie &amp; Clyde<\/a><\/em> (1967) handler om gangsterparet Bonnie Elizabeth Parker og Clyde Chestnut \u00abChampion\u00bb Barrow. De ble drept i skuddveksling med politiet 23. mai 1934. <em>The Ballad of Bonnie &amp; Clyde<\/em> med Georgie Fame kom \u00e5ret etter filmen:<\/p>\n\n\n\n<figure class=\"wp-block-embed is-type-video is-provider-youtube wp-block-embed-youtube wp-embed-aspect-4-3 wp-has-aspect-ratio\"><div class=\"wp-block-embed__wrapper\">\n<iframe loading=\"lazy\" title=\"Georgie Fame - The Ballad of Bonnie and Clyde (1968)\" width=\"750\" height=\"563\" src=\"https:\/\/www.youtube.com\/embed\/0i8mTAsv5cA?feature=oembed\" frameborder=\"0\" allow=\"accelerometer; autoplay; clipboard-write; encrypted-media; gyroscope; picture-in-picture; web-share\" referrerpolicy=\"strict-origin-when-cross-origin\" allowfullscreen><\/iframe>\n<\/div><\/figure>\n\n\n\n<hr class=\"wp-block-separator has-alpha-channel-opacity\"\/>\n\n\n\n<p class=\"has-text-align-center\"><em><a href=\"https:\/\/oma.skoletjenesten.no\/?p=2107                                              \">Til innholdsliste for denne utgaven<\/a><\/em><\/p>\n","protected":false},"excerpt":{"rendered":"<p>Henrik Ibsen d\u00f8de p\u00e5 dagens dato i 1906. Hans siste ord p\u00e5 d\u00f8dsleiet skal ha v\u00e6rt \u00abtvert imot!\u00bb. If\u00f8lge legenden(?) var det svar p\u00e5 en bemerkning fra pleiersken om at det virket som om han var bedre. Hvis det bare er en legende, kan \u00e5rsaken v\u00e6re at Ibsens karriere var ganske \u00abtvert imot\u00bb. Verken som&hellip; <a class=\"more-link\" href=\"https:\/\/oma.skoletjenesten.no\/?p=2111\">Fortsett \u00e5 lese <span class=\"screen-reader-text\">Tvert imot<\/span><\/a><\/p>\n","protected":false},"author":1,"featured_media":0,"comment_status":"open","ping_status":"open","sticky":false,"template":"","format":"standard","meta":{"footnotes":""},"categories":[10],"tags":[],"class_list":["post-2111","post","type-post","status-publish","format-standard","hentry","category-dagen-i-dag","entry"],"_links":{"self":[{"href":"https:\/\/oma.skoletjenesten.no\/index.php?rest_route=\/wp\/v2\/posts\/2111","targetHints":{"allow":["GET"]}}],"collection":[{"href":"https:\/\/oma.skoletjenesten.no\/index.php?rest_route=\/wp\/v2\/posts"}],"about":[{"href":"https:\/\/oma.skoletjenesten.no\/index.php?rest_route=\/wp\/v2\/types\/post"}],"author":[{"embeddable":true,"href":"https:\/\/oma.skoletjenesten.no\/index.php?rest_route=\/wp\/v2\/users\/1"}],"replies":[{"embeddable":true,"href":"https:\/\/oma.skoletjenesten.no\/index.php?rest_route=%2Fwp%2Fv2%2Fcomments&post=2111"}],"version-history":[{"count":4,"href":"https:\/\/oma.skoletjenesten.no\/index.php?rest_route=\/wp\/v2\/posts\/2111\/revisions"}],"predecessor-version":[{"id":2135,"href":"https:\/\/oma.skoletjenesten.no\/index.php?rest_route=\/wp\/v2\/posts\/2111\/revisions\/2135"}],"wp:attachment":[{"href":"https:\/\/oma.skoletjenesten.no\/index.php?rest_route=%2Fwp%2Fv2%2Fmedia&parent=2111"}],"wp:term":[{"taxonomy":"category","embeddable":true,"href":"https:\/\/oma.skoletjenesten.no\/index.php?rest_route=%2Fwp%2Fv2%2Fcategories&post=2111"},{"taxonomy":"post_tag","embeddable":true,"href":"https:\/\/oma.skoletjenesten.no\/index.php?rest_route=%2Fwp%2Fv2%2Ftags&post=2111"}],"curies":[{"name":"wp","href":"https:\/\/api.w.org\/{rel}","templated":true}]}}