{"id":2065,"date":"2025-05-16T10:03:29","date_gmt":"2025-05-16T10:03:29","guid":{"rendered":"https:\/\/oma.skoletjenesten.no\/?p=2065"},"modified":"2025-06-27T13:04:28","modified_gmt":"2025-06-27T13:04:28","slug":"virtuell-virkelighet-20-25","status":"publish","type":"post","link":"https:\/\/oma.skoletjenesten.no\/?p=2065","title":{"rendered":"Virtuell virkelighet 20\/25"},"content":{"rendered":"\n<p><small>Denne spalten het tidligere <em>Alternative fakta<\/em>, som fortsatt er kategori-betegnelsen. I<em> Alternative fakta<\/em> l\u00e5 vekten ofte mer p\u00e5 det alternative enn p\u00e5 fakta. Her i <em>Virtuell virkelighet<\/em> kan vekten&nbsp; ligge mer p\u00e5 det virtuelle enn p\u00e5 virkeligheten.<\/small><\/p>\n\n\n\n<p><small>Navneskiftet ble forklart i <a href=\"http:\/\/ttt.skoletjenesten.no\/alternative-fakta-3-21\/\" target=\"_blank\" rel=\"noreferrer noopener\">siste utgave av Alternative fakta 15. januar 2021<\/a>.<\/small><\/p>\n\n\n\n<hr class=\"wp-block-separator has-alpha-channel-opacity\"\/>\n\n\n\n<p><strong><em>Vv 1: Langsetfestivalen.<\/em><\/strong> Hvis alt g\u00e5r etter planen, blir det som vanlig Langsetfestival siste tirsdag i mai (27.05). I \u00e5r blir det en musikalsk hovedattraksjon, forutsatt \u2013 som sagt \u2013 at alt g\u00e5r etter planen.<\/p>\n\n\n\n<p><a href=\"mailto:ttt@skoletjenesten.no?cc=&amp;bcc=&amp;subject=Vv%201\/20&amp;amptarget=\"><em>Kommenter denne notisen<\/em><\/a><\/p>\n\n\n\n<p class=\"has-text-align-center\">\u058e\u058e\u058e<\/p>\n\n\n<div class=\"wp-block-image is-style-twentytwentyone-border\">\n<figure class=\"alignright size-full\"><img loading=\"lazy\" decoding=\"async\" width=\"522\" height=\"751\" src=\"https:\/\/oma.skoletjenesten.no\/wp-content\/uploads\/2025\/05\/20_Skatteetaten-Aapningstider-Sandvika.jpg\" alt=\"\" class=\"wp-image-2084\" srcset=\"https:\/\/oma.skoletjenesten.no\/wp-content\/uploads\/2025\/05\/20_Skatteetaten-Aapningstider-Sandvika.jpg 522w, https:\/\/oma.skoletjenesten.no\/wp-content\/uploads\/2025\/05\/20_Skatteetaten-Aapningstider-Sandvika-209x300.jpg 209w\" sizes=\"auto, (max-width: 522px) 100vw, 522px\" \/><figcaption class=\"wp-element-caption\">\u00c5pningstider for Skatteetaten i Sandvika.<\/figcaption><\/figure>\n<\/div>\n\n\n<p><strong><em>Vv 2: P\u00e5ske\u00e5pent.<\/em><\/strong> I forbindelse med innleveringen av \u00e5rets selvangivelse (det heter <em>selvangivelse<\/em>, ikke <em>skattemelding<\/em>!) m\u00e5tte bloggeren finne ut av Skatteetatens \u00e5pningstider ved det lokale kontoret. Der st\u00e5r de p\u00e5! Det er korte \u00e5pningstider, men de holder \u00e5pent ogs\u00e5 p\u00e5 skj\u00e6rtorsdag \u2013 if\u00f8lge Google.<\/p>\n\n\n\n<p>.<\/p>\n\n\n\n<p>.<\/p>\n\n\n\n<p><a href=\"mailto:ttt@skoletjenesten.no?cc=&amp;bcc=&amp;subject=Vv%202\/20&amp;amptarget=\"><em>Kommenter denne notisen<\/em><\/a><\/p>\n\n\n\n<p class=\"has-text-align-center\">\u058e\u058e\u058e<\/p>\n\n\n<div class=\"wp-block-image is-style-twentytwentyone-border\">\n<figure class=\"alignright size-large\"><img loading=\"lazy\" decoding=\"async\" width=\"461\" height=\"1024\" src=\"https:\/\/oma.skoletjenesten.no\/wp-content\/uploads\/2025\/05\/30_Screenshot_20250514-230542-461x1024.png\" alt=\"\" class=\"wp-image-2078\" srcset=\"https:\/\/oma.skoletjenesten.no\/wp-content\/uploads\/2025\/05\/30_Screenshot_20250514-230542-461x1024.png 461w, https:\/\/oma.skoletjenesten.no\/wp-content\/uploads\/2025\/05\/30_Screenshot_20250514-230542-135x300.png 135w, https:\/\/oma.skoletjenesten.no\/wp-content\/uploads\/2025\/05\/30_Screenshot_20250514-230542-691x1536.png 691w, https:\/\/oma.skoletjenesten.no\/wp-content\/uploads\/2025\/05\/30_Screenshot_20250514-230542.png 720w\" sizes=\"auto, (max-width: 461px) 100vw, 461px\" \/><figcaption class=\"wp-element-caption\">Hva er dette?<\/figcaption><\/figure>\n<\/div>\n\n\n<p><strong><em>Vv 3: Lureri?<\/em><\/strong> Meldingen ved siden av dukker stadig opp p\u00e5 bloggerens mobiltelefon. Det at bloggeren ikke skj\u00f8nner meldingen og ikke vet hvor den kommer fra, gj\u00f8r \u2013 sammen med det litt ubehjelpelige spr\u00e5ket \u2013 at han ikke klikker p\u00e5 \u00aboppdater\u00bb. Man tilh\u00f8rer tross alt <a href=\"https:\/\/oma.skoletjenesten.no\/?page_id=2072\" data-type=\"page\" data-id=\"2072\" target=\"_blank\" rel=\"noreferrer noopener\">Engstelige Eldres Forening<\/a>.<\/p>\n\n\n\n<p>.<\/p>\n\n\n\n<p>.<\/p>\n\n\n\n<p>.<\/p>\n\n\n\n<p>.<\/p>\n\n\n\n<p>.<\/p>\n\n\n\n<p><\/p>\n\n\n\n<p><a href=\"mailto:ttt@skoletjenesten.no?cc=&amp;bcc=&amp;subject=Vv%203\/20&amp;amptarget=\"><em>Kommenter denne notisen<\/em><\/a><\/p>\n\n\n\n<p class=\"has-text-align-center\">\u058e\u058e\u058e<\/p>\n\n\n\n<p><strong><em>Vv 4: TV-radio 1.<\/em><\/strong> Klippet nedenfor er godkjent av den\/de ansvarlige (hvis noe slikt finnes) for den skattefinansierte radiokanalen NRK. Ivan Larsson, som har lagd innslaget, vet kanskje at det ikke er bilder i radio \u2013 hvis han vet hva radio er.<\/p>\n\n\n\n<figure class=\"wp-block-audio\"><audio controls src=\"https:\/\/oma.skoletjenesten.no\/wp-content\/uploads\/2025\/05\/40_TVradio-Her-fra-2013konklavvet_250507_NRK-AlltidNyheter_IvanLarsson_Orientering.mp3\"><\/audio><figcaption class=\"wp-element-caption\">NRK Alltid nyheter 7. mai 2025.<\/figcaption><\/figure>\n\n\n\n<p><a href=\"mailto:ttt@skoletjenesten.no?cc=&amp;bcc=&amp;subject=Vv%204\/20&amp;amptarget=\"><em>Kommenter denne notisen<\/em><\/a><\/p>\n\n\n\n<p class=\"has-text-align-center\">\u058e\u058e\u058e<\/p>\n\n\n\n<p><strong><em>Vv 5: <strong><em>TV-radio<\/em><\/strong><\/em> <em>2. <\/em><\/strong>Noen i den skattefinansierte radiokanalen NRK har \u00e5penbart som oppgave \u00e5 luke ut u\u00f8nskede uttalelser fra intervjuobjekter eller programdeltakere. Intervjuet med (ny) LO-nestleder Are Tomasgard foreligger derfor i to utgaver; utsnitt av begge er gjengitt nedenfor. Det ble f\u00f8rst sendt direkte(?) i <em>Politisk kvarte<\/em>r og der antyder programleder Trond Lydersen at radio ikke er TV. Den sensurerte reprisen gikk gjentatte ganger ut over dagen.<\/p>\n\n\n\n<figure class=\"wp-block-audio\"><audio controls src=\"https:\/\/oma.skoletjenesten.no\/wp-content\/uploads\/2025\/05\/50_TVradio-opprinnelig-Ikke-alle-som-ser_250509_NRK-PolitiskKvarter_AreTomasgard-TrondLydersen.mp3\"><\/audio><figcaption class=\"wp-element-caption\">NRK Politisk kvarterr 9. mai 2025.<\/figcaption><\/figure>\n\n\n\n<figure class=\"wp-block-audio\"><audio controls src=\"https:\/\/oma.skoletjenesten.no\/wp-content\/uploads\/2025\/05\/50_TVradio-sensurert-Ikke-alle-som-ser_250509_NRK-PolitiskKvarter_AreTomasgard-TrondLydersen.mp3\"><\/audio><figcaption class=\"wp-element-caption\">NRK sensurert klipp fra Politisk kvarterr 9. mai 2025.<\/figcaption><\/figure>\n\n\n\n<p><a href=\"mailto:ttt@skoletjenesten.no?cc=&amp;bcc=&amp;subject=Vv%205\/20&amp;amptarget=\"><em>Kommenter denne notisen<\/em><\/a><\/p>\n\n\n\n<p class=\"has-text-align-center\">\u058e\u058e\u058e<\/p>\n\n\n<div class=\"wp-block-image is-style-twentytwentyone-border\">\n<figure class=\"alignright size-full\"><a href=\"https:\/\/oma.skoletjenesten.no\/wp-content\/uploads\/2025\/05\/60_Gravfestebevis.jpg\" target=\"_blank\" rel=\" noreferrer noopener\"><img loading=\"lazy\" decoding=\"async\" width=\"816\" height=\"591\" src=\"https:\/\/oma.skoletjenesten.no\/wp-content\/uploads\/2025\/05\/60_Gravfestebevis.jpg\" alt=\"\" class=\"wp-image-2082\" srcset=\"https:\/\/oma.skoletjenesten.no\/wp-content\/uploads\/2025\/05\/60_Gravfestebevis.jpg 816w, https:\/\/oma.skoletjenesten.no\/wp-content\/uploads\/2025\/05\/60_Gravfestebevis-300x217.jpg 300w, https:\/\/oma.skoletjenesten.no\/wp-content\/uploads\/2025\/05\/60_Gravfestebevis-768x556.jpg 768w\" sizes=\"auto, (max-width: 816px) 100vw, 816px\" \/><\/a><figcaption class=\"wp-element-caption\">Klikk for leselig tekst.<\/figcaption><\/figure>\n<\/div>\n\n\n<p><strong><em>Vv 6: Makabert.<\/em><\/strong> B\u00e6rum kommune oppfatter tydeligvis bloggeren som et problem som b\u00f8r ryddes av veien. Han har derfor f\u00e5tt festebevis fra gravplassmyndigheten. Eller skal det foreg\u00e5 en fest som det han har f\u00e5tt, er et makabert adgangstegn til?<\/p>\n\n\n\n<p><a href=\"mailto:ttt@skoletjenesten.no?cc=&amp;bcc=&amp;subject=Vv%206\/20&amp;amptarget=\"><em>Kommenter denne notisen<\/em><\/a><\/p>\n\n\n\n<p class=\"has-text-align-center\">\u058e\u058e\u058e<\/p>\n\n\n\n<p id=\"canada-uttale\"><strong><em>Vv 7: Logisk.<\/em><\/strong> Det p\u00e5st\u00e5s at president Donald er uforutsigbar. Men man m\u00e5 se hans utspill i sammenheng. Han har bestemt at Mexico-gulfen skal hete Amerika-gulfen (ikke USA-gulfen), og da er det en naturlig oppf\u00f8lging at han vil ha Canada som den 51. staten fordi navnet da m\u00e5 uttales med samme trykk p\u00e5 stavelsene som <a href=\"https:\/\/snl.no\/Nevada\" data-type=\"link\" data-id=\"https:\/\/snl.no\/Nevada\" target=\"_blank\" rel=\"noreferrer noopener\">Nevada<\/a>.<\/p>\n\n\n\n<p><a href=\"mailto:ttt@skoletjenesten.no?cc=&amp;bcc=&amp;subject=Vv%207\/20&amp;amptarget=\"><em>Kommenter denne notisen<\/em><\/a><\/p>\n\n\n\n<p class=\"has-text-align-center\">\u058e\u058e\u058e<\/p>\n\n\n<div class=\"wp-block-image is-style-twentytwentyone-border\">\n<figure class=\"alignright size-large\"><img loading=\"lazy\" decoding=\"async\" width=\"746\" height=\"1024\" src=\"https:\/\/oma.skoletjenesten.no\/wp-content\/uploads\/2025\/05\/80_IMG_OK_20250509_130555138-746x1024.jpg\" alt=\"\" class=\"wp-image-2083\" srcset=\"https:\/\/oma.skoletjenesten.no\/wp-content\/uploads\/2025\/05\/80_IMG_OK_20250509_130555138-746x1024.jpg 746w, https:\/\/oma.skoletjenesten.no\/wp-content\/uploads\/2025\/05\/80_IMG_OK_20250509_130555138-219x300.jpg 219w, https:\/\/oma.skoletjenesten.no\/wp-content\/uploads\/2025\/05\/80_IMG_OK_20250509_130555138.jpg 761w\" sizes=\"auto, (max-width: 746px) 100vw, 746px\" \/><figcaption class=\"wp-element-caption\">Uaktuell \u00abstyle\u00bb for bloggeren.<\/figcaption><\/figure>\n<\/div>\n\n\n<p><strong><em>Vv 8: Antrekk.<\/em><\/strong> Igjen har et kj\u00f8pesenter i n\u00e6rheten av bloggens hovedkvarter dekorert heisd\u00f8rene med noe de kaller <em>Blog Style<\/em>. Bloggeren kan forsikre om at han ikke blir \u00e5 se i slikt antrekk.<\/p>\n\n\n\n<p>.<\/p>\n\n\n\n<p>.<\/p>\n\n\n\n<p>.<\/p>\n\n\n\n<p><a href=\"mailto:ttt@skoletjenesten.no?cc=&amp;bcc=&amp;subject=Vv%208\/20&amp;amptarget=\"><em>Kommenter denne notisen<\/em><\/a><\/p>\n\n\n\n<p class=\"has-text-align-center\">\u058e\u058e\u058e<\/p>\n\n\n\n<p><strong><em>Vv 9: Lewis-Django.<\/em><\/strong> I blogginnlegget <em><a href=\"https:\/\/oma.skoletjenesten.no\/?p=2050\" data-type=\"link\" data-id=\"https:\/\/oma.skoletjenesten.no\/?p=2050\" target=\"_blank\" rel=\"noreferrer noopener\">Demokrati og Django<\/a><\/em> er det musikk av og med Django Reinhardt. Nedenfor er musikk <em>om<\/em> Django Reinhardt. John Lewis (medlem av Modern Jazz Quartet) fremf\u00f8rer sin egen <em>Django<\/em>.<\/p>\n\n\n\n<figure class=\"wp-block-embed is-type-video is-provider-youtube wp-block-embed-youtube wp-embed-aspect-4-3 wp-has-aspect-ratio\"><div class=\"wp-block-embed__wrapper\">\n<iframe loading=\"lazy\" title=\"John Lewis - Django (Live, 1999)\" width=\"750\" height=\"563\" src=\"https:\/\/www.youtube.com\/embed\/qioADCM8h2g?feature=oembed\" frameborder=\"0\" allow=\"accelerometer; autoplay; clipboard-write; encrypted-media; gyroscope; picture-in-picture; web-share\" referrerpolicy=\"strict-origin-when-cross-origin\" allowfullscreen><\/iframe>\n<\/div><\/figure>\n\n\n\n<p class=\"has-text-align-center\"><a href=\"mailto:ttt@skoletjenesten.no?cc=&amp;bcc=&amp;subject=Vv%209\/20&amp;amptarget=\"><em>Kommenter denne notisen<\/em><\/a><\/p>\n\n\n\n<hr class=\"wp-block-separator has-alpha-channel-opacity\"\/>\n\n\n\n<p><em><a href=\"https:\/\/oma.skoletjenesten.no\/?p=2058\">Til innholdsliste for denne utgaven<\/a><\/em><\/p>\n","protected":false},"excerpt":{"rendered":"<p>Denne spalten het tidligere Alternative fakta, som fortsatt er kategori-betegnelsen. I Alternative fakta l\u00e5 vekten ofte mer p\u00e5 det alternative enn p\u00e5 fakta. Her i Virtuell virkelighet kan vekten&nbsp; ligge mer p\u00e5 det virtuelle enn p\u00e5 virkeligheten. Navneskiftet ble forklart i siste utgave av Alternative fakta 15. januar 2021. Vv 1: Langsetfestivalen. Hvis alt g\u00e5r&hellip; <a class=\"more-link\" href=\"https:\/\/oma.skoletjenesten.no\/?p=2065\">Fortsett \u00e5 lese <span class=\"screen-reader-text\">Virtuell virkelighet 20\/25<\/span><\/a><\/p>\n","protected":false},"author":1,"featured_media":0,"comment_status":"open","ping_status":"open","sticky":false,"template":"","format":"standard","meta":{"footnotes":""},"categories":[11],"tags":[],"class_list":["post-2065","post","type-post","status-publish","format-standard","hentry","category-alternative-fakta","entry"],"_links":{"self":[{"href":"https:\/\/oma.skoletjenesten.no\/index.php?rest_route=\/wp\/v2\/posts\/2065","targetHints":{"allow":["GET"]}}],"collection":[{"href":"https:\/\/oma.skoletjenesten.no\/index.php?rest_route=\/wp\/v2\/posts"}],"about":[{"href":"https:\/\/oma.skoletjenesten.no\/index.php?rest_route=\/wp\/v2\/types\/post"}],"author":[{"embeddable":true,"href":"https:\/\/oma.skoletjenesten.no\/index.php?rest_route=\/wp\/v2\/users\/1"}],"replies":[{"embeddable":true,"href":"https:\/\/oma.skoletjenesten.no\/index.php?rest_route=%2Fwp%2Fv2%2Fcomments&post=2065"}],"version-history":[{"count":13,"href":"https:\/\/oma.skoletjenesten.no\/index.php?rest_route=\/wp\/v2\/posts\/2065\/revisions"}],"predecessor-version":[{"id":2365,"href":"https:\/\/oma.skoletjenesten.no\/index.php?rest_route=\/wp\/v2\/posts\/2065\/revisions\/2365"}],"wp:attachment":[{"href":"https:\/\/oma.skoletjenesten.no\/index.php?rest_route=%2Fwp%2Fv2%2Fmedia&parent=2065"}],"wp:term":[{"taxonomy":"category","embeddable":true,"href":"https:\/\/oma.skoletjenesten.no\/index.php?rest_route=%2Fwp%2Fv2%2Fcategories&post=2065"},{"taxonomy":"post_tag","embeddable":true,"href":"https:\/\/oma.skoletjenesten.no\/index.php?rest_route=%2Fwp%2Fv2%2Ftags&post=2065"}],"curies":[{"name":"wp","href":"https:\/\/api.w.org\/{rel}","templated":true}]}}