{"id":2045,"date":"2025-05-16T10:03:35","date_gmt":"2025-05-16T10:03:35","guid":{"rendered":"https:\/\/oma.skoletjenesten.no\/?p=2045"},"modified":"2025-05-16T15:02:49","modified_gmt":"2025-05-16T15:02:49","slug":"shetlandsfart-og-konvoi","status":"publish","type":"post","link":"https:\/\/oma.skoletjenesten.no\/?p=2045","title":{"rendered":"Shetlandsfart og -konvoi"},"content":{"rendered":"\n<p class=\"has-text-align-center has-small-font-size\">Dette innlegget er en oppf\u00f8lger til forrige ukes <em><a href=\"https:\/\/oma.skoletjenesten.no\/?p=1986\" data-type=\"link\" data-id=\"https:\/\/oma.skoletjenesten.no\/?p=1986\" target=\"_blank\" rel=\"noreferrer noopener\">Konvoi<\/a><\/em>.<\/p>\n\n\n\n<p>Etter det jeg har observert, har 80-\u00e5rs-jubileet for frigj\u00f8ringen passert uten at krigsseilernes innsats er nevnt. Dette var det viktigste norske bidraget til at Hitler-Tyskland ble nedkjempet.<\/p>\n\n\n\n<p>NRKs \u00abstore\u00bb reportasje om frigj\u00f8ringskonvoien til Shetland kom i Dagsrevyen s\u00f8ndag. Den handlet mye om NRK-reporterens sj\u00f8syke, og KNM HITRA ble ikke nevnt.<\/p>\n\n\n\n<figure class=\"wp-block-video\"><video height=\"240\" style=\"aspect-ratio: 426 \/ 240;\" width=\"426\" controls src=\"https:\/\/oma.skoletjenesten.no\/wp-content\/uploads\/2025\/05\/Erkna_OK.mp4\"><\/video><\/figure>\n\n\n\n<p>Fiskesk\u00f8ytene i shetlandsfart og KNM HITRA, som sammen med VIGRA og HESSA avl\u00f8ste sk\u00f8ytene, gikk under navnet \u00abshetlandsbussen\u00bb. Det er lett \u00e5 tenke seg at navnet kom av at fart\u00f8yene \u2013 til tross for krigen \u2013 n\u00e6rmest gikk i rute, som en buss. Men det kan like gjerne v\u00e6re snakk om en <em>busse<\/em>, som er en gammel betegnelse p\u00e5 en type havg\u00e5ende fart\u00f8y. Hva som opprinnelig l\u00e5 i betegnelsen, er vanskelig \u00e5 vite (og det er f\u00e5 igjen \u00e5 sp\u00f8rre), siden <em>bussen<\/em> i sammensetningene <em>shetlandsbussen<\/em> og <em>tanumbussen<\/em> uttales med samme tonelag. Kanskje var det en spr\u00e5k-kreativ person i motstandsbevegelsen som valgte denne betegnelsen p\u00e5 grunn av dobbeltbetydningen?<\/p>\n\n\n\n<hr class=\"wp-block-separator has-alpha-channel-opacity\"\/>\n\n\n\n<p class=\"has-text-align-center\"><em><a href=\"https:\/\/oma.skoletjenesten.no\/?p=2058\">Til innholdsliste for denne utgaven<\/a><\/em><\/p>\n","protected":false},"excerpt":{"rendered":"<p>Dette innlegget er en oppf\u00f8lger til forrige ukes Konvoi. Etter det jeg har observert, har 80-\u00e5rs-jubileet for frigj\u00f8ringen passert uten at krigsseilernes innsats er nevnt. Dette var det viktigste norske bidraget til at Hitler-Tyskland ble nedkjempet. NRKs \u00abstore\u00bb reportasje om frigj\u00f8ringskonvoien til Shetland kom i Dagsrevyen s\u00f8ndag. Den handlet mye om NRK-reporterens sj\u00f8syke, og KNM&hellip; <a class=\"more-link\" href=\"https:\/\/oma.skoletjenesten.no\/?p=2045\">Fortsett \u00e5 lese <span class=\"screen-reader-text\">Shetlandsfart og -konvoi<\/span><\/a><\/p>\n","protected":false},"author":1,"featured_media":0,"comment_status":"open","ping_status":"open","sticky":false,"template":"","format":"standard","meta":{"footnotes":""},"categories":[1],"tags":[],"class_list":["post-2045","post","type-post","status-publish","format-standard","hentry","category-uncategorized","entry"],"_links":{"self":[{"href":"https:\/\/oma.skoletjenesten.no\/index.php?rest_route=\/wp\/v2\/posts\/2045","targetHints":{"allow":["GET"]}}],"collection":[{"href":"https:\/\/oma.skoletjenesten.no\/index.php?rest_route=\/wp\/v2\/posts"}],"about":[{"href":"https:\/\/oma.skoletjenesten.no\/index.php?rest_route=\/wp\/v2\/types\/post"}],"author":[{"embeddable":true,"href":"https:\/\/oma.skoletjenesten.no\/index.php?rest_route=\/wp\/v2\/users\/1"}],"replies":[{"embeddable":true,"href":"https:\/\/oma.skoletjenesten.no\/index.php?rest_route=%2Fwp%2Fv2%2Fcomments&post=2045"}],"version-history":[{"count":7,"href":"https:\/\/oma.skoletjenesten.no\/index.php?rest_route=\/wp\/v2\/posts\/2045\/revisions"}],"predecessor-version":[{"id":2092,"href":"https:\/\/oma.skoletjenesten.no\/index.php?rest_route=\/wp\/v2\/posts\/2045\/revisions\/2092"}],"wp:attachment":[{"href":"https:\/\/oma.skoletjenesten.no\/index.php?rest_route=%2Fwp%2Fv2%2Fmedia&parent=2045"}],"wp:term":[{"taxonomy":"category","embeddable":true,"href":"https:\/\/oma.skoletjenesten.no\/index.php?rest_route=%2Fwp%2Fv2%2Fcategories&post=2045"},{"taxonomy":"post_tag","embeddable":true,"href":"https:\/\/oma.skoletjenesten.no\/index.php?rest_route=%2Fwp%2Fv2%2Ftags&post=2045"}],"curies":[{"name":"wp","href":"https:\/\/api.w.org\/{rel}","templated":true}]}}