{"id":2000,"date":"2025-05-09T10:00:18","date_gmt":"2025-05-09T10:00:18","guid":{"rendered":"https:\/\/oma.skoletjenesten.no\/?p=2000"},"modified":"2026-02-05T22:07:32","modified_gmt":"2026-02-05T22:07:32","slug":"virtuell-virkelighet-19-25","status":"publish","type":"post","link":"https:\/\/oma.skoletjenesten.no\/?p=2000","title":{"rendered":"Virtuell virkelighet 19\/25"},"content":{"rendered":"\n<p><small>Denne spalten het tidligere <em>Alternative fakta<\/em>, som fortsatt er kategori-betegnelsen. I<em> Alternative fakta<\/em> l\u00e5 vekten ofte mer p\u00e5 det alternative enn p\u00e5 fakta. Her i <em>Virtuell virkelighet<\/em> kan vekten&nbsp; ligge mer p\u00e5 det virtuelle enn p\u00e5 virkeligheten.<\/small><\/p>\n\n\n\n<p><small>Navneskiftet ble forklart i <a href=\"http:\/\/ttt.skoletjenesten.no\/alternative-fakta-3-21\/\" target=\"_blank\" rel=\"noreferrer noopener\">siste utgave av Alternative fakta 15. januar 2021<\/a>.<\/small><\/p>\n\n\n\n<hr class=\"wp-block-separator has-alpha-channel-opacity\"\/>\n\n\n<div class=\"wp-block-image is-style-twentytwentyone-border\">\n<figure class=\"alignright size-full\"><a href=\"https:\/\/oma.skoletjenesten.no\/wp-content\/uploads\/2025\/05\/10_Grand-Golden-Line-420-ny.jpg\" target=\"_blank\" rel=\" noreferrer noopener\"><img loading=\"lazy\" decoding=\"async\" width=\"600\" height=\"432\" src=\"https:\/\/oma.skoletjenesten.no\/wp-content\/uploads\/2025\/05\/10_Grand-Golden-Line-420-ny.jpg\" alt=\"\" class=\"wp-image-2002\" srcset=\"https:\/\/oma.skoletjenesten.no\/wp-content\/uploads\/2025\/05\/10_Grand-Golden-Line-420-ny.jpg 600w, https:\/\/oma.skoletjenesten.no\/wp-content\/uploads\/2025\/05\/10_Grand-Golden-Line-420-ny-300x216.jpg 300w\" sizes=\"auto, (max-width: 600px) 100vw, 600px\" \/><\/a><figcaption class=\"wp-element-caption\">Rib Grand Golden Line 420 med kj\u00f8nnsrollebasert ansarsfordeling (illustrasjonsfoto).<\/figcaption><\/figure>\n<\/div>\n\n\n<p><strong><em>Vv 1: Rib-salg.<\/em><\/strong> En av bloggens abonnenter skal selge en <em>Rib Grand 420<\/em> med 30 hk Mercury-motor. Kj\u00f8peren er sikret b\u00e5tplass i Sandviksbukta. Bloggeren kan formidle kontakt.<\/p>\n\n\n\n<p><a href=\"mailto:ttt@skoletjenesten.no?cc=&amp;bcc=&amp;subject=Vv%201\/19&amp;amptarget=\"><em>Kommenter denne notisen<\/em><\/a><\/p>\n\n\n\n<p class=\"has-text-align-center\">\u058e\u058e\u058e<\/p>\n\n\n\n<p><strong><em>Vv 2: R\u00f8yk-1.<\/em><\/strong> Det tok bare noen f\u00e5 timer fra LO-kongressen hadde valgt ny leder til det kom hvit r\u00f8yk fra den provisoriske pipen i det sixtinske kapell i Vatikanet. <em>Habemus matrem<\/em>.<\/p>\n\n\n\n<p><a href=\"mailto:ttt@skoletjenesten.no?cc=&amp;bcc=&amp;subject=Vv%202\/19&amp;amptarget=\"><em>Kommenter denne notisen<\/em><\/a><\/p>\n\n\n\n<p class=\"has-text-align-center\">\u058e\u058e\u058e<\/p>\n\n\n\n<p><strong><em>Vv 3: R\u00f8yk-2.<\/em><\/strong> I den skattefinansierte radiokanalen NRK orienterte Ivan Larsson om hvordan pavevalget foreg\u00e5r. Orienteringen kunne tyde p\u00e5 at kardinalene er sponset av en eller annen sigarettprodusent.<\/p>\n\n\n\n<figure class=\"wp-block-audio\"><audio controls src=\"https:\/\/oma.skoletjenesten.no\/wp-content\/uploads\/2025\/05\/30_Pavevalg-Kardinalene-tenner-royk_250507_NRK-AlltidNyheter_IvanLarsson_Orientering.mp3\"><\/audio><\/figure>\n\n\n\n<p><a href=\"mailto:ttt@skoletjenesten.no?cc=&amp;bcc=&amp;subject=Vv%203\/19&amp;amptarget=\"><em>Kommenter denne notisen<\/em><\/a><\/p>\n\n\n\n<p class=\"has-text-align-center\" id=\"BoHjemme4\">\u058e\u058e\u058e<\/p>\n\n\n<div class=\"wp-block-image is-style-twentytwentyone-border\">\n<figure class=\"alignright size-large\"><img loading=\"lazy\" decoding=\"async\" width=\"461\" height=\"1024\" src=\"https:\/\/oma.skoletjenesten.no\/wp-content\/uploads\/2025\/05\/40_Screenshot_20250508-150224-461x1024.png\" alt=\"\" class=\"wp-image-2012\" srcset=\"https:\/\/oma.skoletjenesten.no\/wp-content\/uploads\/2025\/05\/40_Screenshot_20250508-150224-461x1024.png 461w, https:\/\/oma.skoletjenesten.no\/wp-content\/uploads\/2025\/05\/40_Screenshot_20250508-150224-135x300.png 135w, https:\/\/oma.skoletjenesten.no\/wp-content\/uploads\/2025\/05\/40_Screenshot_20250508-150224-691x1536.png 691w, https:\/\/oma.skoletjenesten.no\/wp-content\/uploads\/2025\/05\/40_Screenshot_20250508-150224.png 720w\" sizes=\"auto, (max-width: 461px) 100vw, 461px\" \/><figcaption class=\"wp-element-caption\">Det var kanskje mine 21 oppringinger (f\u00f8r telefonen hos BoHjemme stengte presis kl. 15.00) som gjorde at jeg ble oppringt om kvelden.<\/figcaption><\/figure>\n<\/div>\n\n\n<p><strong><em>Vv 4: BoHjemme.<\/em><\/strong> Bare fire uker etter at BoHjemme overtok ansvaret for medisinlevering til bloggeren, fikk han ogs\u00e5 informasjonsmappen som skulle inneholde alle opplysninger om tjenesten. Men medisinlisten i mappen har g\u00e5tt ut p\u00e5 dato for lenge siden, og stemmer ikke overens med de medisinene som ble levert sammen med mappen (de var i henhold til gjeldende medisinliste). Det fulgte ogs\u00e5 med et par skjemaer som skulle signeres, men de gjaldt forhold som ikke er aktuelle for bloggeren. Dette ringte jeg kontakt-telefonen for \u00e5 si fra om, og fikk beskjed om at kontaktpersonen min skulle ringe tilbake. Etter et d\u00f8gn hadde jeg ikke h\u00f8rt noe fra henne, men s\u00e5 kom en telefon fra en BoHjemme-leder (daglig leder?) som tok i et tak for \u00e5 ta igjen et etterslep i tilbakeringingen.<\/p>\n\n\n\n<p><a href=\"mailto:ttt@skoletjenesten.no?cc=&amp;bcc=&amp;subject=Vv%204\/19&amp;amptarget=\"><em>Kommenter denne notisen<\/em><\/a><\/p>\n\n\n\n<p class=\"has-text-align-center\">\u058e\u058e\u058e<\/p>\n\n\n<div class=\"wp-block-image is-style-twentytwentyone-border\">\n<figure class=\"alignright size-large\"><img loading=\"lazy\" decoding=\"async\" width=\"1024\" height=\"556\" src=\"https:\/\/oma.skoletjenesten.no\/wp-content\/uploads\/2025\/05\/50_OK_IMG_20250507_114100986-1024x556.jpg\" alt=\"\" class=\"wp-image-2005\" srcset=\"https:\/\/oma.skoletjenesten.no\/wp-content\/uploads\/2025\/05\/50_OK_IMG_20250507_114100986-1024x556.jpg 1024w, https:\/\/oma.skoletjenesten.no\/wp-content\/uploads\/2025\/05\/50_OK_IMG_20250507_114100986-300x163.jpg 300w, https:\/\/oma.skoletjenesten.no\/wp-content\/uploads\/2025\/05\/50_OK_IMG_20250507_114100986-768x417.jpg 768w, https:\/\/oma.skoletjenesten.no\/wp-content\/uploads\/2025\/05\/50_OK_IMG_20250507_114100986-1536x834.jpg 1536w, https:\/\/oma.skoletjenesten.no\/wp-content\/uploads\/2025\/05\/50_OK_IMG_20250507_114100986-2048x1112.jpg 2048w, https:\/\/oma.skoletjenesten.no\/wp-content\/uploads\/2025\/05\/50_OK_IMG_20250507_114100986-1568x851.jpg 1568w\" sizes=\"auto, (max-width: 1024px) 100vw, 1024px\" \/><figcaption class=\"wp-element-caption\">Mottatt nesten en uke etter innleveringsfristen.<\/figcaption><\/figure>\n<\/div>\n\n\n<p><strong><em>Vv 5: <strong><em>Selvangivelse<\/em><\/strong>.<\/em><\/strong> Som nevnt for en uke siden ble bloggerens selvangivelse (uttrykket <em>skattemelding<\/em> boikottes) sendt rekommandert 30. april. Meldingen var skrevet p\u00e5 grunnlag av det bloggeren fikk tilsendt en dr\u00f8y uke tidligere da han ringte og etterlyste den ferdig utfylte selvangivelsen. Den ordin\u00e6re hilsenen fra Skatteetaten kom i posten tirsdag i denne uken, 6 mai.<\/p>\n\n\n\n<p><a href=\"mailto:ttt@skoletjenesten.no?cc=&amp;bcc=&amp;subject=Vv%205\/19&amp;amptarget=\"><em>Kommenter denne notisen<\/em><\/a><\/p>\n\n\n\n<p class=\"has-text-align-center\">\u058e\u058e\u058e<\/p>\n\n\n\n<p><strong><em>Vv 6: Nasjonaldag.<\/em><\/strong> F\u00f8rstkommende onsdag, 14 mai, er Israels nasjonaldag etter den gregorianske kalenderen (etter j\u00f8disk kalender var dagen 1. mai). Da er det kanskje feiring i ambassaden, som ligger ved Slottsparken. Palestinas ambassade (den sittende regjeringen har markert sitt st\u00e5sted i Midt\u00f8sten-konflikten med \u00e5 godkjenne Palestina som stat) ligger ogs\u00e5 n\u00e6r Slottsparken, p\u00e5 samme m\u00e5te som Utenriksdepartementet. Men bloggeren gjetter p\u00e5 at hverken Palestinas ambassad\u00f8r eller klima- og utenriksminister Barth Eide blir invitert til eventuelle festligheter i den israelske ambassaden onsdag.<\/p>\n\n\n\n<p><a href=\"mailto:ttt@skoletjenesten.no?cc=&amp;bcc=&amp;subject=Vv%206\/19&amp;amptarget=\"><em>Kommenter denne notisen<\/em><\/a><\/p>\n\n\n\n<p class=\"has-text-align-center\">\u058e\u058e\u058e<\/p>\n\n\n\n<p><strong><em>Vv 7: Agentaksjon?<\/em><\/strong> Kan det v\u00e6re en israelsk agent som har f\u00e5tt sommerjobb som tekniker i den skattefinansierte radiokanalen NRK? Det er i hvert fall en n\u00e6rliggende forklaring p\u00e5 hvorfor Barth Eide blir avbrutt midt i sin utredning i klippet nedenfor. Fortsettelsen p\u00e5 klippet tyder i hvert fall p\u00e5 at den tekniske jobben er gjort av en nybegynner p\u00e5 det radiotekniske omr\u00e5det, en sommervikar.<\/p>\n\n\n\n<figure class=\"wp-block-audio\"><audio controls src=\"https:\/\/oma.skoletjenesten.no\/wp-content\/uploads\/2025\/05\/70_NRKteknikk-Sommervikar_250507_NRK-AlltidNyheter_nn_Repriseklipp.mp3\"><\/audio><\/figure>\n\n\n\n<p><a href=\"mailto:ttt@skoletjenesten.no?cc=&amp;bcc=&amp;subject=Vv%207\/19&amp;amptarget=\"><em>Kommenter denne notisen<\/em><\/a><\/p>\n\n\n\n<p class=\"has-text-align-center\">\u058e\u058e\u058e<\/p>\n\n\n\n<p><strong><em>Vv 8: Krigsforlis.<\/em><\/strong> Handelsfl\u00e5ten og sj\u00f8folkene var Norges viktigste bidrag til den allierte seieren i annen verdenskrig. Det var viktig for krigf\u00f8ringen (forsyninger), det var viktig for den norske eksilregjeringen (forhandlingskort overfor allierte samarbeidspartnere) og det var viktig etter krigen (midler til gjenreising). Men det er lett \u00e5 henge seg opp i de dramatiske hendelsene som sj\u00f8folkene opplevde. Fortellinger om dette utgj\u00f8r ogs\u00e5 mesteparten av <a href=\"https:\/\/www.nb.no\/items\/37c2fa3690d385cca0c19407a05a229b?page=171\" data-type=\"link\" data-id=\"https:\/\/www.nb.no\/items\/37c2fa3690d385cca0c19407a05a229b?page=171\" target=\"_blank\" rel=\"noreferrer noopener\">\u00e5rboksartikkelen bloggeren skrev<\/a> etter \u00e5 ha arbeidet med et prosjekt om krigsforlis i Nortraship-fl\u00e5ten.<\/p>\n\n\n\n<p><a href=\"mailto:ttt@skoletjenesten.no?cc=&amp;bcc=&amp;subject=Vv%208\/19&amp;amptarget=\"><em>Kommenter denne notisen<\/em><\/a><\/p>\n\n\n\n<p class=\"has-text-align-center\">\u058e\u058e\u058e<\/p>\n\n\n<div class=\"wp-block-image is-style-twentytwentyone-border\">\n<figure class=\"alignright size-full\"><a href=\"http:\/\/ttt.skoletjenesten.no\/wp-content\/uploads\/2025\/05\/90_INNERST.mp3\"><img loading=\"lazy\" decoding=\"async\" width=\"295\" height=\"171\" src=\"https:\/\/oma.skoletjenesten.no\/wp-content\/uploads\/2025\/05\/80_Krigsseilemonumentet-8mai_nedlasting.jpg\" alt=\"\" class=\"wp-image-2008\"\/><\/a><figcaption class=\"wp-element-caption\">Minneseremoni 8. mai p\u00e5 Bygd\u00f8ynes. Klikk for \u00e5 h\u00f8re <em>Hummer &amp; Canari<\/em> synge <em>Innerst i sjelen<\/em> (opptak fra \u00f8velse).<\/figcaption><\/figure>\n<\/div>\n\n\n<p><strong><em>Vv 9: Paus-tekst.<\/em><\/strong> Sanggruppen <em>Hummer &amp; Canari<\/em>, som bloggeren var med i til den ble nedlagt, var i mange \u00e5r et fast innslag p\u00e5 programmet under samv\u00e6ret etter kransenedleggelsen 8. mai ved Krigsseilermonumentet p\u00e5 Bygd\u00f8ynes. Ett \u00e5r sang vi <em>Innerst i sjelen<\/em> (Tekst: Ole Paus \/ Mel.: \u00d6rjan Englund, Lars B\u00f8rke). Teksten \u00aben blank og gylden stripe land\u00bb tidlig i sangen ga bloggeren assosiasjoner til sj\u00f8forklaringer om livb\u00e5tseilaser under krigen.<\/p>\n\n\n\n<p><a href=\"mailto:ttt@skoletjenesten.no?cc=&amp;bcc=&amp;subject=Vv%209\/19&amp;amptarget=\"><em>Kommenter denne notisen<\/em><\/a><\/p>\n","protected":false},"excerpt":{"rendered":"<p>Denne spalten het tidligere Alternative fakta, som fortsatt er kategori-betegnelsen. I Alternative fakta l\u00e5 vekten ofte mer p\u00e5 det alternative enn p\u00e5 fakta. Her i Virtuell virkelighet kan vekten&nbsp; ligge mer p\u00e5 det virtuelle enn p\u00e5 virkeligheten. Navneskiftet ble forklart i siste utgave av Alternative fakta 15. januar 2021. Vv 1: Rib-salg. En av bloggens&hellip; <a class=\"more-link\" href=\"https:\/\/oma.skoletjenesten.no\/?p=2000\">Fortsett \u00e5 lese <span class=\"screen-reader-text\">Virtuell virkelighet 19\/25<\/span><\/a><\/p>\n","protected":false},"author":1,"featured_media":0,"comment_status":"open","ping_status":"open","sticky":false,"template":"","format":"standard","meta":{"footnotes":""},"categories":[11],"tags":[],"class_list":["post-2000","post","type-post","status-publish","format-standard","hentry","category-alternative-fakta","entry"],"_links":{"self":[{"href":"https:\/\/oma.skoletjenesten.no\/index.php?rest_route=\/wp\/v2\/posts\/2000","targetHints":{"allow":["GET"]}}],"collection":[{"href":"https:\/\/oma.skoletjenesten.no\/index.php?rest_route=\/wp\/v2\/posts"}],"about":[{"href":"https:\/\/oma.skoletjenesten.no\/index.php?rest_route=\/wp\/v2\/types\/post"}],"author":[{"embeddable":true,"href":"https:\/\/oma.skoletjenesten.no\/index.php?rest_route=\/wp\/v2\/users\/1"}],"replies":[{"embeddable":true,"href":"https:\/\/oma.skoletjenesten.no\/index.php?rest_route=%2Fwp%2Fv2%2Fcomments&post=2000"}],"version-history":[{"count":15,"href":"https:\/\/oma.skoletjenesten.no\/index.php?rest_route=\/wp\/v2\/posts\/2000\/revisions"}],"predecessor-version":[{"id":2388,"href":"https:\/\/oma.skoletjenesten.no\/index.php?rest_route=\/wp\/v2\/posts\/2000\/revisions\/2388"}],"wp:attachment":[{"href":"https:\/\/oma.skoletjenesten.no\/index.php?rest_route=%2Fwp%2Fv2%2Fmedia&parent=2000"}],"wp:term":[{"taxonomy":"category","embeddable":true,"href":"https:\/\/oma.skoletjenesten.no\/index.php?rest_route=%2Fwp%2Fv2%2Fcategories&post=2000"},{"taxonomy":"post_tag","embeddable":true,"href":"https:\/\/oma.skoletjenesten.no\/index.php?rest_route=%2Fwp%2Fv2%2Ftags&post=2000"}],"curies":[{"name":"wp","href":"https:\/\/api.w.org\/{rel}","templated":true}]}}