{"id":1986,"date":"2025-05-09T10:01:54","date_gmt":"2025-05-09T10:01:54","guid":{"rendered":"https:\/\/oma.skoletjenesten.no\/?p=1986"},"modified":"2025-05-09T17:08:11","modified_gmt":"2025-05-09T17:08:11","slug":"konvoi","status":"publish","type":"post","link":"https:\/\/oma.skoletjenesten.no\/?p=1986","title":{"rendered":"Konvoi"},"content":{"rendered":"<div class=\"wp-block-image is-style-twentytwentyone-border\">\n<figure class=\"alignright size-full\"><img loading=\"lazy\" decoding=\"async\" width=\"529\" height=\"415\" src=\"https:\/\/oma.skoletjenesten.no\/wp-content\/uploads\/2025\/05\/Konvoi_OK_standard_compressed_8e01522r.jpg\" alt=\"\" class=\"wp-image-2024\" srcset=\"https:\/\/oma.skoletjenesten.no\/wp-content\/uploads\/2025\/05\/Konvoi_OK_standard_compressed_8e01522r.jpg 529w, https:\/\/oma.skoletjenesten.no\/wp-content\/uploads\/2025\/05\/Konvoi_OK_standard_compressed_8e01522r-300x235.jpg 300w\" sizes=\"auto, (max-width: 529px) 100vw, 529px\" \/><figcaption class=\"wp-element-caption\">Konvoi, ett skip med <a href=\"https:\/\/snl.no\/sperreballonger\" data-type=\"link\" data-id=\"https:\/\/snl.no\/sperreballonger\" target=\"_blank\" rel=\"noreferrer noopener\">sperreballong<\/a>.<\/figcaption><\/figure>\n<\/div>\n\n\n<p>G\u00e5rsdagens 80-\u00e5rsjubileum for frigj\u00f8ringen i 1945 er markert med brask og brann, blant annet med den s\u00e5kalte <a href=\"https:\/\/www.liberationconvoy.com\/?fbclid=IwY2xjawKG5HRleHRuA2FlbQIxMABicmlkETBtV0pwM1BXSFNxM3UxREtBAR6asgBZrInVgnRTmZpYf2TS6TXyLtmFmWg1cp8sfeVhZ4Yz1rpbkCrwnRratw_aem_cpQD8buLf_1XtK3JD4JpSw\" data-type=\"link\" data-id=\"https:\/\/www.liberationconvoy.com\/?fbclid=IwY2xjawKG5HRleHRuA2FlbQIxMABicmlkETBtV0pwM1BXSFNxM3UxREtBAR6asgBZrInVgnRTmZpYf2TS6TXyLtmFmWg1cp8sfeVhZ4Yz1rpbkCrwnRratw_aem_cpQD8buLf_1XtK3JD4JpSw\" target=\"_blank\" rel=\"noreferrer noopener\">Frigj\u00f8ringskonvoien<\/a> fra Bergen til Shetland og tilbake. NRK Dagsrevyen har bebudet en stor reportasje om konvoien.<\/p>\n\n\n\n<p>Frigj\u00f8ringskonvoien er liten og best\u00e5r av bare fem skip. Fire av dem er knyttet til shetlandsfarten: <a href=\"https:\/\/www.liberationconvoy.com\/mk-heland.html\" data-type=\"link\" data-id=\"https:\/\/www.liberationconvoy.com\/mk-heland.html\" target=\"_blank\" rel=\"noreferrer noopener\">M\/K HELAND<\/a>, <a href=\"https:\/\/www.liberationconvoy.com\/mk-andholmen.html\" target=\"_blank\" rel=\"noreferrer noopener\">M\/K ANDHOLMEN<\/a>, <a href=\"https:\/\/www.liberationconvoy.com\/mk-erkna.html\" target=\"_blank\" rel=\"noreferrer noopener\">M\/K ERKNA<\/a> og <a href=\"https:\/\/www.liberationconvoy.com\/mb-arnefjord.html\" target=\"_blank\" rel=\"noreferrer noopener\">M\/B ARNEFJORD<\/a>. Det femte skipet er <a href=\"https:\/\/ttt.skoletjenesten.no\/en-sang-for-hestmanden\/\" data-type=\"link\" data-id=\"https:\/\/ttt.skoletjenesten.no\/en-sang-for-hestmanden\/\" target=\"_blank\" rel=\"noreferrer noopener\">D\/S HESTMANDEN<\/a>, eneste bevarte skip fra Nortraship-fl\u00e5ten og minneskip for handelsfl\u00e5ten i to verdenskriger. Men skipet deltok aldri i shetlandsfarten.<\/p>\n\n\n\n<p>Et fart\u00f8y som derimot deltok, og som burde v\u00e6rt i konvoien, er <a href=\"https:\/\/ttt.skoletjenesten.no\/jubileum-for-krigsveteranen-knm-hitra\/\" data-type=\"link\" data-id=\"https:\/\/ttt.skoletjenesten.no\/jubileum-for-krigsveteranen-knm-hitra\/\" target=\"_blank\" rel=\"noreferrer noopener\">KNM HITRA<\/a>. HITRA er den eneste bevarte av de tre ub\u00e5jtagerne (gitt av USA, fikk navnene HITRA, HESSA og VIGRA) som overtok shetlandsfarten da fiskesk\u00f8ytene etter hvert viste seg \u00e5 v\u00e6re lite egnet for krigstjeneste.<\/p>\n\n\n\n<div class=\"wp-block-columns is-layout-flex wp-container-core-columns-is-layout-9d6595d7 wp-block-columns-is-layout-flex\">\n<div class=\"wp-block-column is-layout-flow wp-block-column-is-layout-flow\">\n<figure class=\"wp-block-image size-full is-style-twentytwentyone-border\"><img loading=\"lazy\" decoding=\"async\" width=\"512\" height=\"342\" src=\"https:\/\/oma.skoletjenesten.no\/wp-content\/uploads\/2025\/05\/KNM-HITRA_unnamed.jpg\" alt=\"\" class=\"wp-image-1988\" srcset=\"https:\/\/oma.skoletjenesten.no\/wp-content\/uploads\/2025\/05\/KNM-HITRA_unnamed.jpg 512w, https:\/\/oma.skoletjenesten.no\/wp-content\/uploads\/2025\/05\/KNM-HITRA_unnamed-300x200.jpg 300w\" sizes=\"auto, (max-width: 512px) 100vw, 512px\" \/><figcaption class=\"wp-element-caption\">KNM HITRA, i shetlandsfart fra h\u00f8sten1943.<\/figcaption><\/figure>\n<\/div>\n\n\n\n<div class=\"wp-block-column is-layout-flow wp-block-column-is-layout-flow\">\n<figure class=\"wp-block-image size-full is-style-twentytwentyone-border\"><img loading=\"lazy\" decoding=\"async\" width=\"275\" height=\"183\" src=\"https:\/\/oma.skoletjenesten.no\/wp-content\/uploads\/2025\/05\/DS-HESTMANDEN_nedlasting.jpg\" alt=\"\" class=\"wp-image-1989\"\/><figcaption class=\"wp-element-caption\">D\/S HESTMANDEN, i Nortrashipfl\u00e5ten under hele 2. verdenskrig.<\/figcaption><\/figure>\n<\/div>\n<\/div>\n\n\n\n<p>HESTMANDEN og det som skipet representerer, fortjener all mulig heder. Men det gj\u00f8r ogs\u00e5 KNM HITRA. For det er vel ikke slik at Staten (KNM HITRA er marinens eldste fart\u00f8y) ikke har r\u00e5d til \u00e5 delta i markeringen av shetlandsfarten p\u00e5 frigj\u00f8rings- og veterandagen? Jeg ser med spenning frem til om den store reportasjen i NRK Dagsrevyen har noe \u00e5 si om dette.<\/p>\n","protected":false},"excerpt":{"rendered":"<p>G\u00e5rsdagens 80-\u00e5rsjubileum for frigj\u00f8ringen i 1945 er markert med brask og brann, blant annet med den s\u00e5kalte Frigj\u00f8ringskonvoien fra Bergen til Shetland og tilbake. NRK Dagsrevyen har bebudet en stor reportasje om konvoien. Frigj\u00f8ringskonvoien er liten og best\u00e5r av bare fem skip. Fire av dem er knyttet til shetlandsfarten: M\/K HELAND, M\/K ANDHOLMEN, M\/K ERKNA&hellip; <a class=\"more-link\" href=\"https:\/\/oma.skoletjenesten.no\/?p=1986\">Fortsett \u00e5 lese <span class=\"screen-reader-text\">Konvoi<\/span><\/a><\/p>\n","protected":false},"author":1,"featured_media":0,"comment_status":"open","ping_status":"open","sticky":false,"template":"","format":"standard","meta":{"footnotes":""},"categories":[1],"tags":[],"class_list":["post-1986","post","type-post","status-publish","format-standard","hentry","category-uncategorized","entry"],"_links":{"self":[{"href":"https:\/\/oma.skoletjenesten.no\/index.php?rest_route=\/wp\/v2\/posts\/1986","targetHints":{"allow":["GET"]}}],"collection":[{"href":"https:\/\/oma.skoletjenesten.no\/index.php?rest_route=\/wp\/v2\/posts"}],"about":[{"href":"https:\/\/oma.skoletjenesten.no\/index.php?rest_route=\/wp\/v2\/types\/post"}],"author":[{"embeddable":true,"href":"https:\/\/oma.skoletjenesten.no\/index.php?rest_route=\/wp\/v2\/users\/1"}],"replies":[{"embeddable":true,"href":"https:\/\/oma.skoletjenesten.no\/index.php?rest_route=%2Fwp%2Fv2%2Fcomments&post=1986"}],"version-history":[{"count":9,"href":"https:\/\/oma.skoletjenesten.no\/index.php?rest_route=\/wp\/v2\/posts\/1986\/revisions"}],"predecessor-version":[{"id":2033,"href":"https:\/\/oma.skoletjenesten.no\/index.php?rest_route=\/wp\/v2\/posts\/1986\/revisions\/2033"}],"wp:attachment":[{"href":"https:\/\/oma.skoletjenesten.no\/index.php?rest_route=%2Fwp%2Fv2%2Fmedia&parent=1986"}],"wp:term":[{"taxonomy":"category","embeddable":true,"href":"https:\/\/oma.skoletjenesten.no\/index.php?rest_route=%2Fwp%2Fv2%2Fcategories&post=1986"},{"taxonomy":"post_tag","embeddable":true,"href":"https:\/\/oma.skoletjenesten.no\/index.php?rest_route=%2Fwp%2Fv2%2Ftags&post=1986"}],"curies":[{"name":"wp","href":"https:\/\/api.w.org\/{rel}","templated":true}]}}