{"id":1949,"date":"2025-05-02T10:00:30","date_gmt":"2025-05-02T10:00:30","guid":{"rendered":"https:\/\/oma.skoletjenesten.no\/?p=1949"},"modified":"2025-05-04T12:52:06","modified_gmt":"2025-05-04T12:52:06","slug":"virtuell-virkelighet-18-25","status":"publish","type":"post","link":"https:\/\/oma.skoletjenesten.no\/?p=1949","title":{"rendered":"Virtuell virkelighet 18\/25"},"content":{"rendered":"\n<p><small>Denne spalten het tidligere <em>Alternative fakta<\/em>, som fortsatt er kategori-betegnelsen. I<em> Alternative fakta<\/em> l\u00e5 vekten ofte mer p\u00e5 det alternative enn p\u00e5 fakta. Her i <em>Virtuell virkelighet<\/em> kan vekten&nbsp; ligge mer p\u00e5 det virtuelle enn p\u00e5 virkeligheten.<\/small><\/p>\n\n\n\n<p><small>Navneskiftet ble forklart i <a href=\"http:\/\/ttt.skoletjenesten.no\/alternative-fakta-3-21\/\" target=\"_blank\" rel=\"noreferrer noopener\">siste utgave av Alternative fakta 15. januar 2021<\/a>.<\/small><\/p>\n\n\n\n<hr class=\"wp-block-separator has-alpha-channel-opacity\"\/>\n\n\n\n<p><strong><em>Vv 1: Speilbruk.<\/em><\/strong> Observante lesere av bloggen la sikkert merke til i forrige uke at deler av <a href=\"https:\/\/oma.skoletjenesten.no\/?p=1892\/#gjenbrukfilm\" data-type=\"link\" data-id=\"https:\/\/oma.skoletjenesten.no\/?p=1892\/#gjenbrukfilm\" target=\"_blank\" rel=\"noreferrer noopener\">filmen om gjenbruk<\/a> var speilvendt (kanskje var hele filmen det). Bloggeren lot det passere, siden det ikke hadde noen betydning for innholdet i filmen.<\/p>\n\n\n\n<p><a href=\"mailto:ttt@skoletjenesten.no?cc=&amp;bcc=&amp;subject=Vv%201\/18&amp;amptarget=\"><em>Kommenter denne notisen<\/em><\/a><\/p>\n\n\n\n<p class=\"has-text-align-center\">\u058e\u058e\u058e<\/p>\n\n\n<div class=\"wp-block-image is-style-twentytwentyone-border\">\n<figure class=\"alignright size-large\"><a href=\"https:\/\/oma.skoletjenesten.no\/wp-content\/uploads\/2025\/05\/20_Forsythia_OK-1.jpg\" target=\"_blank\" rel=\" noreferrer noopener\"><img loading=\"lazy\" decoding=\"async\" width=\"752\" height=\"1024\" src=\"https:\/\/oma.skoletjenesten.no\/wp-content\/uploads\/2025\/05\/20_Forsythia_OK-1-752x1024.jpg\" alt=\"\" class=\"wp-image-1957\" srcset=\"https:\/\/oma.skoletjenesten.no\/wp-content\/uploads\/2025\/05\/20_Forsythia_OK-1-752x1024.jpg 752w, https:\/\/oma.skoletjenesten.no\/wp-content\/uploads\/2025\/05\/20_Forsythia_OK-1-220x300.jpg 220w, https:\/\/oma.skoletjenesten.no\/wp-content\/uploads\/2025\/05\/20_Forsythia_OK-1-768x1046.jpg 768w, https:\/\/oma.skoletjenesten.no\/wp-content\/uploads\/2025\/05\/20_Forsythia_OK-1-1127x1536.jpg 1127w, https:\/\/oma.skoletjenesten.no\/wp-content\/uploads\/2025\/05\/20_Forsythia_OK-1-1503x2048.jpg 1503w, https:\/\/oma.skoletjenesten.no\/wp-content\/uploads\/2025\/05\/20_Forsythia_OK-1-1568x2136.jpg 1568w, https:\/\/oma.skoletjenesten.no\/wp-content\/uploads\/2025\/05\/20_Forsythia_OK-1.jpg 1794w\" sizes=\"auto, (max-width: 752px) 100vw, 752px\" \/><\/a><\/figure>\n<\/div>\n\n\n<p><strong><em>Vv 2: Utsikt.<\/em><\/strong> Fra stuevinduet sitt ser bloggeren ut p\u00e5 forsythia som er i ferd med \u00e5 skifte fra gult (blomster p\u00e5 bar kvist) til gr\u00f8nt og p\u00e5 naboens blomstrende morelltre i bakgrunnen.<\/p>\n\n\n\n<p>.<\/p>\n\n\n\n<p>.<\/p>\n\n\n\n<p>.<\/p>\n\n\n\n<p>.<\/p>\n\n\n\n<p><a href=\"mailto:ttt@skoletjenesten.no?cc=&amp;bcc=&amp;subject=Vv%202\/18&amp;amptarget=\"><em>Kommenter denne notisen<\/em><\/a><\/p>\n\n\n\n<p class=\"has-text-align-center\">\u058e\u058e\u058e<\/p>\n\n\n\n<p><strong><em>Vv 3: Skyting. <\/em><\/strong> Den skattefinansierte radiokanalen NRK kunne tidligere i uken melde at personen som var p\u00e5grepet etter skytingen i Uppsala i Sverige, enn\u00e5 ikke hadde <em>truffet<\/em> advokaten sin.<\/p>\n\n\n\n<p><a href=\"mailto:ttt@skoletjenesten.no?cc=&amp;bcc=&amp;subject=Vv%203\/18&amp;amptarget=\"><em>Kommenter denne notisen<\/em><\/a><\/p>\n\n\n\n<p class=\"has-text-align-center\">\u058e\u058e\u058e<\/p>\n\n\n\n<p><strong><em>Vv 4: <strong>Selvangivelse.<\/strong><\/em><\/strong> Onsdag 30. april var fristen for levering av selvangivelsen (bloggeren boikotter betegnelsen \u00abskattemelding\u00bb). Selvangivelsen og alt dens vesen <em>skal<\/em> v\u00e6re en lidelse, s\u00e5 bloggeren kj\u00f8rte rullator til Sandvika Storsenter, der det er post i butikk hvor selvangivelsen kan sendes rekommandert. Det er usolidarisk \u00e5 levere digitalt slik at skatteetaten f\u00e5r mer tid til \u00e5 jakte p\u00e5 penger.<\/p>\n\n\n\n<p><a href=\"mailto:ttt@skoletjenesten.no?cc=&amp;bcc=&amp;subject=Vv%204\/18&amp;amptarget=\"><em>Kommenter denne notisen<\/em><\/a><\/p>\n\n\n\n<p class=\"has-text-align-center\">\u058e\u058e\u058e<\/p>\n\n\n<div class=\"wp-block-image is-style-twentytwentyone-border\">\n<figure class=\"alignright size-large\"><a href=\"https:\/\/oma.skoletjenesten.no\/wp-content\/uploads\/2025\/05\/50_Aapent-for-sykkel-men-rullator_IMG_20250430_195407643-scaled.jpg\" target=\"_blank\" rel=\" noreferrer noopener\"><img loading=\"lazy\" decoding=\"async\" width=\"1024\" height=\"768\" src=\"https:\/\/oma.skoletjenesten.no\/wp-content\/uploads\/2025\/05\/50_Aapent-for-sykkel-men-rullator_IMG_20250430_195407643-1024x768.jpg\" alt=\"\" class=\"wp-image-1954\" srcset=\"https:\/\/oma.skoletjenesten.no\/wp-content\/uploads\/2025\/05\/50_Aapent-for-sykkel-men-rullator_IMG_20250430_195407643-1024x768.jpg 1024w, https:\/\/oma.skoletjenesten.no\/wp-content\/uploads\/2025\/05\/50_Aapent-for-sykkel-men-rullator_IMG_20250430_195407643-300x225.jpg 300w, https:\/\/oma.skoletjenesten.no\/wp-content\/uploads\/2025\/05\/50_Aapent-for-sykkel-men-rullator_IMG_20250430_195407643-768x576.jpg 768w, https:\/\/oma.skoletjenesten.no\/wp-content\/uploads\/2025\/05\/50_Aapent-for-sykkel-men-rullator_IMG_20250430_195407643-1536x1152.jpg 1536w, https:\/\/oma.skoletjenesten.no\/wp-content\/uploads\/2025\/05\/50_Aapent-for-sykkel-men-rullator_IMG_20250430_195407643-2048x1536.jpg 2048w, https:\/\/oma.skoletjenesten.no\/wp-content\/uploads\/2025\/05\/50_Aapent-for-sykkel-men-rullator_IMG_20250430_195407643-1568x1176.jpg 1568w\" sizes=\"auto, (max-width: 1024px) 100vw, 1024px\" \/><\/a><\/figure>\n<\/div>\n\n\n<p><strong><em>Vv 5: Forbudsskilt.<\/em><\/strong> P\u00e5 vei med rullator til Sandvika storsenter for \u00e5 levere selvangivelsen ble bloggeren m\u00f8tt av skiltet \u00abinnkj\u00f8ring forbudt\u00bb p\u00e5 fortauet utenfor r\u00e5dhuset. Underskiltet tillot sykkel, men ikke rullator. Bloggeren tok sjansen og n\u00e5dde storsenteret uten \u00e5 bli stanset.<\/p>\n\n\n\n<p><a href=\"mailto:ttt@skoletjenesten.no?cc=&amp;bcc=&amp;subject=Vv%205\/18&amp;amptarget=\"><em>Kommenter denne notisen<\/em><\/a><\/p>\n\n\n\n<p class=\"has-text-align-center\">\u058e\u058e\u058e<\/p>\n\n\n\n<p><strong><em>Vv 6: Gr&#8230;land-1.<\/em><\/strong> Skatteetaten har adresse postboks 9357, <em>Gr\u00f8nland<\/em>, 0135 Oslo. Er det her president Donalds store interesse for Gr\u00f8nland har sitt opphav? I m\u00f8tet med St\u00f8re og Stoltenberg r\u00f8pet han jo at han vet at Norge er et rikt land.<\/p>\n\n\n\n<p><a href=\"mailto:ttt@skoletjenesten.no?cc=&amp;bcc=&amp;subject=Vv%206\/18&amp;amptarget=\"><em>Kommenter denne notisen<\/em><\/a><\/p>\n\n\n\n<p class=\"has-text-align-center\">\u058e\u058e\u058e<\/p>\n\n\n<div class=\"wp-block-image is-style-twentytwentyone-border\">\n<figure class=\"alignright size-large\"><a href=\"https:\/\/snl.no\/Grenland\" target=\"_blank\" rel=\" noreferrer noopener\"><img loading=\"lazy\" decoding=\"async\" width=\"919\" height=\"1024\" src=\"https:\/\/oma.skoletjenesten.no\/wp-content\/uploads\/2025\/05\/73_Grenland-kart_standard_grenland-919x1024.png\" alt=\"\" class=\"wp-image-1955\" srcset=\"https:\/\/oma.skoletjenesten.no\/wp-content\/uploads\/2025\/05\/73_Grenland-kart_standard_grenland-919x1024.png 919w, https:\/\/oma.skoletjenesten.no\/wp-content\/uploads\/2025\/05\/73_Grenland-kart_standard_grenland-269x300.png 269w, https:\/\/oma.skoletjenesten.no\/wp-content\/uploads\/2025\/05\/73_Grenland-kart_standard_grenland-768x856.png 768w, https:\/\/oma.skoletjenesten.no\/wp-content\/uploads\/2025\/05\/73_Grenland-kart_standard_grenland.png 1077w\" sizes=\"auto, (max-width: 919px) 100vw, 919px\" \/><\/a><figcaption class=\"wp-element-caption\">Klikk p\u00e5 kartet for \u00e5 leae om Grwnlanf i Store norske leksikon.<\/figcaption><\/figure>\n<\/div>\n\n\n<p><em><strong>Vv 7:<\/strong> <strong>Gr&#8230;land-2.<\/strong><\/em><strong> <\/strong>Bloggeren tror fortsatt at president Donalds store interesse for Gr\u00f8nland skyldes en navneforveksling med Grenland. Kanskje har Donald f\u00e5tt med seg at Grenland tidligere omfattet omr\u00e5det rundt Norsj\u00f8 (den gr\u00f8nne sirkelen p\u00e5 kartet ved siden av), med bl. a. Fensfeltet, der det finnes sjeldne mineraler.<\/p>\n\n\n\n<p><\/p>\n\n\n\n<p><a href=\"mailto:ttt@skoletjenesten.no?cc=&amp;bcc=&amp;subject=Vv%207\/18&amp;amptarget=\"><em>Kommenter denne notisen<\/em><\/a><\/p>\n\n\n\n<p class=\"has-text-align-center\">\u058e\u058e\u058e<\/p>\n\n\n\n<p><strong><em>Vv 8: Fargeskifte?<\/em><\/strong> \u00ab<a href=\"https:\/\/vacatis.com\/no\/innpakket-reichstag\/\" data-type=\"link\" data-id=\"https:\/\/vacatis.com\/no\/innpakket-reichstag\/\" target=\"_blank\" rel=\"noreferrer noopener\">Wrapped Reichstag<\/a>\u00bb var en kunst-installasjon i Berlin. Man kunne tro at b\u00e6rumspolitikerne fors\u00f8ker \u00e5 gjenskape noe tilsvarende. Men innpakkingen av B\u00e6rum r\u00e5dhus skyldes nok vedlikehold \u2013 en stor plakat med navnet p\u00e5 et malerfirma kan tyde p\u00e5 det. Det blir spennende \u00e5 se om r\u00e5dhuset f\u00e5r ny farge; kanskje det blir gr\u00f8nt. Det er jo s\u00e5 popul\u00e6rt med \u00abdet gr\u00f8nne skiftet\u00bb.<\/p>\n\n\n\n<figure class=\"wp-block-image size-large is-style-twentytwentyone-border\"><img loading=\"lazy\" decoding=\"async\" width=\"1024\" height=\"768\" src=\"https:\/\/oma.skoletjenesten.no\/wp-content\/uploads\/2025\/05\/80_Tildekket-raadhus_IMG_20250430_192717543-1024x768.jpg\" alt=\"\" class=\"wp-image-1956\" srcset=\"https:\/\/oma.skoletjenesten.no\/wp-content\/uploads\/2025\/05\/80_Tildekket-raadhus_IMG_20250430_192717543-1024x768.jpg 1024w, https:\/\/oma.skoletjenesten.no\/wp-content\/uploads\/2025\/05\/80_Tildekket-raadhus_IMG_20250430_192717543-300x225.jpg 300w, https:\/\/oma.skoletjenesten.no\/wp-content\/uploads\/2025\/05\/80_Tildekket-raadhus_IMG_20250430_192717543-768x576.jpg 768w, https:\/\/oma.skoletjenesten.no\/wp-content\/uploads\/2025\/05\/80_Tildekket-raadhus_IMG_20250430_192717543-1536x1152.jpg 1536w, https:\/\/oma.skoletjenesten.no\/wp-content\/uploads\/2025\/05\/80_Tildekket-raadhus_IMG_20250430_192717543-2048x1536.jpg 2048w, https:\/\/oma.skoletjenesten.no\/wp-content\/uploads\/2025\/05\/80_Tildekket-raadhus_IMG_20250430_192717543-1568x1176.jpg 1568w\" sizes=\"auto, (max-width: 1024px) 100vw, 1024px\" \/><\/figure>\n\n\n\n<p><a href=\"mailto:ttt@skoletjenesten.no?cc=&amp;bcc=&amp;subject=Vv%208\/18&amp;amptarget=\"><em>Kommenter denne notisen<\/em><\/a><\/p>\n\n\n\n<hr class=\"wp-block-separator has-alpha-channel-opacity\"\/>\n\n\n\n<p class=\"has-text-align-center\"><em><a href=\"https:\/\/oma.skoletjenesten.no\/?p=1937\">Til innholdsliste for denne utgaven<\/a><\/em><\/p>\n\n\n\n<p><\/p>\n","protected":false},"excerpt":{"rendered":"<p>Denne spalten het tidligere Alternative fakta, som fortsatt er kategori-betegnelsen. I Alternative fakta l\u00e5 vekten ofte mer p\u00e5 det alternative enn p\u00e5 fakta. Her i Virtuell virkelighet kan vekten&nbsp; ligge mer p\u00e5 det virtuelle enn p\u00e5 virkeligheten. Navneskiftet ble forklart i siste utgave av Alternative fakta 15. januar 2021. Vv 1: Speilbruk. Observante lesere av&hellip; <a class=\"more-link\" href=\"https:\/\/oma.skoletjenesten.no\/?p=1949\">Fortsett \u00e5 lese <span class=\"screen-reader-text\">Virtuell virkelighet 18\/25<\/span><\/a><\/p>\n","protected":false},"author":1,"featured_media":0,"comment_status":"open","ping_status":"open","sticky":false,"template":"","format":"standard","meta":{"footnotes":""},"categories":[11],"tags":[],"class_list":["post-1949","post","type-post","status-publish","format-standard","hentry","category-alternative-fakta","entry"],"_links":{"self":[{"href":"https:\/\/oma.skoletjenesten.no\/index.php?rest_route=\/wp\/v2\/posts\/1949","targetHints":{"allow":["GET"]}}],"collection":[{"href":"https:\/\/oma.skoletjenesten.no\/index.php?rest_route=\/wp\/v2\/posts"}],"about":[{"href":"https:\/\/oma.skoletjenesten.no\/index.php?rest_route=\/wp\/v2\/types\/post"}],"author":[{"embeddable":true,"href":"https:\/\/oma.skoletjenesten.no\/index.php?rest_route=\/wp\/v2\/users\/1"}],"replies":[{"embeddable":true,"href":"https:\/\/oma.skoletjenesten.no\/index.php?rest_route=%2Fwp%2Fv2%2Fcomments&post=1949"}],"version-history":[{"count":7,"href":"https:\/\/oma.skoletjenesten.no\/index.php?rest_route=\/wp\/v2\/posts\/1949\/revisions"}],"predecessor-version":[{"id":1970,"href":"https:\/\/oma.skoletjenesten.no\/index.php?rest_route=\/wp\/v2\/posts\/1949\/revisions\/1970"}],"wp:attachment":[{"href":"https:\/\/oma.skoletjenesten.no\/index.php?rest_route=%2Fwp%2Fv2%2Fmedia&parent=1949"}],"wp:term":[{"taxonomy":"category","embeddable":true,"href":"https:\/\/oma.skoletjenesten.no\/index.php?rest_route=%2Fwp%2Fv2%2Fcategories&post=1949"},{"taxonomy":"post_tag","embeddable":true,"href":"https:\/\/oma.skoletjenesten.no\/index.php?rest_route=%2Fwp%2Fv2%2Ftags&post=1949"}],"curies":[{"name":"wp","href":"https:\/\/api.w.org\/{rel}","templated":true}]}}