{"id":1892,"date":"2025-04-25T10:01:29","date_gmt":"2025-04-25T10:01:29","guid":{"rendered":"https:\/\/oma.skoletjenesten.no\/?p=1892"},"modified":"2026-02-05T22:08:01","modified_gmt":"2026-02-05T22:08:01","slug":"virtuell-virkelighet-17-25","status":"publish","type":"post","link":"https:\/\/oma.skoletjenesten.no\/?p=1892","title":{"rendered":"Virtuell virkelighet 17\/25"},"content":{"rendered":"\n<p><small>Denne spalten het tidligere <em>Alternative fakta<\/em>, som fortsatt er kategori-betegnelsen. I<em> Alternative fakta<\/em> l\u00e5 vekten ofte mer p\u00e5 det alternative enn p\u00e5 fakta. Her i <em>Virtuell virkelighet<\/em> kan vekten&nbsp; ligge mer p\u00e5 det virtuelle enn p\u00e5 virkeligheten.<\/small><\/p>\n\n\n\n<p><small>Navneskiftet ble forklart i <a href=\"http:\/\/ttt.skoletjenesten.no\/alternative-fakta-3-21\/\" target=\"_blank\" rel=\"noreferrer noopener\">siste utgave av Alternative fakta 15. januar 2021<\/a>.<\/small><\/p>\n\n\n\n<hr class=\"wp-block-separator has-alpha-channel-opacity\"\/>\n\n\n\n<p><strong><em>Vv 1: Toppm\u00f8te.<\/em><\/strong> Som det har fremg\u00e5tt av nyhetene, fikk president Donald lov til \u00e5 m\u00f8te Jonas Gahr St\u00f8re og \u2013 ikke minst \u2013 Jens Stoltenberg i g\u00e5r. I en laaaang nyhetssending i den skattefinansierte TV-kanalen NRK fikk man se en \u00e6rb\u00f8dig og n\u00e6rmest krypende president. Stoltenberg hvisket ham kanskje i \u00f8ret at negativ toll (\u00e5 betale for \u00e5 f\u00e5 lov til \u00e5 importere) kan  \u00e6re en god ide. <\/p>\n\n\n\n<p><a href=\"mailto:ttt@skoletjenesten.no?cc=&amp;bcc=&amp;subject=Vv%201\/17&amp;amptarget=\"><em>Kommenter denne notisen<\/em><\/a>(<\/p>\n\n\n\n<p class=\"has-text-align-center\">\u058e\u058e\u058e<\/p>\n\n\n<div class=\"wp-block-image is-style-twentytwentyone-border\">\n<figure class=\"alignright size-large\"><img loading=\"lazy\" decoding=\"async\" width=\"1024\" height=\"928\" src=\"https:\/\/oma.skoletjenesten.no\/wp-content\/uploads\/2025\/04\/10_OK_IMG_20250424_124959755-1024x928.jpg\" alt=\"\" class=\"wp-image-1902\" srcset=\"https:\/\/oma.skoletjenesten.no\/wp-content\/uploads\/2025\/04\/10_OK_IMG_20250424_124959755-1024x928.jpg 1024w, https:\/\/oma.skoletjenesten.no\/wp-content\/uploads\/2025\/04\/10_OK_IMG_20250424_124959755-300x272.jpg 300w, https:\/\/oma.skoletjenesten.no\/wp-content\/uploads\/2025\/04\/10_OK_IMG_20250424_124959755-768x696.jpg 768w, https:\/\/oma.skoletjenesten.no\/wp-content\/uploads\/2025\/04\/10_OK_IMG_20250424_124959755-1536x1392.jpg 1536w, https:\/\/oma.skoletjenesten.no\/wp-content\/uploads\/2025\/04\/10_OK_IMG_20250424_124959755-2048x1856.jpg 2048w, https:\/\/oma.skoletjenesten.no\/wp-content\/uploads\/2025\/04\/10_OK_IMG_20250424_124959755-1568x1421.jpg 1568w\" sizes=\"auto, (max-width: 1024px) 100vw, 1024px\" \/><figcaption class=\"wp-element-caption\">Bloggeren overf\u00f8rer innholdet i multidose-rullen til uke-dosetten, som han kaller \u00abmatpakken\u00bb.<\/figcaption><\/figure>\n<\/div>\n\n\n<p><strong><em>Vv 2: Medisin.<\/em><\/strong> Bloggeren f\u00e5r annenhver uke levert p\u00e5 d\u00f8ren medisin i form av \u00abmultidose\u00bb. Det er fagbetegnelsen p\u00e5 en remse med sm\u00e5 plastposer som hver inneholder piller som skal tas til bestemte tider. Systemet er laget for \u00e5 kunne brukes i en automat, som varsler med lokal alarm og oppringing til helsevesenet hvis medisinen ikke blir hentet ut av den. Bloggeren har ikke \u2013 og vil ikke ha \u2013 noen automat, og er forel\u00f8pig tiltrodd evnen (og viljen!) til selv \u00e5 ta pillene til riktig tid.<\/p>\n\n\n\n<p><a href=\"mailto:ttt@skoletjenesten.no?cc=&amp;bcc=&amp;subject=Vv%202\/17&amp;amptarget=\"><em>Kommenter denne notisen<\/em><\/a><\/p>\n\n\n\n<p class=\"has-text-align-center\" id=\"BoHjemme3\">\u058e\u058e\u058e<\/p>\n\n\n<div class=\"wp-block-image is-style-twentytwentyone-border\">\n<figure class=\"alignright size-full\"><a href=\"https:\/\/oma.skoletjenesten.no\/wp-content\/uploads\/2025\/04\/20_BoHjemme-E-post_OK.jpg\" target=\"_blank\" rel=\" noreferrer noopener\"><img loading=\"lazy\" decoding=\"async\" width=\"575\" height=\"495\" src=\"https:\/\/oma.skoletjenesten.no\/wp-content\/uploads\/2025\/04\/20_BoHjemme-E-post_OK.jpg\" alt=\"\" class=\"wp-image-1903\" srcset=\"https:\/\/oma.skoletjenesten.no\/wp-content\/uploads\/2025\/04\/20_BoHjemme-E-post_OK.jpg 575w, https:\/\/oma.skoletjenesten.no\/wp-content\/uploads\/2025\/04\/20_BoHjemme-E-post_OK-300x258.jpg 300w\" sizes=\"auto, (max-width: 575px) 100vw, 575px\" \/><\/a><\/figure>\n<\/div>\n\n\n<p><strong><em>Vv 3: BoHjemme.<\/em><\/strong> Den kritiske e-posten som bloggeren sendte til sin medisinleverand\u00f8r BoHjemme, var gjengitt i forrige utgave av bloggen. Den ble besvart allerede f\u00f8rste hverdag etter p\u00e5ske. Telefonnummeret jeg der fikk, er det samme som jeg ringte da jeg traff en som akkurat da kj\u00f8rte bil, og som derfor ikke kunne svare p\u00e5 mitt sp\u00f8rsm\u00e5l.<\/p>\n\n\n\n<p><a href=\"mailto:ttt@skoletjenesten.no?cc=&amp;bcc=&amp;subject=Vv%203\/17&amp;amptarget=\"><em>Kommenter denne notisen<\/em><\/a><\/p>\n\n\n\n<p class=\"has-text-align-center\">\u058e\u058e\u058e<\/p>\n\n\n<div class=\"wp-block-image is-style-twentytwentyone-border\">\n<figure class=\"alignright size-full\"><img loading=\"lazy\" decoding=\"async\" width=\"403\" height=\"493\" src=\"https:\/\/oma.skoletjenesten.no\/wp-content\/uploads\/2025\/04\/30_Gummikaabe-Annonse_OK_Opera-Bilde_2025-04-22_135727_www.dagsdato.no_.jpg\" alt=\"\" class=\"wp-image-1908\" srcset=\"https:\/\/oma.skoletjenesten.no\/wp-content\/uploads\/2025\/04\/30_Gummikaabe-Annonse_OK_Opera-Bilde_2025-04-22_135727_www.dagsdato.no_.jpg 403w, https:\/\/oma.skoletjenesten.no\/wp-content\/uploads\/2025\/04\/30_Gummikaabe-Annonse_OK_Opera-Bilde_2025-04-22_135727_www.dagsdato.no_-245x300.jpg 245w\" sizes=\"auto, (max-width: 403px) 100vw, 403px\" \/><\/figure>\n<\/div>\n\n\n<p><strong><em>Vv 4: Klesplagg.<\/em><\/strong> De hadde mye rart for seg i gamle dager. Annonsen ved siden av nevner bl. a. \u00abnye gummikaaber\u00bb. Hva var det?<\/p>\n\n\n\n<p>.<\/p>\n\n\n\n<p>.<\/p>\n\n\n\n<p>.<\/p>\n\n\n\n<p><a href=\"mailto:ttt@skoletjenesten.no?cc=&amp;bcc=&amp;subject=Vv%204\/17&amp;amptarget=\"><em>Kommenter denne notisen<\/em><\/a><\/p>\n\n\n\n<p class=\"has-text-align-center\">\u058e\u058e\u058e<\/p>\n\n\n\n<p><strong><em>Vv 5: Krim.<\/em><\/strong> Den skattefinansierte radiokanalen NRK antyder noks\u00e5 utilsl\u00f8rt at en medarbeider i den reklame- og l\u00f8ssalgsfinansierte avisen VG er knyttet til en kriminell handling:<\/p>\n\n\n\n<figure class=\"wp-block-audio\"><audio controls src=\"https:\/\/oma.skoletjenesten.no\/wp-content\/uploads\/2025\/04\/50_Kriminelt-VG.mp3\"><\/audio><\/figure>\n\n\n\n<p><a href=\"mailto:ttt@skoletjenesten.no?cc=&amp;bcc=&amp;subject=Vv%205\/17&amp;amptarget=\"><em>Kommenter denne notisen<\/em><\/a><\/p>\n\n\n\n<p class=\"has-text-align-center\">\u058e\u058e\u058e<\/p>\n\n\n\n<p><strong><em>Vv 6: Advokatfengsling.<\/em><\/strong> Norsk rikskringkasting (skattefinansiert) oppgir ikke grunnen til at en ikke navngitt forsvarer er blitt fengslet.<\/p>\n\n\n\n<figure class=\"wp-block-audio\"><audio controls src=\"https:\/\/oma.skoletjenesten.no\/wp-content\/uploads\/2025\/04\/60_Kriminell-advokat.mp3\"><\/audio><\/figure>\n\n\n\n<p><a href=\"mailto:ttt@skoletjenesten.no?cc=&amp;bcc=&amp;subject=Vv%206\/17&amp;amptarget=\"><em>Kommenter denne notisen<\/em><\/a><\/p>\n\n\n\n<p class=\"has-text-align-center\">\u058e\u058e\u058e<\/p>\n\n\n<div class=\"wp-block-image is-style-twentytwentyone-border\">\n<figure class=\"alignright size-full\"><a href=\"http:\/\/oma.skoletjenesten.no\/wp-content\/uploads\/2025\/04\/70_Vietnamhjelp-med-fly_Aftenposten%20Aften%2018.%20april%201975.pdf\" target=\"_blank\" rel=\" noreferrer noopener\"><img loading=\"lazy\" decoding=\"async\" width=\"521\" height=\"676\" src=\"https:\/\/oma.skoletjenesten.no\/wp-content\/uploads\/2025\/04\/70_Vietnamhjelp-med-fly_Aftenposten-Aften-18.-april-1975.jpg\" alt=\"\" class=\"wp-image-1906\" srcset=\"https:\/\/oma.skoletjenesten.no\/wp-content\/uploads\/2025\/04\/70_Vietnamhjelp-med-fly_Aftenposten-Aften-18.-april-1975.jpg 521w, https:\/\/oma.skoletjenesten.no\/wp-content\/uploads\/2025\/04\/70_Vietnamhjelp-med-fly_Aftenposten-Aften-18.-april-1975-231x300.jpg 231w\" sizes=\"auto, (max-width: 521px) 100vw, 521px\" \/><\/a><figcaption class=\"wp-element-caption\">Aftenposten 18. april 1975. Klikk for \u00e5 lese.<\/figcaption><\/figure>\n<\/div>\n\n\n<p><strong><em>Vv 7: Vietnamkrigen 1.<\/em><\/strong> For femti \u00e5r siden p\u00e5gikk Vietnamkrigen (<a href=\"https:\/\/ttt.skoletjenesten.no\/saigon-stanley-og-andre-steder\/\" data-type=\"link\" data-id=\"https:\/\/ttt.skoletjenesten.no\/saigon-stanley-og-andre-steder\/\" target=\"_blank\" rel=\"noreferrer noopener\">t,o.m. 30 april<\/a>). Av et oppslag p\u00e5 Aftenpostens forside kan det se ut som om Norge st\u00f8ttet \u00e9n av partene. Det var imidlertid humanit\u00e6r hjelp som ble sendt.<\/p>\n\n\n\n<p>.<\/p>\n\n\n\n<p>.<\/p>\n\n\n\n<p>.<\/p>\n\n\n\n<p><a href=\"mailto:ttt@skoletjenesten.no?cc=&amp;bcc=&amp;subject=Vv%207\/17&amp;amptarget=\"><em>Kommenter denne notisen<\/em><\/a><\/p>\n\n\n\n<p class=\"has-text-align-center\">\u058e\u058e\u058e<\/p>\n\n\n<div class=\"wp-block-image is-style-twentytwentyone-border\">\n<figure class=\"alignright size-full\"><a href=\"http:\/\/oma.skoletjenesten.no\/wp-content\/uploads\/2025\/04\/80_%20Vienamflyktninger---Innsamling_1975-0418_Aftenposten%2018.%20april%201975.pdf\" target=\"_blank\" rel=\" noreferrer noopener\"><img loading=\"lazy\" decoding=\"async\" width=\"518\" height=\"688\" src=\"https:\/\/oma.skoletjenesten.no\/wp-content\/uploads\/2025\/04\/80_-Vienamflyktninger-Innsamling_1975-0418_Aftenposten-18.-april-1975.jpg\" alt=\"\" class=\"wp-image-1907\" srcset=\"https:\/\/oma.skoletjenesten.no\/wp-content\/uploads\/2025\/04\/80_-Vienamflyktninger-Innsamling_1975-0418_Aftenposten-18.-april-1975.jpg 518w, https:\/\/oma.skoletjenesten.no\/wp-content\/uploads\/2025\/04\/80_-Vienamflyktninger-Innsamling_1975-0418_Aftenposten-18.-april-1975-226x300.jpg 226w\" sizes=\"auto, (max-width: 518px) 100vw, 518px\" \/><\/a><figcaption class=\"wp-element-caption\">Aftenposten 18. april 1975. Klikk for \u00e5 lese.<\/figcaption><\/figure>\n<\/div>\n\n\n<p><em><strong>Vv 8:<\/strong> <strong>Vietnamkrigen 2<\/strong>.<\/em> Aftenposten engasjerte seg i innsamling til humanit\u00e6r hjelp til Vietnam under Vietnamkrigen (se ogs\u00e5 Vv 8). Bidragsyterne fikk sine \u00abnavn\u00bb p\u00e5 trykk i avisen. Til sammen ble det gitt omtrent en halv million kroner. Bel\u00f8pet tilsvarer ca. 3,5 millioner kroner i dagens pengeverdi.<\/p>\n\n\n\n<p>.<\/p>\n\n\n\n<p>.<\/p>\n\n\n\n<p><a href=\"mailto:ttt@skoletjenesten.no?cc=&amp;bcc=&amp;subject=Vv%208\/17&amp;amptarget=\"><em>Kommenter denne notisen<\/em><\/a><\/p>\n\n\n\n<p class=\"has-text-align-center\">\u058e\u058e\u058e<\/p>\n\n\n\n<p id=\"gjenbrukfilm\"><em><strong>Vv 9:<\/strong> <strong>Gjenbruk<\/strong>.<\/em> Filmen nedenfor (et tilfeldig funn da bloggeren lette etter noe annet) kan v\u00e6re laget for MDG (Milj\u00f8partiet De Grunne) i forbindelse med en kampanje om ikke \u00e5 fors\u00f8ple naturen og ikke \u00e5 kaste det som er brukbart.<\/p>\n\n\n\n<figure class=\"wp-block-video\"><video controls src=\"http:\/\/oma.skoletjenesten.no\/wp-content\/uploads\/2025\/04\/90_Bil-MC-Motorsag---Rehab%20%281%29.mp4\"><\/video><\/figure>\n\n\n\n<p><a href=\"mailto:ttt@skoletjenesten.no?cc=&amp;bcc=&amp;subject=Vv%209\/17&amp;amptarget=\"><em>Kommenter denne notisen<\/em><\/a><\/p>\n\n\n\n<hr class=\"wp-block-separator has-alpha-channel-opacity\"\/>\n\n\n\n<p class=\"has-text-align-center\"><em><a href=\"https:\/\/oma.skoletjenesten.no\/?p=1883\">Til innholdsliste for denne utgaven<\/a><\/em><\/p>\n","protected":false},"excerpt":{"rendered":"<p>Denne spalten het tidligere Alternative fakta, som fortsatt er kategori-betegnelsen. I Alternative fakta l\u00e5 vekten ofte mer p\u00e5 det alternative enn p\u00e5 fakta. Her i Virtuell virkelighet kan vekten&nbsp; ligge mer p\u00e5 det virtuelle enn p\u00e5 virkeligheten. Navneskiftet ble forklart i siste utgave av Alternative fakta 15. januar 2021. Vv 1: Toppm\u00f8te. Som det har&hellip; <a class=\"more-link\" href=\"https:\/\/oma.skoletjenesten.no\/?p=1892\">Fortsett \u00e5 lese <span class=\"screen-reader-text\">Virtuell virkelighet 17\/25<\/span><\/a><\/p>\n","protected":false},"author":1,"featured_media":0,"comment_status":"open","ping_status":"open","sticky":false,"template":"","format":"standard","meta":{"footnotes":""},"categories":[11],"tags":[],"class_list":["post-1892","post","type-post","status-publish","format-standard","hentry","category-alternative-fakta","entry"],"_links":{"self":[{"href":"https:\/\/oma.skoletjenesten.no\/index.php?rest_route=\/wp\/v2\/posts\/1892","targetHints":{"allow":["GET"]}}],"collection":[{"href":"https:\/\/oma.skoletjenesten.no\/index.php?rest_route=\/wp\/v2\/posts"}],"about":[{"href":"https:\/\/oma.skoletjenesten.no\/index.php?rest_route=\/wp\/v2\/types\/post"}],"author":[{"embeddable":true,"href":"https:\/\/oma.skoletjenesten.no\/index.php?rest_route=\/wp\/v2\/users\/1"}],"replies":[{"embeddable":true,"href":"https:\/\/oma.skoletjenesten.no\/index.php?rest_route=%2Fwp%2Fv2%2Fcomments&post=1892"}],"version-history":[{"count":9,"href":"https:\/\/oma.skoletjenesten.no\/index.php?rest_route=\/wp\/v2\/posts\/1892\/revisions"}],"predecessor-version":[{"id":2387,"href":"https:\/\/oma.skoletjenesten.no\/index.php?rest_route=\/wp\/v2\/posts\/1892\/revisions\/2387"}],"wp:attachment":[{"href":"https:\/\/oma.skoletjenesten.no\/index.php?rest_route=%2Fwp%2Fv2%2Fmedia&parent=1892"}],"wp:term":[{"taxonomy":"category","embeddable":true,"href":"https:\/\/oma.skoletjenesten.no\/index.php?rest_route=%2Fwp%2Fv2%2Fcategories&post=1892"},{"taxonomy":"post_tag","embeddable":true,"href":"https:\/\/oma.skoletjenesten.no\/index.php?rest_route=%2Fwp%2Fv2%2Ftags&post=1892"}],"curies":[{"name":"wp","href":"https:\/\/api.w.org\/{rel}","templated":true}]}}