{"id":1843,"date":"2025-04-18T10:00:31","date_gmt":"2025-04-18T10:00:31","guid":{"rendered":"https:\/\/oma.skoletjenesten.no\/?p=1843"},"modified":"2025-07-01T16:42:21","modified_gmt":"2025-07-01T16:42:21","slug":"virtuell-virkelighet-16-25","status":"publish","type":"post","link":"https:\/\/oma.skoletjenesten.no\/?p=1843","title":{"rendered":"Virtuell virkelighet 16\/25"},"content":{"rendered":"\n<p><small>Denne spalten het tidligere <em>Alternative fakta<\/em>, som fortsatt er kategori-betegnelsen. I<em> Alternative fakta<\/em> l\u00e5 vekten ofte mer p\u00e5 det alternative enn p\u00e5 fakta. Her i <em>Virtuell virkelighet<\/em> kan vekten&nbsp; ligge mer p\u00e5 det virtuelle enn p\u00e5 virkeligheten.<\/small><\/p>\n\n\n\n<p><small>Navneskiftet ble forklart i <a href=\"http:\/\/ttt.skoletjenesten.no\/alternative-fakta-3-21\/\" target=\"_blank\" rel=\"noreferrer noopener\">siste utgave av Alternative fakta 15. januar 2021<\/a>.<\/small><\/p>\n\n\n\n<hr class=\"wp-block-separator has-alpha-channel-opacity\"\/>\n\n\n\n<p><strong><em>Vv 1: P\u00e5skekr\u00f8ll.<\/em><\/strong> P\u00e5sken lager kr\u00f8ll ogs\u00e5 for en pensjonist. Fredag er bloggerens ukentlige handledag. Men i dag er alle butikker stengt, s\u00e5 han m\u00e5tte handle p\u00e5 onsdag. Dermed ble skrivingen av bloggen forsinket; den skjer oftest p\u00e5 onsdag. Men korrektur og publisering skjer fredag, uansett stengte butikker.<\/p>\n\n\n\n<p><a href=\"mailto:ttt@skoletjenesten.no?cc=&amp;bcc=&amp;subject=Vv%201\/16&amp;amptarget=\"><em>Kommenter denne notisen<\/em><\/a><\/p>\n\n\n\n<p class=\"has-text-align-center\">\u058e\u058e\u058e<\/p>\n\n\n<div class=\"wp-block-image is-style-twentytwentyone-border\">\n<figure class=\"alignright size-full\"><img loading=\"lazy\" decoding=\"async\" width=\"1013\" height=\"563\" src=\"https:\/\/oma.skoletjenesten.no\/wp-content\/uploads\/2025\/04\/10_Flagg_OK_Opera-Bilde_2025-04-08_200252_tv.nrk_.no_.jpg\" alt=\"\" class=\"wp-image-1847\" srcset=\"https:\/\/oma.skoletjenesten.no\/wp-content\/uploads\/2025\/04\/10_Flagg_OK_Opera-Bilde_2025-04-08_200252_tv.nrk_.no_.jpg 1013w, https:\/\/oma.skoletjenesten.no\/wp-content\/uploads\/2025\/04\/10_Flagg_OK_Opera-Bilde_2025-04-08_200252_tv.nrk_.no_-300x167.jpg 300w, https:\/\/oma.skoletjenesten.no\/wp-content\/uploads\/2025\/04\/10_Flagg_OK_Opera-Bilde_2025-04-08_200252_tv.nrk_.no_-768x427.jpg 768w\" sizes=\"auto, (max-width: 1013px) 100vw, 1013px\" \/><figcaption class=\"wp-element-caption\">Stillbilde fra NRK Dagsrevyen 8. april 2025.<\/figcaption><\/figure>\n<\/div>\n\n\n<p><strong><em>Vv 2: Flaggsynder.<\/em><\/strong> Bildet ved siden av er hentet fra sportsdelen av Dagsrevyen i den skattefinansierte fjernsynskanalen NRK. Armen i forgrunnen tilh\u00f8rer en av de (i Norges idrettsforbund) som tror at flagg er et vanlig stykke tekstil som f. eks. kan brukes som varmepledd. Det kunne v\u00e6re interessant \u00e5 f\u00e5 identifisert vedkommende, kanskje NRK har bilder av mer enn armen?<\/p>\n\n\n\n<p><a href=\"mailto:ttt@skoletjenesten.no?cc=&amp;bcc=&amp;subject=Vv%202\/16&amp;amptarget=\"><em>Kommenter denne notisen<\/em><\/a><\/p>\n\n\n\n<p class=\"has-text-align-center\">\u058e\u058e\u058e<\/p>\n\n\n\n<p><strong><em>Vv 3: Navn-1.<\/em><\/strong> Nybergsund i Trysil var nevnt i forrige utgave av bloggen. Bloggeren har alltid uttalt navnet med trykk p\u00e5 siste stavelse, men kom i tvil om dette kunne v\u00e6re riktig, siden norske navn oftest har trykket p\u00e5 f\u00f8rste stavelse (<span style=\"text-decoration: underline;\">\u00d8s<\/span>ter\u00e5s ligger utenfor Oslo, mens V\u00e4ster<span style=\"text-decoration: underline;\">\u00e5s<\/span> ligger noen mil vest for Stockholm). En <a href=\"https:\/\/www.trysilnavn.no\/\/Ny\/\/index.php?title=Nybergsund\" data-type=\"link\" data-id=\"https:\/\/www.trysilnavn.no\/\/Ny\/\/index.php?title=Nybergsund\" target=\"_blank\" rel=\"noreferrer noopener\">lydfil p\u00e5 nettstedet Trysilnavn<\/a> kunne h\u00f8res ut til \u00e5 avgj\u00f8re saken, men det er ikke oppgitt noen kilde for uttalen talen der, s\u00e5 bloggeren er fortsatt i tvil.<\/p>\n\n\n\n<p><a href=\"mailto:ttt@skoletjenesten.no?cc=&amp;bcc=&amp;subject=Vv%203\/16&amp;amptarget=\"><em>Kommenter denne notisen<\/em><\/a><\/p>\n\n\n\n<p class=\"has-text-align-center\">\u058e\u058e\u058e<\/p>\n\n\n\n<p><strong><em>Vv 4: Navn-2.<\/em><\/strong> Den skattefinansierte mediekanalen NRK bruker ofte forkortelser om utenlandske organisasjoner (Se <a href=\"https:\/\/oma.skoletjenesten.no\/?p=1733\/#idf\" data-type=\"link\" data-id=\"https:\/\/oma.skoletjenesten.no\/?p=1733\/#idf\" target=\"_blank\" rel=\"noreferrer noopener\">Virtuell virkelighet 14\/25 \u2013 Vv 8<\/a>). Men det franske politiske partiet <em>Rassamblement National<\/em> heter i NRK ikke <em>RS<\/em>, men <em>Nasjonal Samling<\/em>, et partinavn som i Norge ble oppbrukt under okkupasjonen 1940-45. Kan det tenkes at NRK-betegnelsen avspeiler NRKs holdning til partiet?<\/p>\n\n\n\n<p><a href=\"mailto:ttt@skoletjenesten.no?cc=&amp;bcc=&amp;subject=Vv%204\/16&amp;amptarget=\"><em>Kommenter denne notisen<\/em><\/a><\/p>\n\n\n\n<p class=\"has-text-align-center\">\u058e\u058e\u058e<\/p>\n\n\n\n<p><strong><em>Vv 5: Elevutsagn-1.<\/em><\/strong> Fra en norsk stil i forrige \u00e5rhundre:<br>\u00abBonden merket forurensningene da kuene hans by begynte \u00e5 d\u00f8 s\u00e5 ofte.\u00bb<\/p>\n\n\n\n<p><a href=\"mailto:ttt@skoletjenesten.no?cc=&amp;bcc=&amp;subject=Vv%205\/16&amp;amptarget=\"><em>Kommenter denne notisen<\/em><\/a><\/p>\n\n\n\n<p class=\"has-text-align-center\">\u058e\u058e\u058e<\/p>\n\n\n\n<p><strong><em>Vv 6: <strong>Elevutsagn-2.<\/strong><\/em><\/strong> Fra en norskoppgave i forrige \u00e5rhundre; oppgaven gikk ut p\u00e5 \u00e5 skrive en begrunnet s\u00f8knad om barnehageplass:<br>\u00abMannen min er nemlig mye ute og flyr (han er flyver).\u00bb<\/p>\n\n\n\n<p><a href=\"mailto:ttt@skoletjenesten.no?cc=&amp;bcc=&amp;subject=Vv%206\/16&amp;amptarget=\"><em>Kommenter denne notisen<\/em><\/a><\/p>\n\n\n\n<p class=\"has-text-align-center\">\u058e\u058e\u058e<\/p>\n\n\n<div class=\"wp-block-image is-style-twentytwentyone-border\">\n<figure class=\"alignright size-full\"><a href=\"https:\/\/oma.skoletjenesten.no\/wp-content\/uploads\/2025\/04\/50_De-doedes-tjern_Kart.jpg\" target=\"_blank\" rel=\" noreferrer noopener\"><img loading=\"lazy\" decoding=\"async\" width=\"874\" height=\"579\" src=\"https:\/\/oma.skoletjenesten.no\/wp-content\/uploads\/2025\/04\/50_De-doedes-tjern_Kart.jpg\" alt=\"\" class=\"wp-image-1849\" srcset=\"https:\/\/oma.skoletjenesten.no\/wp-content\/uploads\/2025\/04\/50_De-doedes-tjern_Kart.jpg 874w, https:\/\/oma.skoletjenesten.no\/wp-content\/uploads\/2025\/04\/50_De-doedes-tjern_Kart-300x199.jpg 300w, https:\/\/oma.skoletjenesten.no\/wp-content\/uploads\/2025\/04\/50_De-doedes-tjern_Kart-768x509.jpg 768w\" sizes=\"auto, (max-width: 874px) 100vw, 874px\" \/><\/a><\/figure>\n<\/div>\n\n\n<p><strong><em>Vv 7: Filmgeografi.<\/em><\/strong> Filmen <em>De d\u00f8des tjern<\/em> var omtalt i forrige utgave av bloggen (<em><a href=\"https:\/\/oma.skoletjenesten.no\/?p=1786\" data-type=\"link\" data-id=\"https:\/\/oma.skoletjenesten.no\/?p=1786\" target=\"_blank\" rel=\"noreferrer noopener\">P\u00e5skelektyre<\/a><\/em>). Den ble innspilt ved flere tjern i n\u00e6rheten av Filmatelieret p\u00e5 Jar. Blant b\u00e5tfolk i B\u00e6rum er \u00abDe d\u00f8des tjern\u00bb betegnelsen p\u00e5 bukta rett innenfor Lille Oust\u00f8ysund. Den ligger i ly for vind fra de vanligste kantene, og ofte er det blikkstille der om kvelden, med grantr\u00e6r som speiler seg i vannet.<\/p>\n\n\n\n<p><a href=\"mailto:ttt@skoletjenesten.no?cc=&amp;bcc=&amp;subject=Vv%207\/16&amp;amptarget=\"><em>Kommenter denne notisen<\/em><\/a><\/p>\n\n\n\n<p class=\"has-text-align-center\">\u058e\u058e\u058e<\/p>\n\n\n\n<p><strong><em>Vv 8: Lydmysterium.<\/em><\/strong> For noen \u00e5r siden, mens bloggeren var en ung mann p\u00e5 noen-og-seksti \u00e5r, ble han kontaktet av en fortvilet nabo. Det var en pipetone som de ikke klarte \u00e5 finne ut av, og den kom ikke fra fjernsynsapparatet, som var avskrudd. Hva var da mer naturlig enn \u00e5 sp\u00f8rre bloggeren, som selvsagt ville pr\u00f8ve \u00e5 hjelpe. Han ble interessert i en bok som l\u00e5 p\u00e5 stuebordet hos naboen og tok den opp for \u00e5 se n\u00e6rmere p\u00e5 den \u2013 da forsvant pipingen. Det viste seg \u00e5 v\u00e6re et av barnas leket\u00f8y som hadde produsert lyden. Leket\u00f8yet var en mikrofon med h\u00f8yttaler, og vekten av boken hadde holdt p\u00e5-knappen nede slik at lyden gikk i \u00abloop\u00bb og lagde pipetone. Som det heter: Blind h\u00f8ne kan ogs\u00e5 finne korn.<\/p>\n\n\n\n<p><a href=\"mailto:ttt@skoletjenesten.no?cc=&amp;bcc=&amp;subject=Vv%208\/16&amp;amptarget=\"><em>Kommenter denne notisen<\/em><\/a><\/p>\n\n\n\n<p class=\"has-text-align-center\" id=\"BoHjemme2\">\u058e\u058e\u058e<\/p>\n\n\n\n<p><strong><em>Vv 9: Medisinlevering.<\/em><\/strong> Bloggeren var litt skeptisk til sin nye medisinleverand\u00f8r <em>BoHjemme<\/em> <a href=\"https:\/\/oma.skoletjenesten.no\/?p=1733\/#BoHjemme\" data-type=\"link\" data-id=\"https:\/\/oma.skoletjenesten.no\/?p=1733\/#BoHjemme\" target=\"_blank\" rel=\"noreferrer noopener\">for et par uker siden<\/a>. Skepsisen har ikke blitt mindre denne uken, og en <a href=\"http:\/\/oma.skoletjenesten.no\/wp-content\/uploads\/2025\/04\/80_BoHjemme.pdf\" data-type=\"link\" data-id=\"http:\/\/oma.skoletjenesten.no\/wp-content\/uploads\/2025\/04\/80_BoHjemme.pdf\" target=\"_blank\" rel=\"noreferrer noopener\">melding er sendt<\/a> via <em>BoHjemme<\/em>s nettsider (firmaet kan ikke kontaktes pr. e-post).<\/p>\n\n\n\n<p><a href=\"mailto:ttt@skoletjenesten.no?cc=&amp;bcc=&amp;subject=Vv%209\/16&amp;amptarget=\"><em>Kommenter denne notisen<\/em><\/a><\/p>\n\n\n\n<div style=\"height:100px\" aria-hidden=\"true\" class=\"wp-block-spacer\"><\/div>\n\n\n\n<hr class=\"wp-block-separator has-alpha-channel-opacity\"\/>\n\n\n\n<p class=\"has-text-align-center\"><em><a href=\"https:\/\/oma.skoletjenesten.no\/?p=1827\">Til innholdsliste for denne utgaven<\/a><\/em><\/p>\n\n\n\n<p><\/p>\n","protected":false},"excerpt":{"rendered":"<p>Denne spalten het tidligere Alternative fakta, som fortsatt er kategori-betegnelsen. I Alternative fakta l\u00e5 vekten ofte mer p\u00e5 det alternative enn p\u00e5 fakta. Her i Virtuell virkelighet kan vekten&nbsp; ligge mer p\u00e5 det virtuelle enn p\u00e5 virkeligheten. Navneskiftet ble forklart i siste utgave av Alternative fakta 15. januar 2021. Vv 1: P\u00e5skekr\u00f8ll. P\u00e5sken lager kr\u00f8ll&hellip; <a class=\"more-link\" href=\"https:\/\/oma.skoletjenesten.no\/?p=1843\">Fortsett \u00e5 lese <span class=\"screen-reader-text\">Virtuell virkelighet 16\/25<\/span><\/a><\/p>\n","protected":false},"author":1,"featured_media":0,"comment_status":"open","ping_status":"open","sticky":false,"template":"","format":"standard","meta":{"footnotes":""},"categories":[11],"tags":[],"class_list":["post-1843","post","type-post","status-publish","format-standard","hentry","category-alternative-fakta","entry"],"_links":{"self":[{"href":"https:\/\/oma.skoletjenesten.no\/index.php?rest_route=\/wp\/v2\/posts\/1843","targetHints":{"allow":["GET"]}}],"collection":[{"href":"https:\/\/oma.skoletjenesten.no\/index.php?rest_route=\/wp\/v2\/posts"}],"about":[{"href":"https:\/\/oma.skoletjenesten.no\/index.php?rest_route=\/wp\/v2\/types\/post"}],"author":[{"embeddable":true,"href":"https:\/\/oma.skoletjenesten.no\/index.php?rest_route=\/wp\/v2\/users\/1"}],"replies":[{"embeddable":true,"href":"https:\/\/oma.skoletjenesten.no\/index.php?rest_route=%2Fwp%2Fv2%2Fcomments&post=1843"}],"version-history":[{"count":6,"href":"https:\/\/oma.skoletjenesten.no\/index.php?rest_route=\/wp\/v2\/posts\/1843\/revisions"}],"predecessor-version":[{"id":2385,"href":"https:\/\/oma.skoletjenesten.no\/index.php?rest_route=\/wp\/v2\/posts\/1843\/revisions\/2385"}],"wp:attachment":[{"href":"https:\/\/oma.skoletjenesten.no\/index.php?rest_route=%2Fwp%2Fv2%2Fmedia&parent=1843"}],"wp:term":[{"taxonomy":"category","embeddable":true,"href":"https:\/\/oma.skoletjenesten.no\/index.php?rest_route=%2Fwp%2Fv2%2Fcategories&post=1843"},{"taxonomy":"post_tag","embeddable":true,"href":"https:\/\/oma.skoletjenesten.no\/index.php?rest_route=%2Fwp%2Fv2%2Ftags&post=1843"}],"curies":[{"name":"wp","href":"https:\/\/api.w.org\/{rel}","templated":true}]}}