{"id":1835,"date":"2025-04-18T10:01:54","date_gmt":"2025-04-18T10:01:54","guid":{"rendered":"https:\/\/oma.skoletjenesten.no\/?p=1835"},"modified":"2025-04-19T23:24:42","modified_gmt":"2025-04-19T23:24:42","slug":"skjebnetro","status":"publish","type":"post","link":"https:\/\/oma.skoletjenesten.no\/?p=1835","title":{"rendered":"Skjebnetro"},"content":{"rendered":"\n<figure class=\"wp-block-video alignright\"><video height=\"712\" style=\"aspect-ratio: 954 \/ 712;\" width=\"954\" controls src=\"https:\/\/oma.skoletjenesten.no\/wp-content\/uploads\/2025\/04\/CHRISTIANIA-Forlis_1979-0909_NRK-Dagsrevyen.mp4\"><\/video><figcaption class=\"wp-element-caption\">NRK Dagsrevyen 9, september 1997.<br>Se ogs\u00e5 <a href=\"https:\/\/www.seilmagasinet.no\/johan-petersen-redningsskoyte\/hentet-opp-fra-500-meters-dyp\/488104\" data-type=\"link\" data-id=\"https:\/\/www.seilmagasinet.no\/johan-petersen-redningsskoyte\/hentet-opp-fra-500-meters-dyp\/488104\" target=\"_blank\" rel=\"noreferrer noopener\">hva som hendte senere<\/a>.<\/figcaption><\/figure>\n\n\n\n<p>Reportasjen om redningssk\u00f8yta CHRISTTANIAs forlis 9. september 1997 er fortsatt tilgjengelig p\u00e5 NRKs nettsider. Men det jeg husker fra nyhetssendingene om dette, er intervjuet med Carl Emil Petersen. Han hadde tidligere mistet redningssk\u00f8yta RUND\u00d8, som ble skrudd ned av isen ved Gr\u00f8nland. CHRISTIANIA var kj\u00f8pt i noks\u00e5 d\u00e5rlig tilstand, men ble restaurert da Petersen overtok henne. N\u00e5 hadde han l\u00e5nt sk\u00f8yta til sin s\u00f8nn, som skulle seile henne til London. P\u00e5 sp\u00f8rsm\u00e5l om hvordan forliset gikk inn p\u00e5 ham, svarte han: \u00abNei \u2026 jeg er fatalist, jeg\u2026\u00bb<\/p>\n\n\n\n<figure class=\"wp-block-embed alignright is-type-video is-provider-youtube wp-block-embed-youtube wp-embed-aspect-4-3 wp-has-aspect-ratio\"><div class=\"wp-block-embed__wrapper\">\n<iframe loading=\"lazy\" title=\"Villemann Og Magnhild\" width=\"750\" height=\"563\" src=\"https:\/\/www.youtube.com\/embed\/SqOBdyCB-DE?feature=oembed\" frameborder=\"0\" allow=\"accelerometer; autoplay; clipboard-write; encrypted-media; gyroscope; picture-in-picture; web-share\" referrerpolicy=\"strict-origin-when-cross-origin\" allowfullscreen><\/iframe>\n<\/div><figcaption class=\"wp-element-caption\">Arve Moen Bergset fremf\u00f8rer <em>Villemann og Magnill<\/em><\/figcaption><\/figure>\n\n\n\n<p>Fatalisme har en noks\u00e5 klar <a href=\"https:\/\/snl.no\/fatalisme\" data-type=\"link\" data-id=\"https:\/\/snl.no\/fatalisme\" target=\"_blank\" rel=\"noreferrer noopener\">definisjon i leksikon<\/a>, og selv har jeg holdt meg til den tolkningen inntil nylig. N\u00e5 tror jeg begrepet kan dekke to forhold, karakterisert med sitater fra to noks\u00e5 ulike \u00abviser\u00bb. \u00abDet kan ingen sin folloga fly\u00bb lyder en linje i folkevisen <em><a href=\"http:\/\/oma.skoletjenesten.no\/wp-content\/uploads\/2025\/04\/Folkevise%20%E2%80%93%20Villemann%20og%20Magnhild.pdf\" data-type=\"link\" data-id=\"http:\/\/oma.skoletjenesten.no\/wp-content\/uploads\/2025\/04\/Folkevise%20%E2%80%93%20Villemann%20og%20Magnhild.pdf\" target=\"_blank\" rel=\"noreferrer noopener\">Villemann og Magnill<\/a><\/em> fra 1200-tallet. Det betyr at alt er forutbestemt, og at man ikke kan flykte fra sin skjebne (folloga).<\/p>\n\n\n\n<p>\u00abDet som skjer, det skjer\u00bb er den norske tittelen p\u00e5 Doris Day-slageren <em>Que sera sera<\/em>. Det kan virke som en variant av linjen i <em>Villemann og Magnill<\/em>, men hos Doris Day er ingenting forutbestemt. Man f\u00e5r gj\u00f8re opp bestikk, fastsl\u00e5 posisjonen og g\u00e5 videre derfra. \u00abEnhver er sin egen lykkes smed\u00bb er ellers et ordtak som p\u00e5st\u00e5r det motsatte av verselinjen i <em>Villemann og Magnill<\/em>.<\/p>\n\n\n\n<p>N\u00e5r jeg foretrekker den siste tolkningen av fatalisme, er det bl. a. fordi den inneb\u00e6rer et innslag av egen innsats. Jeg slutter med <em>Det som skjer, det skjer<\/em> med Nora Brockstedt (de som foretrekker engelsk-fransk tittel f\u00e5r velge den nedenfor).<\/p>\n\n\n\n<div class=\"wp-block-columns is-layout-flex wp-container-core-columns-is-layout-9d6595d7 wp-block-columns-is-layout-flex\">\n<div class=\"wp-block-column is-layout-flow wp-block-column-is-layout-flow\">\n<figure class=\"wp-block-embed is-type-video is-provider-youtube wp-block-embed-youtube wp-embed-aspect-4-3 wp-has-aspect-ratio\"><div class=\"wp-block-embed__wrapper\">\n<iframe loading=\"lazy\" title=\"Det Som Skjer, Det Skjer (Whatever Will Be, Will Be\/Que Sera, Sera)\" width=\"750\" height=\"563\" src=\"https:\/\/www.youtube.com\/embed\/mR4anAchvak?feature=oembed\" frameborder=\"0\" allow=\"accelerometer; autoplay; clipboard-write; encrypted-media; gyroscope; picture-in-picture; web-share\" referrerpolicy=\"strict-origin-when-cross-origin\" allowfullscreen><\/iframe>\n<\/div><\/figure>\n<\/div>\n\n\n\n<div class=\"wp-block-column is-layout-flow wp-block-column-is-layout-flow\">\n<p><a href=\" https:\/\/www.youtube.com\/watch?v=xZbKHDPPrrc \u2013 https:\/\/www.youtube.com\/watch?v=mR4anAchvak\"> <\/a><\/p>\n\n\n\n<p><br><strong><a href=\"https:\/\/www.youtube.com\/watch?v=xZbKHDPPrrc \u2013 https:\/\/www.youtube.com\/watch?v=mR4anAchvak\" target=\"_blank\" rel=\"noreferrer noopener\">Doris Day &#8211; Que Sera Sera<\/a><\/strong><\/p>\n<\/div>\n<\/div>\n\n\n\n<div class=\"wp-block-columns is-layout-flex wp-container-core-columns-is-layout-9d6595d7 wp-block-columns-is-layout-flex\">\n<div class=\"wp-block-column is-layout-flow wp-block-column-is-layout-flow\"><\/div>\n\n\n\n<div class=\"wp-block-column is-layout-flow wp-block-column-is-layout-flow\"><\/div>\n<\/div>\n\n\n\n<hr class=\"wp-block-separator has-alpha-channel-opacity\"\/>\n\n\n\n<p class=\"has-text-align-center\"><em><a href=\"https:\/\/oma.skoletjenesten.no\/?p=1827\">Til innholdsliste for denne utgaven<\/a><\/em><\/p>\n","protected":false},"excerpt":{"rendered":"<p>Reportasjen om redningssk\u00f8yta CHRISTTANIAs forlis 9. september 1997 er fortsatt tilgjengelig p\u00e5 NRKs nettsider. Men det jeg husker fra nyhetssendingene om dette, er intervjuet med Carl Emil Petersen. Han hadde tidligere mistet redningssk\u00f8yta RUND\u00d8, som ble skrudd ned av isen ved Gr\u00f8nland. CHRISTIANIA var kj\u00f8pt i noks\u00e5 d\u00e5rlig tilstand, men ble restaurert da Petersen overtok&hellip; <a class=\"more-link\" href=\"https:\/\/oma.skoletjenesten.no\/?p=1835\">Fortsett \u00e5 lese <span class=\"screen-reader-text\">Skjebnetro<\/span><\/a><\/p>\n","protected":false},"author":1,"featured_media":0,"comment_status":"open","ping_status":"open","sticky":false,"template":"","format":"standard","meta":{"footnotes":""},"categories":[1],"tags":[],"class_list":["post-1835","post","type-post","status-publish","format-standard","hentry","category-uncategorized","entry"],"_links":{"self":[{"href":"https:\/\/oma.skoletjenesten.no\/index.php?rest_route=\/wp\/v2\/posts\/1835","targetHints":{"allow":["GET"]}}],"collection":[{"href":"https:\/\/oma.skoletjenesten.no\/index.php?rest_route=\/wp\/v2\/posts"}],"about":[{"href":"https:\/\/oma.skoletjenesten.no\/index.php?rest_route=\/wp\/v2\/types\/post"}],"author":[{"embeddable":true,"href":"https:\/\/oma.skoletjenesten.no\/index.php?rest_route=\/wp\/v2\/users\/1"}],"replies":[{"embeddable":true,"href":"https:\/\/oma.skoletjenesten.no\/index.php?rest_route=%2Fwp%2Fv2%2Fcomments&post=1835"}],"version-history":[{"count":11,"href":"https:\/\/oma.skoletjenesten.no\/index.php?rest_route=\/wp\/v2\/posts\/1835\/revisions"}],"predecessor-version":[{"id":1876,"href":"https:\/\/oma.skoletjenesten.no\/index.php?rest_route=\/wp\/v2\/posts\/1835\/revisions\/1876"}],"wp:attachment":[{"href":"https:\/\/oma.skoletjenesten.no\/index.php?rest_route=%2Fwp%2Fv2%2Fmedia&parent=1835"}],"wp:term":[{"taxonomy":"category","embeddable":true,"href":"https:\/\/oma.skoletjenesten.no\/index.php?rest_route=%2Fwp%2Fv2%2Fcategories&post=1835"},{"taxonomy":"post_tag","embeddable":true,"href":"https:\/\/oma.skoletjenesten.no\/index.php?rest_route=%2Fwp%2Fv2%2Ftags&post=1835"}],"curies":[{"name":"wp","href":"https:\/\/api.w.org\/{rel}","templated":true}]}}