{"id":1830,"date":"2025-04-18T10:03:19","date_gmt":"2025-04-18T10:03:19","guid":{"rendered":"https:\/\/oma.skoletjenesten.no\/?p=1830"},"modified":"2025-04-19T23:24:25","modified_gmt":"2025-04-19T23:24:25","slug":"tenkelenker-pa-langfredag","status":"publish","type":"post","link":"https:\/\/oma.skoletjenesten.no\/?p=1830","title":{"rendered":"Tenkelenker p\u00e5 langfredag"},"content":{"rendered":"\n<p>I likhet med (de andre) n\u00f8detatene, opprettholder bloggen ogs\u00e5 i \u00e5r sin virksomhet p\u00e5 langfredag.<\/p>\n\n\n\n<p>NRKs <a href=\"https:\/\/no.wikipedia.org\/wiki\/Verdib\u00f8rsen\" data-type=\"link\" data-id=\"https:\/\/no.wikipedia.org\/wiki\/Verdib\u00f8rsen\" target=\"_blank\" rel=\"noreferrer noopener\">Verdib\u00f8rsen<\/a> er et program som har overlevd siden radiokanalen var lisensfinansiert. I serien <em>Ex. Phil med Ole Martin<\/em> var man sist l\u00f8rdag \u2013 og passende rett f\u00f8r p\u00e5ske \u2013 kommet frem til <em><a href=\"https:\/\/radio.nrk.no\/podkast\/verdiboersen\/l_3a032136-ee69-4067-8321-36ee6960675d\" data-type=\"link\" data-id=\"https:\/\/radio.nrk.no\/podkast\/verdiboersen\/l_3a032136-ee69-4067-8321-36ee6960675d\" target=\"_blank\" rel=\"noreferrer noopener\">del 7: Jesus som filosof<\/a><\/em>. Lenke til de foreg\u00e5ende seks delene st\u00e5r nedenfor. Kanskje kommer en ny del allerede i morgen?<\/p>\n\n\n\n<p><a href=\"https:\/\/radio.nrk.no\/podkast\/verdiboersen\/l_cfeb2cbe-3859-4ae8-ab2c-be3859fae8d6\" data-type=\"link\" data-id=\"https:\/\/radio.nrk.no\/podkast\/verdiboersen\/l_cfeb2cbe-3859-4ae8-ab2c-be3859fae8d6\" target=\"_blank\" rel=\"noreferrer noopener\">1: Element\u00e6rt-filosofiens start<\/a><br><\/p>\n\n\n\n<p><a href=\"https:\/\/radio.nrk.no\/podkast\/verdiboersen\/l_36b97af9-517a-4a3c-b97a-f9517aca3c80\" data-type=\"link\" data-id=\"https:\/\/radio.nrk.no\/podkast\/verdiboersen\/l_36b97af9-517a-4a3c-b97a-f9517aca3c80\" target=\"_blank\" rel=\"noreferrer noopener\">2: Det gode &#8211; Sokrates og Platon<\/a><br><\/p>\n\n\n\n<p><a href=\"https:\/\/radio.nrk.no\/podkast\/verdiboersen\/l_7a4fe7de-ce1e-442c-8fe7-dece1e942c43\" data-type=\"link\" data-id=\"https:\/\/radio.nrk.no\/podkast\/verdiboersen\/l_7a4fe7de-ce1e-442c-8fe7-dece1e942c43\" target=\"_blank\" rel=\"noreferrer noopener\">3: \u00c5 tenke logisk &#8211; Aristoteles<\/a><br><\/p>\n\n\n\n<p><a href=\"https:\/\/radio.nrk.no\/podkast\/verdiboersen\/l_7855a53a-aca9-457d-95a5-3aaca9f57dfa\" data-type=\"link\" data-id=\"https:\/\/radio.nrk.no\/podkast\/verdiboersen\/l_7855a53a-aca9-457d-95a5-3aaca9f57dfa\" target=\"_blank\" rel=\"noreferrer noopener\">4: Smerte og nytelse &#8211; Epikur<\/a><br><\/p>\n\n\n\n<p><a href=\"https:\/\/radio.nrk.no\/podkast\/verdiboersen\/l_135dc8e2-a723-47bd-9dc8-e2a72377bd9a\" data-type=\"link\" data-id=\"https:\/\/radio.nrk.no\/podkast\/verdiboersen\/l_135dc8e2-a723-47bd-9dc8-e2a72377bd9a\" target=\"_blank\" rel=\"noreferrer noopener\">5: Mann deg opp! &#8211; Stoikerne<\/a><br><\/p>\n\n\n\n<p><a href=\"https:\/\/radio.nrk.no\/podkast\/verdiboersen\/l_e98e0c1c-9156-4cc4-8e0c-1c9156fcc4fb\" data-type=\"link\" data-id=\"https:\/\/radio.nrk.no\/podkast\/verdiboersen\/l_e98e0c1c-9156-4cc4-8e0c-1c9156fcc4fb\" target=\"_blank\" rel=\"noreferrer noopener\">6: Alltid tvil &#8211; Skeptikerne<\/a><\/p>\n\n\n\n<div style=\"height:100px\" aria-hidden=\"true\" class=\"wp-block-spacer\"><\/div>\n\n\n\n<hr class=\"wp-block-separator has-alpha-channel-opacity\"\/>\n\n\n\n<p class=\"has-text-align-center\"><em><a href=\"https:\/\/oma.skoletjenesten.no\/?p=1827\">Til innholdsliste for denne utgaven<\/a><\/em><\/p>\n","protected":false},"excerpt":{"rendered":"<p>I likhet med (de andre) n\u00f8detatene, opprettholder bloggen ogs\u00e5 i \u00e5r sin virksomhet p\u00e5 langfredag. NRKs Verdib\u00f8rsen er et program som har overlevd siden radiokanalen var lisensfinansiert. I serien Ex. Phil med Ole Martin var man sist l\u00f8rdag \u2013 og passende rett f\u00f8r p\u00e5ske \u2013 kommet frem til del 7: Jesus som filosof. Lenke til&hellip; <a class=\"more-link\" href=\"https:\/\/oma.skoletjenesten.no\/?p=1830\">Fortsett \u00e5 lese <span class=\"screen-reader-text\">Tenkelenker p\u00e5 langfredag<\/span><\/a><\/p>\n","protected":false},"author":1,"featured_media":0,"comment_status":"open","ping_status":"open","sticky":false,"template":"","format":"standard","meta":{"footnotes":""},"categories":[10],"tags":[],"class_list":["post-1830","post","type-post","status-publish","format-standard","hentry","category-dagen-i-dag","entry"],"_links":{"self":[{"href":"https:\/\/oma.skoletjenesten.no\/index.php?rest_route=\/wp\/v2\/posts\/1830","targetHints":{"allow":["GET"]}}],"collection":[{"href":"https:\/\/oma.skoletjenesten.no\/index.php?rest_route=\/wp\/v2\/posts"}],"about":[{"href":"https:\/\/oma.skoletjenesten.no\/index.php?rest_route=\/wp\/v2\/types\/post"}],"author":[{"embeddable":true,"href":"https:\/\/oma.skoletjenesten.no\/index.php?rest_route=\/wp\/v2\/users\/1"}],"replies":[{"embeddable":true,"href":"https:\/\/oma.skoletjenesten.no\/index.php?rest_route=%2Fwp%2Fv2%2Fcomments&post=1830"}],"version-history":[{"count":6,"href":"https:\/\/oma.skoletjenesten.no\/index.php?rest_route=\/wp\/v2\/posts\/1830\/revisions"}],"predecessor-version":[{"id":1875,"href":"https:\/\/oma.skoletjenesten.no\/index.php?rest_route=\/wp\/v2\/posts\/1830\/revisions\/1875"}],"wp:attachment":[{"href":"https:\/\/oma.skoletjenesten.no\/index.php?rest_route=%2Fwp%2Fv2%2Fmedia&parent=1830"}],"wp:term":[{"taxonomy":"category","embeddable":true,"href":"https:\/\/oma.skoletjenesten.no\/index.php?rest_route=%2Fwp%2Fv2%2Fcategories&post=1830"},{"taxonomy":"post_tag","embeddable":true,"href":"https:\/\/oma.skoletjenesten.no\/index.php?rest_route=%2Fwp%2Fv2%2Ftags&post=1830"}],"curies":[{"name":"wp","href":"https:\/\/api.w.org\/{rel}","templated":true}]}}