{"id":1784,"date":"2025-04-11T10:00:01","date_gmt":"2025-04-11T10:00:01","guid":{"rendered":"https:\/\/oma.skoletjenesten.no\/?p=1784"},"modified":"2025-04-11T14:47:06","modified_gmt":"2025-04-11T14:47:06","slug":"virtuell-virkelighet-15-25","status":"publish","type":"post","link":"https:\/\/oma.skoletjenesten.no\/?p=1784","title":{"rendered":"Virtuell virkelighet 15\/25"},"content":{"rendered":"\n<p><small>Denne spalten het tidligere <em>Alternative fakta<\/em>, som fortsatt er kategori-betegnelsen. I<em> Alternative fakta<\/em> l\u00e5 vekten ofte mer p\u00e5 det alternative enn p\u00e5 fakta. Her i <em>Virtuell virkelighet<\/em> kan vekten&nbsp; ligge mer p\u00e5 det virtuelle enn p\u00e5 virkeligheten.<\/small><\/p>\n\n\n\n<p><small>Navneskiftet ble forklart i <a href=\"http:\/\/ttt.skoletjenesten.no\/alternative-fakta-3-21\/\" target=\"_blank\" rel=\"noreferrer noopener\">siste utgave av Alternative fakta 15. januar 2021<\/a>.<\/small><\/p>\n\n\n\n<hr class=\"wp-block-separator has-alpha-channel-opacity\"\/>\n\n\n<div class=\"wp-block-image is-style-twentytwentyone-border\">\n<figure class=\"alignright size-full\"><a href=\"http:\/\/oma.skoletjenesten.no\/wp-content\/uploads\/2025\/04\/10_Paaskeforside_Aftenposten-11.-april-1925-1.pdf\" target=\"_blank\" rel=\" noreferrer noopener\"><img loading=\"lazy\" decoding=\"async\" width=\"560\" height=\"702\" src=\"https:\/\/oma.skoletjenesten.no\/wp-content\/uploads\/2025\/04\/10_Paaskeforside_Aftenposten20april1925.pdf.png\" alt=\"\" class=\"wp-image-1803\" srcset=\"https:\/\/oma.skoletjenesten.no\/wp-content\/uploads\/2025\/04\/10_Paaskeforside_Aftenposten20april1925.pdf.png 560w, https:\/\/oma.skoletjenesten.no\/wp-content\/uploads\/2025\/04\/10_Paaskeforside_Aftenposten20april1925.pdf-239x300.png 239w\" sizes=\"auto, (max-width: 560px) 100vw, 560px\" \/><\/a><\/figure>\n<\/div>\n\n\n<p><strong><em>Vv 1: P\u00e5skepreken.<\/em><\/strong> Bloggeren har ingen tradisjon for p\u00e5skefeiring. Men noen av bloggens lesere har kanskje det. Og selv om det er mer enn en uke til 1. p\u00e5skedag (og p\u00e5sken kan jo ikke begynne <em>f\u00f8r<\/em> f\u00f8rste p\u00e5skedag) bringes allerede i denne utgaven en p\u00e5skepreken av garnisonsprest Kjeld Stub. Den dekket det  meste av Aftenpostens f\u00f8rsteside p\u00e5 p\u00e5skeaften for hundre \u00e5r siden.<\/p>\n\n\n\n<p><a href=\"mailto:ttt@skoletjenesten.no?cc=&amp;bcc=&amp;subject=Vv%201\/15&amp;amptarget=\"><em>Kommenter denne notisen<\/em><\/a><\/p>\n\n\n\n<p class=\"has-text-align-center\">\u058e\u058e\u058e<\/p>\n\n\n\n<p><strong><em>Vv 2: BL\u00dcCHER.<\/em><\/strong> Onsdag denne uken var det 85 \u00e5r siden den tyske krysseren BL\u00dcCHER sank ved Askholmene nord for Dr\u00f8baksundet etter \u00e5 ha blitt truffet av skudd og torpedoer fra Oscarsborg festning. Sjefen p\u00e5 Oscarsborg, oberst Birger Eriksen, tok avgj\u00f8relsene som f\u00f8rte til BL\u00dcCHERs undergang. Men dessuten var skipets navn et brudd p\u00e5 gammel sj\u00f8mannskikk, som sier at det betyr ulykke \u00e5 gi et skip navn etter et annet skip som har forlist eller brent. Den f\u00f8rste BL\u00dcCHER ble senket i <a href=\"https:\/\/no.wikipedia.org\/wiki\/Slaget_ved_Doggerbank_(1915)\" data-type=\"link\" data-id=\"https:\/\/no.wikipedia.org\/wiki\/Slaget_ved_Doggerbank_(1915)\" target=\"_blank\" rel=\"noreferrer noopener\">slaget ved Doggerbank i 1915<\/a>.<\/p>\n\n\n\n<p><a href=\"mailto:ttt@skoletjenesten.no?cc=&amp;bcc=&amp;subject=Vv%202\/15&amp;amptarget=\"><em>Kommenter denne notisen<\/em><\/a><\/p>\n\n\n\n<p class=\"has-text-align-center\">\u058e\u058e\u058e<\/p>\n\n\n\n<figure class=\"wp-block-video alignright\"><video height=\"750\" style=\"aspect-ratio: 1336 \/ 750;\" width=\"1336\" controls src=\"https:\/\/oma.skoletjenesten.no\/wp-content\/uploads\/2025\/04\/30_Ventetidsloeft-e.mp4\"><\/video><figcaption class=\"wp-element-caption\">Fra NRK Dagsrevyen 9. april 2025.<br><a href=\"https:\/\/tv.nrk.no\/serie\/dagsrevyen\/sesong\/202504\/episode\/NNFA19040925\/#t=1m00s\" data-type=\"link\" data-id=\"https:\/\/tv.nrk.no\/serie\/dagsrevyen\/sesong\/202504\/episode\/NNFA19040925\/#t=1m00s\" target=\"_blank\" rel=\"noreferrer noopener\">Se hele innslaget<\/a><\/figcaption><\/figure>\n\n\n\n<p><strong>Vv 3: L\u00f8ft(e)<\/strong> Kunnskapsl\u00f8ftet ble vedtatt av Stortinget da Kristin Clemet var utdannings- og forskningsminister. Ordet <em>l\u00f8ftet<\/em> har en snedig dobbeltbetydning (bestemt form av <em>l\u00f8ft<\/em> eller <em>l\u00f8fte<\/em>) som fungerer godt i sammensetning med <em>kunnskap<\/em>, mindre godt i sammensetning med <em>ventetid<\/em>. Nyhetssendingen <em>Dagsrevyen<\/em> i den skattefinansierte fjernsynskanalen NRK er i villrede om hvilket ord som ligger til grunn for <em>ventetidsl\u00f8ftet<\/em>. Betyr ordet at ventetiden skal l\u00f8ftes(=\u00f8kes)?<\/p>\n\n\n\n<p><a href=\"mailto:ttt@skoletjenesten.no?cc=&amp;bcc=&amp;subject=Vv%203\/15&amp;amptarget=\"><em>Kommenter denne notisen<\/em><\/a><\/p>\n\n\n\n<p class=\"has-text-align-center\">\u058e\u058e\u058e<\/p>\n\n\n\n<p><strong><em>Vv 4: Navn.<\/em><\/strong> Den tiltalte i rettssaken som p\u00e5g\u00e5r med stor pressedekning i Sandnes, heter Inge<em>brit<\/em>sen. Dette if\u00f8lge den skattefinansierte radiokanalen NRK, som sendte innslaget nedenfor  gjentatte ganger onsdag formiddag.<\/p>\n\n\n\n<figure class=\"wp-block-audio\"><audio controls src=\"https:\/\/oma.skoletjenesten.no\/wp-content\/uploads\/2025\/04\/40_IngebriTsen-Uttale_250407_NRK-AlltidNyheter_ChetanRasogi.mp3\"><\/audio><figcaption class=\"wp-element-caption\">NRK Alltid Nyheter 9, april 2025, Chetan Rastogi.<\/figcaption><\/figure>\n\n\n\n<p><a href=\"mailto:ttt@skoletjenesten.no?cc=&amp;bcc=&amp;subject=Vv%204\/15&amp;amptarget=\"><em>Kommenter denne notisen<\/em><\/a><\/p>\n\n\n\n<p class=\"has-text-align-center\">\u058e\u058e\u058e<\/p>\n\n\n\n<p><strong><em>Vv 5: Finansspr\u00e5k.<\/em><\/strong> I forbindelse med president Donalds fors\u00f8k p\u00e5 \u00e5 \u00f8delegge verdens\u00f8konomien, sendte den skattefinansierte radiokanalen NRK et intervju med aksjemegleren Jan Petter Sissener. Bloggeren merket seg finansspr\u00e5k-uttrykk som kanskje vil g\u00e5 inn i dagligtalen: Volatil, adressere (et problem), multiple (priser).<\/p>\n\n\n\n<figure class=\"wp-block-audio\"><audio controls src=\"https:\/\/oma.skoletjenesten.no\/wp-content\/uploads\/2025\/04\/50_Oekonomispraak_OK_250407_NRK-AlltidNyheter_JanPetterSissener.mp3\"><\/audio><figcaption class=\"wp-element-caption\">NRK Alltid Nyheter 7, april 2025.<\/figcaption><\/figure>\n\n\n\n<p><a href=\"mailto:ttt@skoletjenesten.no?cc=&amp;bcc=&amp;subject=Vv%205\/15&amp;amptarget=\"><em>Kommenter denne notisen<\/em><\/a><\/p>\n\n\n\n<p class=\"has-text-align-center\">\u058e\u058e\u058e<\/p>\n\n\n<div class=\"wp-block-image is-style-twentytwentyone-border\">\n<figure class=\"alignright size-full\"><img loading=\"lazy\" decoding=\"async\" width=\"638\" height=\"380\" src=\"https:\/\/oma.skoletjenesten.no\/wp-content\/uploads\/2025\/04\/60_Opera-Bilde_OK_2025-04-09_212126_play.tv2_.no_.jpg\" alt=\"\" class=\"wp-image-1804\" srcset=\"https:\/\/oma.skoletjenesten.no\/wp-content\/uploads\/2025\/04\/60_Opera-Bilde_OK_2025-04-09_212126_play.tv2_.no_.jpg 638w, https:\/\/oma.skoletjenesten.no\/wp-content\/uploads\/2025\/04\/60_Opera-Bilde_OK_2025-04-09_212126_play.tv2_.no_-300x179.jpg 300w\" sizes=\"auto, (max-width: 638px) 100vw, 638px\" \/><figcaption class=\"wp-element-caption\">TV2, 21-nyhetene 9. april 2025. <\/figcaption><\/figure>\n<\/div>\n\n\n<p><strong><em>Vv 6: TV-bilde.<\/em><\/strong> Den reklamefinansierte fjernsynskanalen TV2 brukte Olav Chen som kommentator til b\u00f8rs-volatiliteten. Bildesammenstillingen i intervjuet var kanskje litt ukurant. Men TV2 ville kanskje antyde at noen kan f\u00e5 lang nese?<\/p>\n\n\n\n<p><a href=\"mailto:ttt@skoletjenesten.no?cc=&amp;bcc=&amp;subject=Vv%206\/15&amp;amptarget=\"><em>Kommenter denne notisen<\/em><\/a><\/p>\n\n\n\n<p class=\"has-text-align-center\">\u058e\u058e\u058e<\/p>\n\n\n\n<p><strong><em>Vv 7: Plasseringsr\u00e5d.<\/em><\/strong> N\u00e5r det gjelder pengeplassering, skal man lytte til erfaring. Bloggeren kan anbefale et klipp fra Hasse Alfredsons sketsj <em>Gammal man g\u00f6r s\u00e5 gott han kan<\/em>.<\/p>\n\n\n\n<figure class=\"wp-block-audio\"><audio controls src=\"https:\/\/oma.skoletjenesten.no\/wp-content\/uploads\/2025\/04\/65_Gamle-folks-penger_-HasseAlfredson.mp3\"><\/audio><figcaption class=\"wp-element-caption\">Hasse Alfredson som \u00ab<em>Gammal man<\/em>\u00bb. <a href=\"https:\/\/ttt.skoletjenesten.no\/gammal-man-gor-sa-gott-han-kan\/#gammal-man\" data-type=\"link\" data-id=\"https:\/\/ttt.skoletjenesten.no\/gammal-man-gor-sa-gott-han-kan\/#gammal-man\" target=\"_blank\" rel=\"noreferrer noopener\">Se hele sketsjen<\/a>.<\/figcaption><\/figure>\n\n\n\n<p><a href=\"mailto:ttt@skoletjenesten.no?cc=&amp;bcc=&amp;subject=Vv%207\/15&amp;amptarget=\"><em>Kommenter denne notisen<\/em><\/a><\/p>\n\n\n\n<p class=\"has-text-align-center\">\u058e\u058e\u058e<\/p>\n\n\n<div class=\"wp-block-image is-style-twentytwentyone-border\">\n<figure class=\"alignright size-full\"><a href=\"http:\/\/oma.skoletjenesten.no\/wp-content\/uploads\/2025\/03\/70_Runer-og-raenker---Hje%2C%2Ce_Aftenposten%2011.%20april%201925.pdf\" target=\"_blank\" rel=\" noreferrer noopener\"><img loading=\"lazy\" decoding=\"async\" width=\"568\" height=\"695\" src=\"https:\/\/oma.skoletjenesten.no\/wp-content\/uploads\/2025\/04\/70_Runer-og-raenkere_Aftenposten20april201925.pdf.png\" alt=\"\" class=\"wp-image-1805\" srcset=\"https:\/\/oma.skoletjenesten.no\/wp-content\/uploads\/2025\/04\/70_Runer-og-raenkere_Aftenposten20april201925.pdf.png 568w, https:\/\/oma.skoletjenesten.no\/wp-content\/uploads\/2025\/04\/70_Runer-og-raenkere_Aftenposten20april201925.pdf-245x300.png 245w\" sizes=\"auto, (max-width: 568px) 100vw, 568px\" \/><\/a><figcaption class=\"wp-element-caption\">Aftenposten 11. april 1925. Klikk for \u00e5 lese.<\/figcaption><\/figure>\n<\/div>\n\n\n<p><strong><em>Vv 8: N\u00f8tter.<\/em><\/strong> P\u00e5 lange fridager i den stille uken (kommende uke) kan det bli behov for hjernetrim. Aftenpostens <em>Runer og r\u00e6nker<\/em> fra p\u00e5skeaften 1925 har ikke g\u00e5tt ut p\u00e5 dato. Ellers hadde det ikke v\u00e6rt av veien med en god, gammeldags, <em>severdig<\/em> p\u00e5skekrim (se ogs\u00e5 innlegget <em><a href=\"https:\/\/oma.skoletjenesten.no\/?p=1786\" data-type=\"link\" data-id=\"https:\/\/oma.skoletjenesten.no\/?p=1786\" target=\"_blank\" rel=\"noreferrer noopener\">P\u00e5skelektyre<\/a><\/em>).<\/p>\n\n\n\n<p>.<\/p>\n\n\n\n<p><a href=\"mailto:ttt@skoletjenesten.no?cc=&amp;bcc=&amp;subject=Vv%208\/15&amp;amptarget=\"><em>Kommenter denne notisen<\/em><\/a><\/p>\n\n\n\n<p class=\"has-text-align-center\">\u058e\u058e\u058e<\/p>\n\n\n\n<p><strong><em>Vv 9: Luftfart.<\/em><\/strong> Noen av bloggens lesere skal kanskje foreta en flyreise i n\u00e6r fremtid. De kan se filmklippene nedenfor og v\u00e6re forvisset om at flyvertrening tar h\u00f8yde for alle situasjoner.<\/p>\n\n\n\n<figure class=\"wp-block-embed is-type-video is-provider-youtube wp-block-embed-youtube wp-embed-aspect-16-9 wp-has-aspect-ratio\"><div class=\"wp-block-embed__wrapper\">\n<iframe loading=\"lazy\" title=\"65 Unbelievable Aviation Moments Caught on Camera\" width=\"750\" height=\"422\" src=\"https:\/\/www.youtube.com\/embed\/ZuIPf4Z6zcU?feature=oembed\" frameborder=\"0\" allow=\"accelerometer; autoplay; clipboard-write; encrypted-media; gyroscope; picture-in-picture; web-share\" referrerpolicy=\"strict-origin-when-cross-origin\" allowfullscreen><\/iframe>\n<\/div><\/figure>\n\n\n\n<p><a href=\"mailto:ttt@skoletjenesten.no?cc=&amp;bcc=&amp;subject=Vv%209\/15&amp;amptarget=\"><em>Kommenter denne notisen<\/em><\/a><\/p>\n\n\n\n<div style=\"height:100px\" aria-hidden=\"true\" class=\"wp-block-spacer\"><\/div>\n\n\n\n<hr class=\"wp-block-separator has-alpha-channel-opacity\"\/>\n\n\n\n<p class=\"has-text-align-center\"><em><a href=\"https:\/\/oma.skoletjenesten.no\/?p=1771\">Til innholdsliste for denne utgaven<\/a><\/em><\/p>\n","protected":false},"excerpt":{"rendered":"<p>Denne spalten het tidligere Alternative fakta, som fortsatt er kategori-betegnelsen. I Alternative fakta l\u00e5 vekten ofte mer p\u00e5 det alternative enn p\u00e5 fakta. Her i Virtuell virkelighet kan vekten&nbsp; ligge mer p\u00e5 det virtuelle enn p\u00e5 virkeligheten. Navneskiftet ble forklart i siste utgave av Alternative fakta 15. januar 2021. Vv 1: P\u00e5skepreken. Bloggeren har ingen&hellip; <a class=\"more-link\" href=\"https:\/\/oma.skoletjenesten.no\/?p=1784\">Fortsett \u00e5 lese <span class=\"screen-reader-text\">Virtuell virkelighet 15\/25<\/span><\/a><\/p>\n","protected":false},"author":1,"featured_media":0,"comment_status":"open","ping_status":"open","sticky":false,"template":"","format":"standard","meta":{"footnotes":""},"categories":[11],"tags":[],"class_list":["post-1784","post","type-post","status-publish","format-standard","hentry","category-alternative-fakta","entry"],"_links":{"self":[{"href":"https:\/\/oma.skoletjenesten.no\/index.php?rest_route=\/wp\/v2\/posts\/1784","targetHints":{"allow":["GET"]}}],"collection":[{"href":"https:\/\/oma.skoletjenesten.no\/index.php?rest_route=\/wp\/v2\/posts"}],"about":[{"href":"https:\/\/oma.skoletjenesten.no\/index.php?rest_route=\/wp\/v2\/types\/post"}],"author":[{"embeddable":true,"href":"https:\/\/oma.skoletjenesten.no\/index.php?rest_route=\/wp\/v2\/users\/1"}],"replies":[{"embeddable":true,"href":"https:\/\/oma.skoletjenesten.no\/index.php?rest_route=%2Fwp%2Fv2%2Fcomments&post=1784"}],"version-history":[{"count":6,"href":"https:\/\/oma.skoletjenesten.no\/index.php?rest_route=\/wp\/v2\/posts\/1784\/revisions"}],"predecessor-version":[{"id":1819,"href":"https:\/\/oma.skoletjenesten.no\/index.php?rest_route=\/wp\/v2\/posts\/1784\/revisions\/1819"}],"wp:attachment":[{"href":"https:\/\/oma.skoletjenesten.no\/index.php?rest_route=%2Fwp%2Fv2%2Fmedia&parent=1784"}],"wp:term":[{"taxonomy":"category","embeddable":true,"href":"https:\/\/oma.skoletjenesten.no\/index.php?rest_route=%2Fwp%2Fv2%2Fcategories&post=1784"},{"taxonomy":"post_tag","embeddable":true,"href":"https:\/\/oma.skoletjenesten.no\/index.php?rest_route=%2Fwp%2Fv2%2Ftags&post=1784"}],"curies":[{"name":"wp","href":"https:\/\/api.w.org\/{rel}","templated":true}]}}