{"id":1779,"date":"2025-04-11T10:02:38","date_gmt":"2025-04-11T10:02:38","guid":{"rendered":"https:\/\/oma.skoletjenesten.no\/?p=1779"},"modified":"2025-04-11T14:46:44","modified_gmt":"2025-04-11T14:46:44","slug":"lyd-med-kvalitet","status":"publish","type":"post","link":"https:\/\/oma.skoletjenesten.no\/?p=1779","title":{"rendered":"Lyd med \u00abkvalitet\u00bb"},"content":{"rendered":"\n<p>En journalist jeg kjente, og som reiste mye utenlands, fortalte meg i forrige \u00e5rhundre at reportasjer til NRK radio var omtrent umulig fordi den lisensfinansierte radiokanalen satte s\u00e5 strenge krav til lydkvaliteten. Innspilling p\u00e5 kassett var ikke godt nok; det m\u00e5tte v\u00e6re spoleb\u00e5nd.<\/p>\n\n\n<div class=\"wp-block-image is-style-twentytwentyone-border\">\n<figure class=\"alignright size-full\"><img loading=\"lazy\" decoding=\"async\" width=\"695\" height=\"523\" src=\"https:\/\/oma.skoletjenesten.no\/wp-content\/uploads\/2025\/04\/Mikrofon_Shure-SM58-LCE-Dynamisk-mikrofon-til-vokal-1.w695.h523.fill_.webp\" alt=\"\" class=\"wp-image-1782\" srcset=\"https:\/\/oma.skoletjenesten.no\/wp-content\/uploads\/2025\/04\/Mikrofon_Shure-SM58-LCE-Dynamisk-mikrofon-til-vokal-1.w695.h523.fill_.webp 695w, https:\/\/oma.skoletjenesten.no\/wp-content\/uploads\/2025\/04\/Mikrofon_Shure-SM58-LCE-Dynamisk-mikrofon-til-vokal-1.w695.h523.fill_-300x226.webp 300w\" sizes=\"auto, (max-width: 695px) 100vw, 695px\" \/><figcaption class=\"wp-element-caption\">Tips til NRK: Ogs\u00e5 retningsbestemte mikrofoner fanger inn bakgrunnsst\u00f8y.<\/figcaption><\/figure>\n<\/div>\n\n\n<p>Selv kan jeg huske fra 1990-tallet  at jeg ble intervjuet av NRK\/\u00d8stlandssendingen i forbindelse med en kor-konsert jeg hadde PR-ansvar for. Telefonintervju ga ikke god nok lydkvalitet; jeg m\u00e5tte helst komme til studio.<\/p>\n\n\n\n<p>Men omtrent samtidig med min opptreden i \u00d8stlandssendingen ble noen barn i omgangskretsen min intervjuet under et bes\u00f8k p\u00e5 g\u00e5rden Langedrag i Numedal. Da \u2013 fortalte barnas mor \u2013 var det viktig for NRK at intervjuet skjedde i sauefj\u00f8set, slik at man fikk de rette lydkulissene i opptaket.<\/p>\n\n\n\n<p>I moderne radio virker det som om kulissene har f\u00e5tt hovedrollen. Et eksempel som \u00aballe\u00bb har sett (og h\u00f8rt), er NRKs Moskva-studio. Det ser ut til \u00e5 v\u00e6re p\u00e5 en liten veranda med utsikt over en av innfarts\u00e5rene til byen, noe som medf\u00f8rer at trafikkst\u00f8yen derfra kommer med p\u00e5 opptaket.<\/p>\n\n\n\n<p>Andre steder i verden st\u00e5r utenrikskorrespondenten gjerne p\u00e5 gateniv\u00e5. Alle som har pr\u00f8vd \u00e5 f\u00f8re en samtale i slikt lydmilj\u00f8, vet hvor vanskelig det er \u00e5 oppfatte hva samtalepartneren sier.<\/p>\n\n\n\n<p>Mobiltelefonen er min radio, og i dens h\u00f8yttaler h\u00f8res all bakgrunnsst\u00f8y ekstra tydelig, som p\u00e5 opptaket nedenfor. For meg er det ubegripelig at Philip Lote ikke kunne finne et stille avlukke til samtalen med studio. Men da ville det jo ikke blitt noen lydkulisse.<\/p>\n\n\n\n<figure class=\"wp-block-audio\"><audio controls src=\"https:\/\/oma.skoletjenesten.no\/wp-content\/uploads\/2025\/04\/Bakgrunnsstoy-for-kommentar_OK_20250408-0941_Recording-34.mp3\"><\/audio><figcaption class=\"wp-element-caption\">NRK Alltid Nyheter 8. april 2025. Opptak fra mobiltelefon.<\/figcaption><\/figure>\n\n\n\n<div style=\"height:100px\" aria-hidden=\"true\" class=\"wp-block-spacer\"><\/div>\n\n\n\n<hr class=\"wp-block-separator has-alpha-channel-opacity\"\/>\n\n\n\n<p class=\"has-text-align-center\"><em><a href=\"https:\/\/oma.skoletjenesten.no\/?p=1771\">Til innholdsliste for denne utgaven<\/a><\/em><\/p>\n","protected":false},"excerpt":{"rendered":"<p>En journalist jeg kjente, og som reiste mye utenlands, fortalte meg i forrige \u00e5rhundre at reportasjer til NRK radio var omtrent umulig fordi den lisensfinansierte radiokanalen satte s\u00e5 strenge krav til lydkvaliteten. Innspilling p\u00e5 kassett var ikke godt nok; det m\u00e5tte v\u00e6re spoleb\u00e5nd. Selv kan jeg huske fra 1990-tallet at jeg ble intervjuet av NRK\/\u00d8stlandssendingen&hellip; <a class=\"more-link\" href=\"https:\/\/oma.skoletjenesten.no\/?p=1779\">Fortsett \u00e5 lese <span class=\"screen-reader-text\">Lyd med \u00abkvalitet\u00bb<\/span><\/a><\/p>\n","protected":false},"author":1,"featured_media":0,"comment_status":"open","ping_status":"open","sticky":false,"template":"","format":"standard","meta":{"footnotes":""},"categories":[1],"tags":[],"class_list":["post-1779","post","type-post","status-publish","format-standard","hentry","category-uncategorized","entry"],"_links":{"self":[{"href":"https:\/\/oma.skoletjenesten.no\/index.php?rest_route=\/wp\/v2\/posts\/1779","targetHints":{"allow":["GET"]}}],"collection":[{"href":"https:\/\/oma.skoletjenesten.no\/index.php?rest_route=\/wp\/v2\/posts"}],"about":[{"href":"https:\/\/oma.skoletjenesten.no\/index.php?rest_route=\/wp\/v2\/types\/post"}],"author":[{"embeddable":true,"href":"https:\/\/oma.skoletjenesten.no\/index.php?rest_route=\/wp\/v2\/users\/1"}],"replies":[{"embeddable":true,"href":"https:\/\/oma.skoletjenesten.no\/index.php?rest_route=%2Fwp%2Fv2%2Fcomments&post=1779"}],"version-history":[{"count":4,"href":"https:\/\/oma.skoletjenesten.no\/index.php?rest_route=\/wp\/v2\/posts\/1779\/revisions"}],"predecessor-version":[{"id":1813,"href":"https:\/\/oma.skoletjenesten.no\/index.php?rest_route=\/wp\/v2\/posts\/1779\/revisions\/1813"}],"wp:attachment":[{"href":"https:\/\/oma.skoletjenesten.no\/index.php?rest_route=%2Fwp%2Fv2%2Fmedia&parent=1779"}],"wp:term":[{"taxonomy":"category","embeddable":true,"href":"https:\/\/oma.skoletjenesten.no\/index.php?rest_route=%2Fwp%2Fv2%2Fcategories&post=1779"},{"taxonomy":"post_tag","embeddable":true,"href":"https:\/\/oma.skoletjenesten.no\/index.php?rest_route=%2Fwp%2Fv2%2Ftags&post=1779"}],"curies":[{"name":"wp","href":"https:\/\/api.w.org\/{rel}","templated":true}]}}