{"id":1733,"date":"2025-04-03T10:00:04","date_gmt":"2025-04-03T10:00:04","guid":{"rendered":"https:\/\/oma.skoletjenesten.no\/?p=1733"},"modified":"2026-02-05T22:08:23","modified_gmt":"2026-02-05T22:08:23","slug":"virtuell-virkelighet-14-25","status":"publish","type":"post","link":"https:\/\/oma.skoletjenesten.no\/?p=1733","title":{"rendered":"Virtuell virkelighet 14\/25"},"content":{"rendered":"\n<p><small>Denne spalten het tidligere <em>Alternative fakta<\/em>, som fortsatt er kategori-betegnelsen. I<em> Alternative fakta<\/em> l\u00e5 vekten ofte mer p\u00e5 det alternative enn p\u00e5 fakta. Her i <em>Virtuell virkelighet<\/em> kan vekten&nbsp; ligge mer p\u00e5 det virtuelle enn p\u00e5 virkeligheten.<\/small><\/p>\n\n\n\n<p><small>Navneskiftet ble forklart i <a href=\"http:\/\/ttt.skoletjenesten.no\/alternative-fakta-3-21\/\" target=\"_blank\" rel=\"noreferrer noopener\">siste utgave av Alternative fakta 15. januar 2021<\/a>.<\/small><\/p>\n\n\n\n<hr class=\"wp-block-separator has-alpha-channel-opacity\"\/>\n\n\n<div class=\"wp-block-image is-style-twentytwentyone-border\">\n<figure class=\"alignright size-full\"><a href=\"https:\/\/naob.no\/ordbok\/handyman\" target=\"_blank\" rel=\" noreferrer noopener\"><img loading=\"lazy\" decoding=\"async\" width=\"371\" height=\"236\" src=\"https:\/\/oma.skoletjenesten.no\/wp-content\/uploads\/2025\/04\/10_Handyman-NAOB.jpg\" alt=\"\" class=\"wp-image-1747\" srcset=\"https:\/\/oma.skoletjenesten.no\/wp-content\/uploads\/2025\/04\/10_Handyman-NAOB.jpg 371w, https:\/\/oma.skoletjenesten.no\/wp-content\/uploads\/2025\/04\/10_Handyman-NAOB-300x191.jpg 300w\" sizes=\"auto, (max-width: 371px) 100vw, 371px\" \/><\/a><figcaption class=\"wp-element-caption\"> Klikk for \u00e5 lese om ordet <em>handyman<\/em> i NAOB.<\/figcaption><\/figure>\n<\/div>\n\n\n<p><strong><em>Vv 1: Valgfagnavn.<\/em><\/strong> I dagens innlegg <em><a href=\"https:\/\/oma.skoletjenesten.no\/?p=1731\" data-type=\"link\" data-id=\"https:\/\/oma.skoletjenesten.no\/?p=1731\" target=\"_blank\" rel=\"noreferrer noopener\">Et valgfag til gjensidig nytte?<\/a><\/em> p\u00e5st\u00e5s det at <em>handyman<\/em> er et ubrukelig navn p\u00e5 det mulige faget. Det Norske Akademis ordbok (NAOB) oppgir ingen gode synonymer. Som navn p\u00e5 det tenkte valgfaget synes bloggeren at <em>probleml\u00f8ser<\/em> kan passe fordi det i tillegg til den praktiske jobben inneb\u00e6rer \u00e5 identifisere problemet og planlegge l\u00f8sningen. Det finnes kanskje ikke noe norsk synonym til <em>handyman<\/em>? Forslag mottas med takk.<\/p>\n\n\n\n<p><a href=\"mailto:ttt@skoletjenesten.no?cc=&amp;bcc=&amp;subject=Vv%201\/14&amp;amptarget=\"><em>Kommenter denne notisen<\/em><\/a><\/p>\n\n\n\n<p class=\"has-text-align-center\">\u058e\u058e\u058e<\/p>\n\n\n\n<p><strong><em>Vv 2: Str\u00f8m-1.<\/em><\/strong> To probleml\u00f8sere (jfr. forrige post, Vv1) arbeidet i bloggens hovedkvarter sist tirsdag. Det var ikke noe valgfagstiltak, men et bestilt oppdrag for \u00e5 flytte sikringsskapet ned til f\u00f8rste etasje, slik at alle husets funksjoner er p\u00e5 ett plan. L\u00f8sningen de fant, var langt mer elegant enn den bloggeren hadde sett for seg, og <a href=\"https:\/\/www.bhs.no\/vare-handverkere#elektriker\" data-type=\"link\" data-id=\"https:\/\/www.bhs.no\/vare-handverkere#elektriker\" target=\"_blank\" rel=\"noreferrer noopener\">A.B.O. Installasjon<\/a> opprettholder sitt <a href=\"https:\/\/torgeirs-tanker.skoletjenesten.no\/el-kontakter\/\" data-type=\"link\" data-id=\"https:\/\/torgeirs-tanker.skoletjenesten.no\/el-kontakter\/\" target=\"_blank\" rel=\"noreferrer noopener\">gode rykte<\/a> her p\u00e5 bruket.<\/p>\n\n\n\n<p><a href=\"mailto:ttt@skoletjenesten.no?cc=&amp;bcc=&amp;subject=Vv%202\/14&amp;amptarget=\"><em>Kommenter denne notisen<\/em><\/a><\/p>\n\n\n\n<p class=\"has-text-align-center\">\u058e\u058e\u058e<\/p>\n\n\n\n<p><strong><em>Vv 3: <strong>Str\u00f8m-2.<\/strong><\/em><\/strong> Mange tror at summen av 2 + 2 er 4. Men summen er 5 \u2013 inkl. mva. Som kjent er den planlagte norgesprisen p\u00e5 str\u00f8m 40 \u00f8re pr. kwh. Men det er uten merverdiavgift, s\u00e5 for str\u00f8mabonnenter er prisen 50 \u00f8re\/kwh (produksjonsprisen er 12-15 \u00f8re\/kwh). Norgesprisen trer uansett ikke i kraft f\u00f8r til h\u00f8sten en gang.<\/p>\n\n\n\n<p><a href=\"mailto:ttt@skoletjenesten.no?cc=&amp;bcc=&amp;subject=Vv%203\/14&amp;amptarget=\"><em>Kommenter denne notisen<\/em><\/a><\/p>\n\n\n\n<p class=\"has-text-align-center\">\u058e\u058e\u058e<\/p>\n\n\n\n<p><strong><em>Vv 4: Uberegnelig.<\/em><\/strong> President Donald har sittet i embetet i over to m\u00e5neder n\u00e5. Av en eller annen grunn har han f\u00e5tt meg til \u00e5 tenke p\u00e5 visen <em>I g\u00e5r var det bursda&#8217;n min<\/em>. Originalen er fra 1929, men den ble brukt p\u00e5 1930-tallet som et \u00abrevybilde\u00bb p\u00e5 den dav\u00e6rende tyske F\u00fchrer. Om Einar Rose fremf\u00f8rte den da, er ukjent for bloggeren. Men Rose klarte i hvert fall \u00e5 <a href=\"https:\/\/ttt.skoletjenesten.no\/na-gar-det-rett-pa-dunken\/#nazihilsen\" data-type=\"link\" data-id=\"https:\/\/ttt.skoletjenesten.no\/na-gar-det-rett-pa-dunken\/#nazihilsen\" target=\"_blank\" rel=\"noreferrer noopener\">erte p\u00e5 seg F\u00f8rerens representante<\/a>r noen \u00e5r senere, da de hadde makten her i landet.<\/p>\n\n\n\n<figure class=\"wp-block-audio\"><audio controls src=\"https:\/\/oma.skoletjenesten.no\/wp-content\/uploads\/2025\/04\/17_Bursdan-mkn_EinarRose.mp3\"><\/audio><figcaption class=\"wp-element-caption\">Einar Rose fremf\u00f8rer <em>I g\u00e5r var det bursda&#8217;n min<\/em>.<\/figcaption><\/figure>\n\n\n\n<p><a href=\"mailto:ttt@skoletjenesten.no?cc=&amp;bcc=&amp;subject=Vv%204\/14&amp;amptarget=\"><em>Kommenter denne notisen<\/em><\/a><\/p>\n\n\n\n<p class=\"has-text-align-center\">\u058e\u058e\u058e<\/p>\n\n\n\n<p><strong><em>Vv 5: Butikk-etikette.<\/em><\/strong> I en Aftenposten-ingress (nedenfor) vises det til \u00abeksperten\u00bb. Det oppgis ikke hva vedkommende er ekspert p\u00e5. Og teksten i ingressen er i hvert fall ikke skrevet av noen ekspert. If\u00f8lge den er det god oppf\u00f8rsel i butikken \u00e5 klemme p\u00e5 avocadoen og flytte de beste jordb\u00e6rene til egen kurv.<\/p>\n\n\n\n<figure class=\"wp-block-image size-large is-style-twentytwentyone-border\"><img loading=\"lazy\" decoding=\"async\" width=\"1024\" height=\"110\" src=\"https:\/\/oma.skoletjenesten.no\/wp-content\/uploads\/2025\/04\/20_Ekspertuttalelse_Opera-Bilde_2025-04-02_203609_e-avis.aftenposten.no_-1024x110.png\" alt=\"\" class=\"wp-image-1749\" srcset=\"https:\/\/oma.skoletjenesten.no\/wp-content\/uploads\/2025\/04\/20_Ekspertuttalelse_Opera-Bilde_2025-04-02_203609_e-avis.aftenposten.no_-1024x110.png 1024w, https:\/\/oma.skoletjenesten.no\/wp-content\/uploads\/2025\/04\/20_Ekspertuttalelse_Opera-Bilde_2025-04-02_203609_e-avis.aftenposten.no_-300x32.png 300w, https:\/\/oma.skoletjenesten.no\/wp-content\/uploads\/2025\/04\/20_Ekspertuttalelse_Opera-Bilde_2025-04-02_203609_e-avis.aftenposten.no_-768x82.png 768w, https:\/\/oma.skoletjenesten.no\/wp-content\/uploads\/2025\/04\/20_Ekspertuttalelse_Opera-Bilde_2025-04-02_203609_e-avis.aftenposten.no_.png 1028w\" sizes=\"auto, (max-width: 1024px) 100vw, 1024px\" \/><\/figure>\n\n\n\n<p><a href=\"mailto:ttt@skoletjenesten.no?cc=&amp;bcc=&amp;subject=Vv%205\/14&amp;amptarget=\"><em>Kommenter denne notisen<\/em><\/a><\/p>\n\n\n\n<p class=\"has-text-align-center\">\u058e\u058e\u058e<\/p>\n\n\n\n<p><strong><em>Vv 6: Sikkerhet.<\/em><\/strong> Bloggeren leser med bekymring om de kinesiske el-bussene som Oslo Sporveier har kj\u00f8pt (klippene nedenfor). P\u00e5 badet her st\u00e5r en kinesisk vaskemaskin, og bruksanvisningen anbefaler at vaskemaskind\u00f8ren skal st\u00e5 \u00e5pen etter vask (slik at fuktigheten i maskinen kan dampe ut). Den anbefalingen har bloggeren ikke registrert om andre vaskemaskiner. Kan det v\u00e6re en sikkerhetsrisiko?<\/p>\n\n\n\n<div class=\"wp-block-columns is-layout-flex wp-container-core-columns-is-layout-9d6595d7 wp-block-columns-is-layout-flex\">\n<div class=\"wp-block-column is-layout-flow wp-block-column-is-layout-flow\" style=\"flex-basis:66.66%\">\n<figure class=\"wp-block-image size-large is-style-twentytwentyone-border\"><a href=\"http:\/\/oma.skoletjenesten.no\/wp-content\/uploads\/2025\/03\/40_elbuss---Kina_Aftenposten%2028.%20februar%202025.pdf\" target=\"_blank\" rel=\" noreferrer noopener\"><img loading=\"lazy\" decoding=\"async\" width=\"1024\" height=\"723\" src=\"https:\/\/oma.skoletjenesten.no\/wp-content\/uploads\/2025\/04\/40_elbuss-Kina_Aftenposten-28.-februar-2025-1024x723.jpg\" alt=\"\" class=\"wp-image-1750\" srcset=\"https:\/\/oma.skoletjenesten.no\/wp-content\/uploads\/2025\/04\/40_elbuss-Kina_Aftenposten-28.-februar-2025-1024x723.jpg 1024w, https:\/\/oma.skoletjenesten.no\/wp-content\/uploads\/2025\/04\/40_elbuss-Kina_Aftenposten-28.-februar-2025-300x212.jpg 300w, https:\/\/oma.skoletjenesten.no\/wp-content\/uploads\/2025\/04\/40_elbuss-Kina_Aftenposten-28.-februar-2025-768x543.jpg 768w, https:\/\/oma.skoletjenesten.no\/wp-content\/uploads\/2025\/04\/40_elbuss-Kina_Aftenposten-28.-februar-2025.jpg 1039w\" sizes=\"auto, (max-width: 1024px) 100vw, 1024px\" \/><\/a><figcaption class=\"wp-element-caption\">Aftw nposten 28. fewbruar 2025.  Klikk for \u00e5 lese.<\/figcaption><\/figure>\n<\/div>\n\n\n\n<div class=\"wp-block-column is-layout-flow wp-block-column-is-layout-flow\" style=\"flex-basis:33.33%\">\n<figure class=\"wp-block-image size-full is-style-twentytwentyone-border\"><a href=\"http:\/\/oma.skoletjenesten.no\/wp-content\/uploads\/2025\/03\/40_elbuss---Kina-1_Aftenposten%2028.%20februar%202025.pdf\" target=\"_blank\" rel=\" noreferrer noopener\"><img loading=\"lazy\" decoding=\"async\" width=\"514\" height=\"745\" src=\"https:\/\/oma.skoletjenesten.no\/wp-content\/uploads\/2025\/04\/40_elbuss-Kina-1_Aftenposten-28.-februar-2025.jpg\" alt=\"\" class=\"wp-image-1751\" srcset=\"https:\/\/oma.skoletjenesten.no\/wp-content\/uploads\/2025\/04\/40_elbuss-Kina-1_Aftenposten-28.-februar-2025.jpg 514w, https:\/\/oma.skoletjenesten.no\/wp-content\/uploads\/2025\/04\/40_elbuss-Kina-1_Aftenposten-28.-februar-2025-207x300.jpg 207w\" sizes=\"auto, (max-width: 514px) 100vw, 514px\" \/><\/a><figcaption class=\"wp-element-caption\">Aftw nposten 28. fewbruar 2025.  Klikk for \u00e5 lese.<\/figcaption><\/figure>\n<\/div>\n<\/div>\n\n\n\n<p><a href=\"mailto:ttt@skoletjenesten.no?cc=&amp;bcc=&amp;subject=Vv%206\/14&amp;amptarget=\"><em>Kommenter denne notisen<\/em><\/a><\/p>\n\n\n\n<p class=\"has-text-align-center\" id=\"BoHjemme1\">\u058e\u058e\u058e<\/p>\n\n\n\n<p id=\"BoHjemme\"><strong><em>Vv 7: H\u00f8vdingmedisin.<\/em><\/strong> Hjemleveringen av medisiner til bloggeren overtas n\u00e5 av <em>BoHjemme<\/em> etter at <em>Norlandia<\/em> har sagt opp kontrakten med B\u00e6rum kommune. P\u00e5 <em>BoHjemme<\/em>s nettsider sto en lenke til <a href=\"https:\/\/bohjemme.com\/medarbeidere\/\" target=\"_blank\" rel=\"noreferrer noopener\">Medarbeidere<\/a>,  og bloggeren klikket p\u00e5 den for \u00e5 se hvem som kan ventes p\u00e5 bes\u00f8k fremover. Det viste seg at <em>BoHjemme<\/em> \u2013 slik det ser ut p\u00e5 fimaets nettsider \u2013 bare har h\u00f8vdinger, ingen indianere. N\u00e6rmere unders\u00f8kelser avsl\u00f8rte at flere av h\u00f8vdingene ogs\u00e5 er ansatt i <a href=\"https:\/\/seie.no\/om-oss\/\" data-type=\"link\" data-id=\"https:\/\/seie.no\/om-oss\/\" target=\"_blank\" rel=\"noreferrer noopener\">bemanningsfirmaet<em> Seie<\/em><\/a>. Begge firmaene holder til p\u00e5 samme adresse i Bergen<\/p>\n\n\n\n<p><a href=\"mailto:ttt@skoletjenesten.no?cc=&amp;bcc=&amp;subject=Vv%207\/14&amp;amptarget=\"><em>Kommenter denne notisen<\/em><\/a><\/p>\n\n\n\n<p class=\"has-text-align-center\">\u058e\u058e\u058e<\/p>\n\n\n<div class=\"wp-block-image is-style-twentytwentyone-border\">\n<figure class=\"alignright size-full\"><img loading=\"lazy\" decoding=\"async\" width=\"410\" height=\"586\" src=\"https:\/\/oma.skoletjenesten.no\/wp-content\/uploads\/2025\/04\/50_ShinBet-Tzahal-ID_OK.jpg\" alt=\"\" class=\"wp-image-1752\" srcset=\"https:\/\/oma.skoletjenesten.no\/wp-content\/uploads\/2025\/04\/50_ShinBet-Tzahal-ID_OK.jpg 410w, https:\/\/oma.skoletjenesten.no\/wp-content\/uploads\/2025\/04\/50_ShinBet-Tzahal-ID_OK-210x300.jpg 210w\" sizes=\"auto, (max-width: 410px) 100vw, 410px\" \/><figcaption class=\"wp-element-caption\">\u00d8verst: Shin Bet, Nederst: Zahal<\/figcaption><\/figure>\n<\/div>\n\n\n<p id=\"idf\"><strong><em>Vv 8: Forkortelser.<\/em><\/strong> <em>Shin<\/em> og <em>bet<\/em> er de to bokstavene som brukes p\u00e5 hebraisk om den israelske organisasjonen som omtrent tilsvarer PST (Politiets Sikkerhetstjeneste) i Norge. Av uforst\u00e5elige grunner velger den skattefinansierte mediekanalen NRK \u00e5 bruke forkortelsen IDF (gjerne uttalt ai-di-eff) om det israelske forsvaret. P\u00e5 hebraisk er betegnelsen zahal, og den blir nok snart \u00e5 h\u00f8re ogs\u00e5 i NRK.<\/p>\n\n\n\n<p><a href=\"mailto:ttt@skoletjenesten.no?cc=&amp;bcc=&amp;subject=Vv%208\/14&amp;amptarget=\"><em>Kommenter denne notisen<\/em><\/a><\/p>\n\n\n\n<p class=\"has-text-align-center\">\u058e\u058e\u058e<\/p>\n\n\n\n<p><strong><em>Vv 9: Nekt.<\/em><\/strong> Bildet nedenfor viser at B\u00e6rum Ballklubb kan ha gode grunner for \u00e5 nekte medlemskap for v\u00e5r stedlige vakthund Simba. Den bl\u00e5 fenderen til venstre i bildet forklarer hvorfor han ogs\u00e5 er nektet medlemskap i flere b\u00e5tforeninger.<\/p>\n\n\n\n<figure class=\"wp-block-image size-large is-style-twentytwentyone-border\"><a href=\"https:\/\/oma.skoletjenesten.no\/wp-content\/uploads\/2025\/04\/90_IMG_Simba-Ball_20250329_143145127.jpg\" target=\"_blank\" rel=\" noreferrer noopener\"><img loading=\"lazy\" decoding=\"async\" width=\"1024\" height=\"393\" src=\"https:\/\/oma.skoletjenesten.no\/wp-content\/uploads\/2025\/04\/90_IMG_Simba-Ball_20250329_143145127-1024x393.jpg\" alt=\"\" class=\"wp-image-1753\" srcset=\"https:\/\/oma.skoletjenesten.no\/wp-content\/uploads\/2025\/04\/90_IMG_Simba-Ball_20250329_143145127-1024x393.jpg 1024w, https:\/\/oma.skoletjenesten.no\/wp-content\/uploads\/2025\/04\/90_IMG_Simba-Ball_20250329_143145127-300x115.jpg 300w, https:\/\/oma.skoletjenesten.no\/wp-content\/uploads\/2025\/04\/90_IMG_Simba-Ball_20250329_143145127-768x295.jpg 768w, https:\/\/oma.skoletjenesten.no\/wp-content\/uploads\/2025\/04\/90_IMG_Simba-Ball_20250329_143145127-1536x589.jpg 1536w, https:\/\/oma.skoletjenesten.no\/wp-content\/uploads\/2025\/04\/90_IMG_Simba-Ball_20250329_143145127-1568x602.jpg 1568w, https:\/\/oma.skoletjenesten.no\/wp-content\/uploads\/2025\/04\/90_IMG_Simba-Ball_20250329_143145127.jpg 1725w\" sizes=\"auto, (max-width: 1024px) 100vw, 1024px\" \/><\/a><\/figure>\n\n\n\n<p><a href=\"mailto:ttt@skoletjenesten.no?cc=&amp;bcc=&amp;subject=Vv%209\/14&amp;amptarget=\"><em>Kommenter denne notisen<\/em><\/a><\/p>\n\n\n\n<div style=\"height:100px\" aria-hidden=\"true\" class=\"wp-block-spacer\"><\/div>\n\n\n\n<hr class=\"wp-block-separator has-alpha-channel-opacity\"\/>\n\n\n\n<p class=\"has-text-align-center\"><em><a href=\"https:\/\/oma.skoletjenesten.no\/?p=1727\">Til innholdsliste for denne utgaven<\/a><\/em><\/p>\n","protected":false},"excerpt":{"rendered":"<p>Denne spalten het tidligere Alternative fakta, som fortsatt er kategori-betegnelsen. I Alternative fakta l\u00e5 vekten ofte mer p\u00e5 det alternative enn p\u00e5 fakta. Her i Virtuell virkelighet kan vekten&nbsp; ligge mer p\u00e5 det virtuelle enn p\u00e5 virkeligheten. Navneskiftet ble forklart i siste utgave av Alternative fakta 15. januar 2021. Vv 1: Valgfagnavn. I dagens innlegg&hellip; <a class=\"more-link\" href=\"https:\/\/oma.skoletjenesten.no\/?p=1733\">Fortsett \u00e5 lese <span class=\"screen-reader-text\">Virtuell virkelighet 14\/25<\/span><\/a><\/p>\n","protected":false},"author":1,"featured_media":0,"comment_status":"open","ping_status":"open","sticky":false,"template":"","format":"standard","meta":{"footnotes":""},"categories":[11],"tags":[],"class_list":["post-1733","post","type-post","status-publish","format-standard","hentry","category-alternative-fakta","entry"],"_links":{"self":[{"href":"https:\/\/oma.skoletjenesten.no\/index.php?rest_route=\/wp\/v2\/posts\/1733","targetHints":{"allow":["GET"]}}],"collection":[{"href":"https:\/\/oma.skoletjenesten.no\/index.php?rest_route=\/wp\/v2\/posts"}],"about":[{"href":"https:\/\/oma.skoletjenesten.no\/index.php?rest_route=\/wp\/v2\/types\/post"}],"author":[{"embeddable":true,"href":"https:\/\/oma.skoletjenesten.no\/index.php?rest_route=\/wp\/v2\/users\/1"}],"replies":[{"embeddable":true,"href":"https:\/\/oma.skoletjenesten.no\/index.php?rest_route=%2Fwp%2Fv2%2Fcomments&post=1733"}],"version-history":[{"count":12,"href":"https:\/\/oma.skoletjenesten.no\/index.php?rest_route=\/wp\/v2\/posts\/1733\/revisions"}],"predecessor-version":[{"id":2391,"href":"https:\/\/oma.skoletjenesten.no\/index.php?rest_route=\/wp\/v2\/posts\/1733\/revisions\/2391"}],"wp:attachment":[{"href":"https:\/\/oma.skoletjenesten.no\/index.php?rest_route=%2Fwp%2Fv2%2Fmedia&parent=1733"}],"wp:term":[{"taxonomy":"category","embeddable":true,"href":"https:\/\/oma.skoletjenesten.no\/index.php?rest_route=%2Fwp%2Fv2%2Fcategories&post=1733"},{"taxonomy":"post_tag","embeddable":true,"href":"https:\/\/oma.skoletjenesten.no\/index.php?rest_route=%2Fwp%2Fv2%2Ftags&post=1733"}],"curies":[{"name":"wp","href":"https:\/\/api.w.org\/{rel}","templated":true}]}}