{"id":1731,"date":"2025-04-03T10:01:25","date_gmt":"2025-04-03T10:01:25","guid":{"rendered":"https:\/\/oma.skoletjenesten.no\/?p=1731"},"modified":"2026-01-05T14:55:00","modified_gmt":"2026-01-05T14:55:00","slug":"et-valgfag-til-gjensidig-nytte","status":"publish","type":"post","link":"https:\/\/oma.skoletjenesten.no\/?p=1731","title":{"rendered":"Et valgfag til gjensidig nytte?"},"content":{"rendered":"<div class=\"wp-block-image is-style-twentytwentyone-border\">\n<figure class=\"alignright size-full\"><img loading=\"lazy\" decoding=\"async\" width=\"497\" height=\"232\" src=\"https:\/\/oma.skoletjenesten.no\/wp-content\/uploads\/2025\/04\/102_EEFkort_OK.jpg\" alt=\"\" class=\"wp-image-1742\" srcset=\"https:\/\/oma.skoletjenesten.no\/wp-content\/uploads\/2025\/04\/102_EEFkort_OK.jpg 497w, https:\/\/oma.skoletjenesten.no\/wp-content\/uploads\/2025\/04\/102_EEFkort_OK-300x140.jpg 300w\" sizes=\"auto, (max-width: 497px) 100vw, 497px\" \/><\/figure>\n<\/div>\n\n\n<p>Selv anser jeg meg for \u00e5 v\u00e6re praktisk anlagt, og er i stand til \u00e5 bruke vanlig verkt\u00f8y. Likevel har jeg problemer med \u00e5 f\u00e5 gjennomf\u00f8rt de enkleste tiltak i heimen. Det er sikkert flere andre engstelige eldre som opplever det samme, og her ser jeg spiren til et valgfag i skoleverket.<\/p>\n\n\n\n<p>Fra min tid som undomsskolel\u00e6rer mener jeg \u00e5 huske at elevene kunne ha for \u00abbes\u00f8kstjeneste\u00bb som valgfag. NRK&#8217;s Norge Rundt sist fredag fortalte om <a href=\"http:\/\/oma.skoletjenesten.no\/wp-content\/uploads\/2025\/03\/EEF-valgfag_250328_NRK-NogeRundt_Frivilligsentral.mp4\" data-type=\"link\" data-id=\"ftp:\/\/onemanarmy@ftpcluster.loopia.se\/oma.skoletjenesten.no\/public_html\/wp-content\/uploads\/2025\/03\/EEF-valgfag_250328_NRK-NogeRundt_Frivilligsentral.mp4\" target=\"_blank\" rel=\"noreferrer noopener\">valgfaget <em>Innsats for andre<\/em><\/a> ved en ikke angitt skole i Oslo. S\u00e5 min id\u00e9 om valgfag for \u00abhjelpere\u00bb er ikke ny.<\/p>\n\n\n\n<p>S\u00e5 vidt jeg forst\u00e5r, ville et valgfag av typen \u00abvaktmester\u00bb eller \u00abhandyman\u00bb \u2013 den siste betegnelsen er ubrukelig \u2013 samsvare godt med \u00f8nsket om \u00e5 gj\u00f8re skolen mer praktisk orientert. Her jeg sitter, ser jeg flere oppgaver som ville passe inn i et slikt valgfag. Skyved\u00f8rene mellom ytter- og innergangen trenger en overhaling. Kj\u00f8kkenskap-karusellen jeg bruker som avlastningsbord ved siden av PCen, m\u00e5 repareres. Og det ville v\u00e6rt greit med enkle anordninger ved PC-bordet for papir- og plastavfall.<\/p>\n\n\n\n<p>Et nytt valgfag som ikke st\u00e5r i l\u00e6replanen, kan en skole neppe sette i gang med uten videre. Det m\u00e5 antagelig lages planer etter samme lest som for fagplanene i l\u00e6replanverket. Hvis noen fatter interesse for ideen om valgfag, men viker tilbake for det byr\u00e5kratiske forarbeidet, kan jeg vurdere \u00e5 bidra som konsulent.<\/p>\n\n\n\n<div style=\"height:100px\" aria-hidden=\"true\" class=\"wp-block-spacer\"><\/div>\n\n\n\n<p class=\"has-large-font-size\"><strong><em>Nyttig:<\/em><\/strong><\/p>\n\n\n\n<figure class=\"wp-block-image size-full is-style-twentytwentyone-border\"><img loading=\"lazy\" decoding=\"async\" width=\"709\" height=\"283\" src=\"https:\/\/oma.skoletjenesten.no\/wp-content\/uploads\/2025\/04\/Plukkeklyper.jpg\" alt=\"\" class=\"wp-image-1743\" srcset=\"https:\/\/oma.skoletjenesten.no\/wp-content\/uploads\/2025\/04\/Plukkeklyper.jpg 709w, https:\/\/oma.skoletjenesten.no\/wp-content\/uploads\/2025\/04\/Plukkeklyper-300x120.jpg 300w\" sizes=\"auto, (max-width: 709px) 100vw, 709px\" \/><\/figure>\n\n\n\n<p>De to \u00abplukkeklypene\u00bb p\u00e5 bildet ovenfor er helt uunnv\u00e6rlige etter at det ble s\u00e5 langt ned til gulvet. Den \u00f8verste, en lett utgave, har jeg arvet etter mor, som fikk den av hjemmesykepleien. Den nederste har jeg selv kj\u00f8pt, og tilsvarende modell er fortsatt \u00e5 f\u00e5 hos <a href=\"https:\/\/www.biltema.no\/hjem\/oppbevaring\/avfallshandtering\/soppelplukker-2000044823\" data-type=\"link\" data-id=\"https:\/\/www.biltema.no\/hjem\/oppbevaring\/avfallshandtering\/soppelplukker-2000044823\" target=\"_blank\" rel=\"noreferrer noopener\">Biltema<\/a> og <a href=\"https:\/\/www.jula.no\/catalog\/hage\/hageredskaper\/hagevedlikehold\/soppelplukkere\/soppelplukker-016428\/\" data-type=\"link\" data-id=\"https:\/\/www.jula.no\/catalog\/hage\/hageredskaper\/hagevedlikehold\/soppelplukkere\/soppelplukker-016428\/\" target=\"_blank\" rel=\"noreferrer noopener\">Jula<\/a> (begge kaller det \u00abs\u00f8ppelplukker\u00bb). Den er kraftigere konstruert og er dessuten utstyrt med en magnet som er sterk nok til \u00e5 l\u00f8fte en kulepenn som har metall som magnetismen f\u00e5r tak i. Den lette utgaven henger ved sengen, den kraftigere har sin plass ved PCen.<\/p>\n\n\n\n<p><em><a href=\"https:\/\/oma.skoletjenesten.no\/?page_id=2072\" data-type=\"link\" data-id=\"https:\/\/oma.skoletjenesten.no\/?page_id=2072\" target=\"_blank\" rel=\"noreferrer noopener\">Alle EEF-innlegg<\/a><\/em><\/p>\n\n\n\n<div style=\"height:100px\" aria-hidden=\"true\" class=\"wp-block-spacer\"><\/div>\n\n\n\n<hr class=\"wp-block-separator has-alpha-channel-opacity\"\/>\n\n\n\n<p class=\"has-text-align-center\"><em><a href=\"https:\/\/oma.skoletjenesten.no\/?p=1727\">Til innholdsliste for denne utgaven<\/a><\/em><\/p>\n","protected":false},"excerpt":{"rendered":"<p>Selv anser jeg meg for \u00e5 v\u00e6re praktisk anlagt, og er i stand til \u00e5 bruke vanlig verkt\u00f8y. Likevel har jeg problemer med \u00e5 f\u00e5 gjennomf\u00f8rt de enkleste tiltak i heimen. Det er sikkert flere andre engstelige eldre som opplever det samme, og her ser jeg spiren til et valgfag i skoleverket. Fra min tid&hellip; <a class=\"more-link\" href=\"https:\/\/oma.skoletjenesten.no\/?p=1731\">Fortsett \u00e5 lese <span class=\"screen-reader-text\">Et valgfag til gjensidig nytte?<\/span><\/a><\/p>\n","protected":false},"author":1,"featured_media":0,"comment_status":"open","ping_status":"open","sticky":false,"template":"","format":"standard","meta":{"footnotes":""},"categories":[1],"tags":[],"class_list":["post-1731","post","type-post","status-publish","format-standard","hentry","category-uncategorized","entry"],"_links":{"self":[{"href":"https:\/\/oma.skoletjenesten.no\/index.php?rest_route=\/wp\/v2\/posts\/1731","targetHints":{"allow":["GET"]}}],"collection":[{"href":"https:\/\/oma.skoletjenesten.no\/index.php?rest_route=\/wp\/v2\/posts"}],"about":[{"href":"https:\/\/oma.skoletjenesten.no\/index.php?rest_route=\/wp\/v2\/types\/post"}],"author":[{"embeddable":true,"href":"https:\/\/oma.skoletjenesten.no\/index.php?rest_route=\/wp\/v2\/users\/1"}],"replies":[{"embeddable":true,"href":"https:\/\/oma.skoletjenesten.no\/index.php?rest_route=%2Fwp%2Fv2%2Fcomments&post=1731"}],"version-history":[{"count":9,"href":"https:\/\/oma.skoletjenesten.no\/index.php?rest_route=\/wp\/v2\/posts\/1731\/revisions"}],"predecessor-version":[{"id":3721,"href":"https:\/\/oma.skoletjenesten.no\/index.php?rest_route=\/wp\/v2\/posts\/1731\/revisions\/3721"}],"wp:attachment":[{"href":"https:\/\/oma.skoletjenesten.no\/index.php?rest_route=%2Fwp%2Fv2%2Fmedia&parent=1731"}],"wp:term":[{"taxonomy":"category","embeddable":true,"href":"https:\/\/oma.skoletjenesten.no\/index.php?rest_route=%2Fwp%2Fv2%2Fcategories&post=1731"},{"taxonomy":"post_tag","embeddable":true,"href":"https:\/\/oma.skoletjenesten.no\/index.php?rest_route=%2Fwp%2Fv2%2Ftags&post=1731"}],"curies":[{"name":"wp","href":"https:\/\/api.w.org\/{rel}","templated":true}]}}