{"id":1675,"date":"2025-03-28T10:03:26","date_gmt":"2025-03-28T10:03:26","guid":{"rendered":"https:\/\/oma.skoletjenesten.no\/?p=1675"},"modified":"2025-03-30T19:56:47","modified_gmt":"2025-03-30T19:56:47","slug":"wilbur-orville-donald-og-adolf","status":"publish","type":"post","link":"https:\/\/oma.skoletjenesten.no\/?p=1675","title":{"rendered":"Wilbur, Orville, Donald &#8230; og Adolf"},"content":{"rendered":"\n<p>Noen f\u00e5 av bloggens lesere har kanskje allerede forberedt p\u00e5sken ved \u00e5 bestille flybilletter til det landet som heter Syden. Disse uv\u00f8rne dristige kan sende en vennlig tanke til br\u00f8drene Wright \u2013 Wilbur (1867-1912) og Orville (1871-1948) \u2013 som p\u00e5 dagens dato i 1893 fikk patent p\u00e5 sin oppfinnelse flyvemaskinen. Vi andre, som tilh\u00f8rer den harde kjernen i <a href=\"https:\/\/oma.skoletjenesten.no\/?p=1562\" data-type=\"link\" data-id=\"https:\/\/oma.skoletjenesten.no\/?p=1562\" target=\"_blank\" rel=\"noreferrer noopener\">Engstelige Eldres Forening<\/a>, f\u00e5r glede oss over at vi ikke er utsatt for hverken farefull luftferd eller fare for solforbrenning der vi i p\u00e5sken tilbringer stille dager innend\u00f8rs.<\/p>\n\n\n\n<p>Det er 92 \u00e5r i dag siden Adolf Hitler, som p\u00e5 det tidspunktet \u00abbare\u00bb var rikskansler (=statsminister) i Tyskland, fikk ubegrensede fullmakter. Det er fristende \u00e5 minne om Bernt Hagtvets p\u00e5stand i Aftenposten-kronikken <em>En selvdyrker inntar Det hvite hus. Hva n\u00e5? <\/em>20, januar: \u00abTrumps seier har nok en gang vist oss den demokratiske styreformens s\u00e5rbarhet overfor uvitende, lettlurte masser. Det er politisk ukorrekt \u00e5 si, men det er sannheten.\u00bb<\/p>\n\n\n\n<p><a href=\"https:\/\/no.wikipedia.org\/wiki\/Egil_Hegerberg\" data-type=\"link\" data-id=\"https:\/\/no.wikipedia.org\/wiki\/Egil_Hegerberg\" target=\"_blank\" rel=\"noreferrer noopener\">Egil Hegerberg<\/a> fyller 55 \u00e5r i dag. <a href=\"https:\/\/snl.no\/Nils-Aslak_Valkeap\u00e4\u00e4\" data-type=\"link\" data-id=\"https:\/\/snl.no\/Nils-Aslak_Valkeap\u00e4\u00e4\" target=\"_blank\" rel=\"noreferrer noopener\">Nils Aslak Valkeap\u00e4\u00e4<\/a> (1943- 2001) hadde ogs\u00e5 f\u00f8dselsdag i dag. Deres musikalske uttrykk er noks\u00e5 forskjellig fra hverandre. Nedenfor er begge \u00e5 h\u00f8re.<\/p>\n\n\n\n<div class=\"wp-block-columns is-layout-flex wp-container-core-columns-is-layout-9d6595d7 wp-block-columns-is-layout-flex\">\n<div class=\"wp-block-column is-layout-flow wp-block-column-is-layout-flow\">\n<figure class=\"wp-block-embed is-type-video is-provider-youtube wp-block-embed-youtube wp-embed-aspect-16-9 wp-has-aspect-ratio\"><div class=\"wp-block-embed__wrapper\">\n<iframe loading=\"lazy\" title=\"Alle mine fine ugler - Bare Egil Band (live fra \u00f8vingslokalet)\" width=\"750\" height=\"422\" src=\"https:\/\/www.youtube.com\/embed\/fv64FU-IMCs?feature=oembed\" frameborder=\"0\" allow=\"accelerometer; autoplay; clipboard-write; encrypted-media; gyroscope; picture-in-picture; web-share\" referrerpolicy=\"strict-origin-when-cross-origin\" allowfullscreen><\/iframe>\n<\/div><figcaption class=\"wp-element-caption\"><a href=\"https:\/\/no.wikipedia.org\/wiki\/Egil_Hegerberg\" data-type=\"link\" data-id=\"https:\/\/no.wikipedia.org\/wiki\/Egil_Hegerberg\" target=\"_blank\" rel=\"noreferrer noopener\">Egil Hegerberg<\/a>:<br>Alle mine fine ugler.<\/figcaption><\/figure>\n<\/div>\n\n\n\n<div class=\"wp-block-column is-layout-flow wp-block-column-is-layout-flow\">\n<figure class=\"wp-block-embed is-type-video is-provider-youtube wp-block-embed-youtube wp-embed-aspect-16-9 wp-has-aspect-ratio\"><div class=\"wp-block-embed__wrapper\">\n<iframe loading=\"lazy\" title=\"S\u00e1mi Eatnan Duoddariid\" width=\"750\" height=\"422\" src=\"https:\/\/www.youtube.com\/embed\/lz0WV2z5N6w?feature=oembed\" frameborder=\"0\" allow=\"accelerometer; autoplay; clipboard-write; encrypted-media; gyroscope; picture-in-picture; web-share\" referrerpolicy=\"strict-origin-when-cross-origin\" allowfullscreen><\/iframe>\n<\/div><figcaption class=\"wp-element-caption\">Nils Aslak Valkeap\u00e4\u00e4:<br>S\u00e1miid eatnan duoddariid<a href=\"https:\/\/snl.no\/Nils-Aslak_Valkeap\u00e4\u00e4\">d<\/a>.<\/figcaption><\/figure>\n<\/div>\n<\/div>\n\n\n\n<div style=\"height:100px\" aria-hidden=\"true\" class=\"wp-block-spacer\"><\/div>\n\n\n\n<hr class=\"wp-block-separator has-alpha-channel-opacity\"\/>\n\n\n\n<p class=\"has-text-align-center\"><em><a href=\"https:\/\/oma.skoletjenesten.no\/?p=1673\">Til innholdsliste for denne utgaven<\/a><\/em><\/p>\n","protected":false},"excerpt":{"rendered":"<p>Noen f\u00e5 av bloggens lesere har kanskje allerede forberedt p\u00e5sken ved \u00e5 bestille flybilletter til det landet som heter Syden. Disse uv\u00f8rne dristige kan sende en vennlig tanke til br\u00f8drene Wright \u2013 Wilbur (1867-1912) og Orville (1871-1948) \u2013 som p\u00e5 dagens dato i 1893 fikk patent p\u00e5 sin oppfinnelse flyvemaskinen. Vi andre, som tilh\u00f8rer den&hellip; <a class=\"more-link\" href=\"https:\/\/oma.skoletjenesten.no\/?p=1675\">Fortsett \u00e5 lese <span class=\"screen-reader-text\">Wilbur, Orville, Donald &#8230; og Adolf<\/span><\/a><\/p>\n","protected":false},"author":1,"featured_media":0,"comment_status":"open","ping_status":"open","sticky":false,"template":"","format":"standard","meta":{"footnotes":""},"categories":[1],"tags":[],"class_list":["post-1675","post","type-post","status-publish","format-standard","hentry","category-uncategorized","entry"],"_links":{"self":[{"href":"https:\/\/oma.skoletjenesten.no\/index.php?rest_route=\/wp\/v2\/posts\/1675","targetHints":{"allow":["GET"]}}],"collection":[{"href":"https:\/\/oma.skoletjenesten.no\/index.php?rest_route=\/wp\/v2\/posts"}],"about":[{"href":"https:\/\/oma.skoletjenesten.no\/index.php?rest_route=\/wp\/v2\/types\/post"}],"author":[{"embeddable":true,"href":"https:\/\/oma.skoletjenesten.no\/index.php?rest_route=\/wp\/v2\/users\/1"}],"replies":[{"embeddable":true,"href":"https:\/\/oma.skoletjenesten.no\/index.php?rest_route=%2Fwp%2Fv2%2Fcomments&post=1675"}],"version-history":[{"count":7,"href":"https:\/\/oma.skoletjenesten.no\/index.php?rest_route=\/wp\/v2\/posts\/1675\/revisions"}],"predecessor-version":[{"id":1709,"href":"https:\/\/oma.skoletjenesten.no\/index.php?rest_route=\/wp\/v2\/posts\/1675\/revisions\/1709"}],"wp:attachment":[{"href":"https:\/\/oma.skoletjenesten.no\/index.php?rest_route=%2Fwp%2Fv2%2Fmedia&parent=1675"}],"wp:term":[{"taxonomy":"category","embeddable":true,"href":"https:\/\/oma.skoletjenesten.no\/index.php?rest_route=%2Fwp%2Fv2%2Fcategories&post=1675"},{"taxonomy":"post_tag","embeddable":true,"href":"https:\/\/oma.skoletjenesten.no\/index.php?rest_route=%2Fwp%2Fv2%2Ftags&post=1675"}],"curies":[{"name":"wp","href":"https:\/\/api.w.org\/{rel}","templated":true}]}}