{"id":1651,"date":"2025-03-28T10:00:07","date_gmt":"2025-03-28T10:00:07","guid":{"rendered":"https:\/\/oma.skoletjenesten.no\/?p=1651"},"modified":"2025-03-30T19:57:43","modified_gmt":"2025-03-30T19:57:43","slug":"tilbakeblikk-28-03-25","status":"publish","type":"post","link":"https:\/\/oma.skoletjenesten.no\/?p=1651","title":{"rendered":"Tilbakeblikk 28.03.25"},"content":{"rendered":"\n<p><small>Postene nedenfor er utfyllende stoff til innlegg som har st\u00e5tt i bloggen tidligere&nbsp;.<\/small><\/p>\n\n\n\n<hr class=\"wp-block-separator has-alpha-channel-opacity\"\/>\n\n\n\n<p><strong><em><a href=\"https:\/\/oma.skoletjenesten.no\/?p=1629\" data-type=\"link\" data-id=\"https:\/\/oma.skoletjenesten.no\/?p=1629\" target=\"_blank\" rel=\"noreferrer noopener\">Ibsen, Bach og Bouchikhi (21.03.25)<\/a><\/em><\/strong><\/p>\n\n\n\n<figure class=\"wp-block-video\"><\/figure>\n\n\n\n<p>Det raske svaret fra Erle Nielsen p\u00e5 mitt Ibsen-sp\u00f8rsm\u00e5l til Spr\u00e5ksnakk for over ett \u00e5r siden st\u00e5r under innlegget det er lenket til ovenfor.<\/p>\n\n\n\n<hr class=\"wp-block-separator has-alpha-channel-opacity\"\/>\n\n\n\n<div style=\"height:100px\" aria-hidden=\"true\" class=\"wp-block-spacer\"><\/div>\n\n\n\n<p><em><strong><a href=\"https:\/\/oma.skoletjenesten.no\/?page_id=178\" data-type=\"link\" data-id=\"https:\/\/oma.skoletjenesten.no\/?page_id=178\" target=\"_blank\" rel=\"noreferrer noopener\">Gaza-krigen (flere innlegg)<\/a><\/strong><\/em><\/p>\n\n\n\n<p>Det har v\u00e6rt en slags v\u00e5penhvile mellom Israel og HAMAS. <em>En slags<\/em>, for Israels aksjon natt til forrige tirsdag var \u2013 if\u00f8lge den skattefinansierte og Israel-kritiske radiostasjonen NRK \u2013 ikke det <em>f\u00f8rste<\/em>, men det <em>st\u00f8rste<\/em> angrepet siden v\u00e5penhvilen tr\u00e5dte i kraft (HAMAS har selvsagt \u2013 slik jeg forst\u00e5r NRK \u2013 ikke brutt noen del av v\u00e5penhvilen). NRKs dekning av konflikten skjer med et begrenset utvalg korrespondenter og kommentatorer. BBC sendte etter hendelsen natt til forrige tirsdag et intervju med <a href=\"https:\/\/www.atlanticcouncil.org\/expert\/ahmed-alkhatib\/\" data-type=\"link\" data-id=\"https:\/\/www.atlanticcouncil.org\/expert\/ahmed-alkhatib\/\" target=\"_blank\" rel=\"noreferrer noopener\">Ahmed Fouad Khatib<\/a>, som er tilknyttet Midt\u00f8sten-programmet ved Atlantic Center. Han vokste opp i Gaza by, der han enn\u00e5 har familie. Som bosatt utenfor Gaza (i USA, tror jeg) kan han uttale seg fritt om HAMAS<\/p>\n\n\n\n<hr class=\"wp-block-separator has-alpha-channel-opacity\"\/>\n\n\n\n<div style=\"height:100px\" aria-hidden=\"true\" class=\"wp-block-spacer\"><\/div>\n\n\n\n<p><em><strong><a href=\"https:\/\/torgeirs-tanker.skoletjenesten.no\/kadettangen-kjernekraftverk\/\" data-type=\"link\" data-id=\"https:\/\/torgeirs-tanker.skoletjenesten.no\/kadettangen-kjernekraftverk\/\" target=\"_blank\" rel=\"noreferrer noopener\">Kadettangen kjernekraftverk (27.01.2023)<\/a><\/strong><\/em><\/p>\n\n\n\n<p>I en meningsm\u00e5ling for Cicero (referert i <em>iNyheter<\/em>) sier 58% av de spurte ja til utbygging av kjernekraft i Norge, mens 23% sier nei. Politikerne i B\u00e6rum (if\u00f8lge Budstikka, som ikke oppgir hvilke politikere det dreier seg om) sier ja til russefestival p\u00e5 Kadettangen. Saken ble endelig behandlet i formannskapet sist onsdag, og <a href=\"https:\/\/innsynpluss.onacos.no\/baerum\/moteoversikt\/#\/details\/m-c64dd445__db2e__44e8__95ea__44228858681e-4187!96DKeT\/d-c64dd445__db2e__44e8__95ea__44228858681e-2021331973!m-4187!2ZPzBM\" data-type=\"link\" data-id=\"https:\/\/innsynpluss.onacos.no\/baerum\/moteoversikt\/#\/details\/m-c64dd445__db2e__44e8__95ea__44228858681e-4187!96DKeT\/d-c64dd445__db2e__44e8__95ea__44228858681e-2021331973!m-4187!2ZPzBM\" target=\"_blank\" rel=\"noreferrer noopener\">kommunens nettsider<\/a> viser hvem som har stemt ja til et slikt st\u00f8yarrangement. De som trenger \u00e5 st\u00f8ye utend\u00f8rs, finner adressene p\u00e5 ja-stemmerne et annet sted p\u00e5 nettsidene, og anbefales \u00e5 st\u00f8ye der.<\/p>\n\n\n\n<p><\/p>\n","protected":false},"excerpt":{"rendered":"<p>Postene nedenfor er utfyllende stoff til innlegg som har st\u00e5tt i bloggen tidligere&nbsp;. Ibsen, Bach og Bouchikhi (21.03.25) Det raske svaret fra Erle Nielsen p\u00e5 mitt Ibsen-sp\u00f8rsm\u00e5l til Spr\u00e5ksnakk for over ett \u00e5r siden st\u00e5r under innlegget det er lenket til ovenfor. Gaza-krigen (flere innlegg) Det har v\u00e6rt en slags v\u00e5penhvile mellom Israel og HAMAS.&hellip; <a class=\"more-link\" href=\"https:\/\/oma.skoletjenesten.no\/?p=1651\">Fortsett \u00e5 lese <span class=\"screen-reader-text\">Tilbakeblikk 28.03.25<\/span><\/a><\/p>\n","protected":false},"author":1,"featured_media":0,"comment_status":"open","ping_status":"open","sticky":false,"template":"","format":"standard","meta":{"footnotes":""},"categories":[1],"tags":[],"class_list":["post-1651","post","type-post","status-publish","format-standard","hentry","category-uncategorized","entry"],"_links":{"self":[{"href":"https:\/\/oma.skoletjenesten.no\/index.php?rest_route=\/wp\/v2\/posts\/1651","targetHints":{"allow":["GET"]}}],"collection":[{"href":"https:\/\/oma.skoletjenesten.no\/index.php?rest_route=\/wp\/v2\/posts"}],"about":[{"href":"https:\/\/oma.skoletjenesten.no\/index.php?rest_route=\/wp\/v2\/types\/post"}],"author":[{"embeddable":true,"href":"https:\/\/oma.skoletjenesten.no\/index.php?rest_route=\/wp\/v2\/users\/1"}],"replies":[{"embeddable":true,"href":"https:\/\/oma.skoletjenesten.no\/index.php?rest_route=%2Fwp%2Fv2%2Fcomments&post=1651"}],"version-history":[{"count":8,"href":"https:\/\/oma.skoletjenesten.no\/index.php?rest_route=\/wp\/v2\/posts\/1651\/revisions"}],"predecessor-version":[{"id":1930,"href":"https:\/\/oma.skoletjenesten.no\/index.php?rest_route=\/wp\/v2\/posts\/1651\/revisions\/1930"}],"wp:attachment":[{"href":"https:\/\/oma.skoletjenesten.no\/index.php?rest_route=%2Fwp%2Fv2%2Fmedia&parent=1651"}],"wp:term":[{"taxonomy":"category","embeddable":true,"href":"https:\/\/oma.skoletjenesten.no\/index.php?rest_route=%2Fwp%2Fv2%2Fcategories&post=1651"},{"taxonomy":"post_tag","embeddable":true,"href":"https:\/\/oma.skoletjenesten.no\/index.php?rest_route=%2Fwp%2Fv2%2Ftags&post=1651"}],"curies":[{"name":"wp","href":"https:\/\/api.w.org\/{rel}","templated":true}]}}