{"id":1641,"date":"2025-03-21T10:00:58","date_gmt":"2025-03-21T10:00:58","guid":{"rendered":"https:\/\/oma.skoletjenesten.no\/?p=1641"},"modified":"2026-01-05T14:53:48","modified_gmt":"2026-01-05T14:53:48","slug":"virtuell-virkelighet-12-25","status":"publish","type":"post","link":"https:\/\/oma.skoletjenesten.no\/?p=1641","title":{"rendered":"Virtuell virkelighet 12\/25"},"content":{"rendered":"\n<p><small>Denne spalten het tidligere <em>Alternative fakta<\/em>, som fortsatt er kategori-betegnelsen. I<em> Alternative fakta<\/em> l\u00e5 vekten ofte mer p\u00e5 det alternative enn p\u00e5 fakta. Her i <em>Virtuell virkelighet<\/em> kan vekten&nbsp; ligge mer p\u00e5 det virtuelle enn p\u00e5 virkeligheten.<\/small><\/p>\n\n\n\n<p><small>Navneskiftet ble forklart i <a href=\"http:\/\/ttt.skoletjenesten.no\/alternative-fakta-3-21\/\" target=\"_blank\" rel=\"noreferrer noopener\">siste utgave av Alternative fakta 15. januar 2021<\/a>.<\/small><\/p>\n\n\n\n<hr class=\"wp-block-separator has-alpha-channel-opacity\"\/>\n\n\n\n<p><strong><em>Vv 1: V\u00e5rjevnd\u00f8gn!<\/em><\/strong> I dag, 21. mars, er det v\u00e5rjevnd\u00f8gn \u2013 p\u00e5 kalenderen. I virkeligheten var det i g\u00e5r, if\u00f8lge astronomiske tabeller. I forbindelse med denne merkedagen har det nesten blitt en tradisjon her i bloggen \u00e5 lenke til gjesteinnlegget fra Hans Lindemann (1928-2019) om <a href=\"https:\/\/ttt.skoletjenesten.no\/ukens-gjesteinnlegg-varjevndogn\/\" data-type=\"link\" data-id=\"https:\/\/ttt.skoletjenesten.no\/ukens-gjesteinnlegg-varjevndogn\/\" target=\"_blank\" rel=\"noreferrer noopener\">v\u00e5rjevnd\u00f8gn<\/a>.<\/p>\n\n\n\n<p><a href=\"mailto:ttt@skoletjenesten.no?cc=&amp;bcc=&amp;subject=Vv%201\/12&amp;amptarget=\"><em>Kommenter denne notisen<\/em><\/a><\/p>\n\n\n\n<p class=\"has-text-align-center\">\u058e\u058e\u058e<\/p>\n\n\n<div class=\"wp-block-image is-style-twentytwentyone-border\">\n<figure class=\"alignright size-large\"><img loading=\"lazy\" decoding=\"async\" width=\"718\" height=\"1024\" src=\"https:\/\/oma.skoletjenesten.no\/wp-content\/uploads\/2025\/03\/15_Lampe_OK_IMG_20250320113754661-718x1024.jpg\" alt=\"\" class=\"wp-image-1645\" srcset=\"https:\/\/oma.skoletjenesten.no\/wp-content\/uploads\/2025\/03\/15_Lampe_OK_IMG_20250320113754661-718x1024.jpg 718w, https:\/\/oma.skoletjenesten.no\/wp-content\/uploads\/2025\/03\/15_Lampe_OK_IMG_20250320113754661-210x300.jpg 210w, https:\/\/oma.skoletjenesten.no\/wp-content\/uploads\/2025\/03\/15_Lampe_OK_IMG_20250320113754661-768x1096.jpg 768w, https:\/\/oma.skoletjenesten.no\/wp-content\/uploads\/2025\/03\/15_Lampe_OK_IMG_20250320113754661-1076x1536.jpg 1076w, https:\/\/oma.skoletjenesten.no\/wp-content\/uploads\/2025\/03\/15_Lampe_OK_IMG_20250320113754661.jpg 1375w\" sizes=\"auto, (max-width: 718px) 100vw, 718px\" \/><figcaption class=\"wp-element-caption\">Leselampe med propell og oppbevaringsplass.<\/figcaption><\/figure>\n<\/div>\n\n\n<p><strong><em>Vv 2: Viftelampe.<\/em><\/strong> N\u00e5r v\u00e5rjevnd\u00f8gn n\u00e5 er passert, er vi inne i sommerhalv\u00e5ret (det er ikke n\u00f8dvendig \u00e5 snu <a href=\"https:\/\/snl.no\/primstav\" data-type=\"link\" data-id=\"https:\/\/snl.no\/primstav\" target=\"_blank\" rel=\"noreferrer noopener\">primstaven<\/a> enn\u00e5; det skjer ikke f\u00f8r 14. april). Vanligvis blir det etter hvert varmt, og bloggeren har derfor anskaffet en leselampe med propell. Som bildet ved siden av viser har lampen ogs\u00e5 oppbevaringsplass som passer for forst\u00f8rrelsesglass, (brukes til \u00e5 lese p\u00e5 b\u00e5de papir og skjerm).<\/p>\n\n\n\n<p><a href=\"mailto:ttt@skoletjenesten.no?cc=&amp;bcc=&amp;subject=Vv%202\/12&amp;amptarget=\"><em>Kommenter denne notisen<\/em><\/a><\/p>\n\n\n\n<p class=\"has-text-align-center\">\u058e\u058e\u058e<\/p>\n\n\n\n<p><strong><em>Vv 3: EGennavn.<\/em><\/strong> I middelalderen skrev man visst GUd med to store forbokstaver. Ubekreftede rykter sier at USAnske aviser heretter m\u00e5 skrive TRump p\u00e5 samme m\u00e5te.<\/p>\n\n\n\n<p><a href=\"mailto:ttt@skoletjenesten.no?cc=&amp;bcc=&amp;subject=Vv%203\/12&amp;amptarget=\"><em>Kommenter denne notisen<\/em><\/a><\/p>\n\n\n\n<p class=\"has-text-align-center\">\u058e\u058e\u058e<\/p>\n\n\n<div class=\"wp-block-image is-style-twentytwentyone-border\">\n<figure class=\"alignright size-full\"><img loading=\"lazy\" decoding=\"async\" width=\"554\" height=\"215\" src=\"https:\/\/oma.skoletjenesten.no\/wp-content\/uploads\/2025\/03\/30_MAGA_Opera-Bilde_2025-03-18_185417_e-avis.aftenposten.no_.png\" alt=\"\" class=\"wp-image-1646\" srcset=\"https:\/\/oma.skoletjenesten.no\/wp-content\/uploads\/2025\/03\/30_MAGA_Opera-Bilde_2025-03-18_185417_e-avis.aftenposten.no_.png 554w, https:\/\/oma.skoletjenesten.no\/wp-content\/uploads\/2025\/03\/30_MAGA_Opera-Bilde_2025-03-18_185417_e-avis.aftenposten.no_-300x116.png 300w\" sizes=\"auto, (max-width: 554px) 100vw, 554px\" \/><figcaption class=\"wp-element-caption\">USAnsk hodeplagg.<\/figcaption><\/figure>\n<\/div>\n\n\n<p><strong><em>Vv 4: Amerika.<\/em><\/strong> <em>Make America great again<\/em> er ett av slagordene den sittende presidenten i Sambandsstatene bruker. Han mener trolig b\u00e5de Nord-, Mellom- og S\u00f8r-Amerika. Men hvilken del tenker han p\u00e5 med slagordet <em>America first<\/em>?<\/p>\n\n\n\n<p><a href=\"mailto:ttt@skoletjenesten.no?cc=&amp;bcc=&amp;subject=Vv%204\/12&amp;amptarget=\"><em>Kommenter denne notisen<\/em><\/a><\/p>\n\n\n\n<p class=\"has-text-align-center\">\u058e\u058e\u058e<\/p>\n\n\n\n<p><strong><em>Vv 5: Nasjonsnavn.<\/em><\/strong> P\u00e5 engelsklinjen i forrige \u00e5rhundre l\u00e6rte bloggeren at U.S.A. skulle skrives som like foran, med punktum etter hver bokstav. I folkeskolens l\u00e6reb\u00f8ker var den norske betegnelsen Sambandsstatene eller De forente stater. Det siste er \u2013 etter bloggerens spr\u00e5ksyn \u2013 noks\u00e5 oppstyltet norsk. P\u00e5 norsk bruker vi \u00abdobbelt bestemmelse\u00bb: <em>den nye bilen<\/em>, ikke <em>den nye bil<\/em>. N\u00e5r Norge blir den 51., 52. eller 53. staten, m\u00e5 vi ha et norsk navn p\u00e5 unionen \u2013 kanskje <em>SBS<\/em>? Eller vi kan holde oss til det etablerte <em>Junaiten<\/em>.<\/p>\n\n\n\n<p><a href=\"mailto:ttt@skoletjenesten.no?cc=&amp;bcc=&amp;subject=Vv%205\/12&amp;amptarget=\"><em>Kommenter denne notisen<\/em><\/a><\/p>\n\n\n\n<p class=\"has-text-align-center\">\u058e\u058e\u058e<\/p>\n\n\n\n<figure class=\"wp-block-video alignright\"><video controls src=\"http:\/\/oma.skoletjenesten.no\/\/wp-content\/uploads\/2025\/03\/45_Jementale.mp4\"><\/video><figcaption class=\"wp-element-caption\">Jemen-talsperson uten egentlig behov for mikrofon.<\/figcaption><\/figure>\n\n\n\n<p><strong><em>Vv 6: Lydsterk.<\/em><\/strong> En milit\u00e6r talsperson for makthaverne i Jemen har uttalt seg (klippet ved siden av) om USAnernes fors\u00f8k p\u00e5 \u00e5 stanse angrepene fra Jemen mot internasjonal skipsfart i R\u00f8dehavet. Talsmannen bruker mikrofon, men trenger han egentlig det?<\/p>\n\n\n\n<p><a href=\"mailto:ttt@skoletjenesten.no?cc=&amp;bcc=&amp;subject=Vv%206\/12&amp;amptarget=\"><em>Kommenter denne notisen<\/em><\/a><\/p>\n\n\n\n<p class=\"has-text-align-center\">\u058e\u058e\u058e<\/p>\n\n\n<div class=\"wp-block-image is-style-twentytwentyone-border\">\n<figure class=\"alignright size-full\"><img loading=\"lazy\" decoding=\"async\" width=\"976\" height=\"697\" src=\"https:\/\/oma.skoletjenesten.no\/wp-content\/uploads\/2025\/03\/50_36-9_OK_MG_20250314_111911323.jpg\" alt=\"\" class=\"wp-image-1647\" srcset=\"https:\/\/oma.skoletjenesten.no\/wp-content\/uploads\/2025\/03\/50_36-9_OK_MG_20250314_111911323.jpg 976w, https:\/\/oma.skoletjenesten.no\/wp-content\/uploads\/2025\/03\/50_36-9_OK_MG_20250314_111911323-300x214.jpg 300w, https:\/\/oma.skoletjenesten.no\/wp-content\/uploads\/2025\/03\/50_36-9_OK_MG_20250314_111911323-768x548.jpg 768w\" sizes=\"auto, (max-width: 976px) 100vw, 976px\" \/><figcaption class=\"wp-element-caption\">Kan Ap n\u00e5 opp mot den prosentandelen som Jagland s\u00e5 som nedre grense. Dagligvarhandelen har i hvert fall ikke noe problem med 36,9. <\/figcaption><\/figure>\n<\/div>\n\n\n<p><strong><em>Vv 7: 36,9.<\/em><\/strong> Som bildet ved siden av viser, var det Jagland-pris p\u00e5 beger med druer nylig.<\/p>\n\n\n\n<p>.<\/p>\n\n\n\n<p>.<\/p>\n\n\n\n<p><a href=\"mailto:ttt@skoletjenesten.no?cc=&amp;bcc=&amp;subject=Vv%207\/12&amp;amptarget=\"><em>Kommenter denne notisen<\/em><\/a><\/p>\n\n\n\n<p class=\"has-text-align-center\">\u058e\u058e\u058e<\/p>\n\n\n<div class=\"wp-block-image\">\n<figure class=\"alignright size-large\"><img loading=\"lazy\" decoding=\"async\" width=\"1024\" height=\"768\" src=\"https:\/\/oma.skoletjenesten.no\/wp-content\/uploads\/2025\/03\/70_Handlevogner-uten-mynt_IMG_20250303_132023926-1024x768.jpg\" alt=\"\" class=\"wp-image-1656\" srcset=\"https:\/\/oma.skoletjenesten.no\/wp-content\/uploads\/2025\/03\/70_Handlevogner-uten-mynt_IMG_20250303_132023926-1024x768.jpg 1024w, https:\/\/oma.skoletjenesten.no\/wp-content\/uploads\/2025\/03\/70_Handlevogner-uten-mynt_IMG_20250303_132023926-300x225.jpg 300w, https:\/\/oma.skoletjenesten.no\/wp-content\/uploads\/2025\/03\/70_Handlevogner-uten-mynt_IMG_20250303_132023926-768x576.jpg 768w, https:\/\/oma.skoletjenesten.no\/wp-content\/uploads\/2025\/03\/70_Handlevogner-uten-mynt_IMG_20250303_132023926-1536x1152.jpg 1536w, https:\/\/oma.skoletjenesten.no\/wp-content\/uploads\/2025\/03\/70_Handlevogner-uten-mynt_IMG_20250303_132023926-2048x1536.jpg 2048w, https:\/\/oma.skoletjenesten.no\/wp-content\/uploads\/2025\/03\/70_Handlevogner-uten-mynt_IMG_20250303_132023926-1568x1176.jpg 1568w\" sizes=\"auto, (max-width: 1024px) 100vw, 1024px\" \/><\/figure>\n<\/div>\n\n\n<p id=\"eef\"><strong><em>Vv 8: EEF.<\/em><\/strong> En handlevogn er grei \u00e5 st\u00f8tte seg til for en gammel mann som har d\u00e5rlig balanse. I det kj\u00f8pesenteret bloggeren bes\u00f8ker ukentlig, st\u00e5r et antall vogner (uten myntl\u00e5s!) klar innenfor inngangen fra \u00f8verste parkering. <em><a href=\"https:\/\/oma.skoletjenesten.no\/?p=1562\" data-type=\"link\" data-id=\"https:\/\/oma.skoletjenesten.no\/?p=1562\" target=\"_blank\" rel=\"noreferrer noopener\">Engstelige Eldres Forening<\/a><\/em> oppfordrer alle kj\u00f8pesenter til \u00e5 f\u00f8lge dette fremragende eksempelet.<\/p>\n\n\n\n<p><em><a href=\"https:\/\/oma.skoletjenesten.no\/?page_id=2072\" data-type=\"link\" data-id=\"https:\/\/oma.skoletjenesten.no\/?page_id=2072\" target=\"_blank\" rel=\"noreferrer noopener\">Alle EEF-innlegg<\/a><\/em><\/p>\n\n\n\n<p><a href=\"mailto:ttt@skoletjenesten.no?cc=&amp;bcc=&amp;subject=Vv%208\/12&amp;amptarget=\"><em>Kommenter denne notisen<\/em><\/a><\/p>\n\n\n\n<p class=\"has-text-align-center\">\u058e\u058e\u058e<\/p>\n\n\n\n<p><strong><em>Vv 9: Oljefondet.<\/em><\/strong> Ukrainas president Zelenskyj var p\u00e5 overraskende norgesbes\u00f8k i g\u00e5r. Videoen nedenfor kan ha v\u00e6rt en foranledning for dette.<\/p>\n\n\n\n<figure class=\"wp-block-video\"><video controls poster=\"https:\/\/oma.skoletjenesten.no\/wp-content\/uploads\/2025\/03\/90_Oljefondet-Ukraina_TheMilitaryShow_Plakat.jpg\" src=\"http:\/\/oma.skoletjenesten.no\/wp-content\/uploads\/2025\/03\/90_Oljefondet---Ukraina_TheMilitaryShow.mp4\"><\/video><figcaption class=\"wp-element-caption\">Video fra <a href=\"https:\/\/mediarena.com\/3443\/review\/youtube-channels-reviews\/the-military-show-review\" data-type=\"link\" data-id=\"https:\/\/mediarena.com\/3443\/review\/youtube-channels-reviews\/the-military-show-review\" target=\"_blank\" rel=\"noreferrer noopener\">The Military Show<\/a>.<\/figcaption><\/figure>\n\n\n\n<p><a href=\"mailto:ttt@skoletjenesten.no?cc=&amp;bcc=&amp;subject=Vv%209\/12&amp;amptarget=\"><em>Kommenter denne notisen<\/em><\/a><\/p>\n\n\n\n<div style=\"height:100px\" aria-hidden=\"true\" class=\"wp-block-spacer\"><\/div>\n\n\n\n<hr class=\"wp-block-separator has-alpha-channel-opacity\"\/>\n\n\n\n<p class=\"has-text-align-center\"><em><a href=\"https:\/\/oma.skoletjenesten.no\/?p=1633\">Til innholdsliste for denne utgaven<\/a><\/em><\/p>\n","protected":false},"excerpt":{"rendered":"<p>Denne spalten het tidligere Alternative fakta, som fortsatt er kategori-betegnelsen. I Alternative fakta l\u00e5 vekten ofte mer p\u00e5 det alternative enn p\u00e5 fakta. Her i Virtuell virkelighet kan vekten&nbsp; ligge mer p\u00e5 det virtuelle enn p\u00e5 virkeligheten. Navneskiftet ble forklart i siste utgave av Alternative fakta 15. januar 2021. Vv 1: V\u00e5rjevnd\u00f8gn! I dag, 21.&hellip; <a class=\"more-link\" href=\"https:\/\/oma.skoletjenesten.no\/?p=1641\">Fortsett \u00e5 lese <span class=\"screen-reader-text\">Virtuell virkelighet 12\/25<\/span><\/a><\/p>\n","protected":false},"author":1,"featured_media":0,"comment_status":"open","ping_status":"open","sticky":false,"template":"","format":"standard","meta":{"footnotes":""},"categories":[11],"tags":[],"class_list":["post-1641","post","type-post","status-publish","format-standard","hentry","category-alternative-fakta","entry"],"_links":{"self":[{"href":"https:\/\/oma.skoletjenesten.no\/index.php?rest_route=\/wp\/v2\/posts\/1641","targetHints":{"allow":["GET"]}}],"collection":[{"href":"https:\/\/oma.skoletjenesten.no\/index.php?rest_route=\/wp\/v2\/posts"}],"about":[{"href":"https:\/\/oma.skoletjenesten.no\/index.php?rest_route=\/wp\/v2\/types\/post"}],"author":[{"embeddable":true,"href":"https:\/\/oma.skoletjenesten.no\/index.php?rest_route=\/wp\/v2\/users\/1"}],"replies":[{"embeddable":true,"href":"https:\/\/oma.skoletjenesten.no\/index.php?rest_route=%2Fwp%2Fv2%2Fcomments&post=1641"}],"version-history":[{"count":8,"href":"https:\/\/oma.skoletjenesten.no\/index.php?rest_route=\/wp\/v2\/posts\/1641\/revisions"}],"predecessor-version":[{"id":3719,"href":"https:\/\/oma.skoletjenesten.no\/index.php?rest_route=\/wp\/v2\/posts\/1641\/revisions\/3719"}],"wp:attachment":[{"href":"https:\/\/oma.skoletjenesten.no\/index.php?rest_route=%2Fwp%2Fv2%2Fmedia&parent=1641"}],"wp:term":[{"taxonomy":"category","embeddable":true,"href":"https:\/\/oma.skoletjenesten.no\/index.php?rest_route=%2Fwp%2Fv2%2Fcategories&post=1641"},{"taxonomy":"post_tag","embeddable":true,"href":"https:\/\/oma.skoletjenesten.no\/index.php?rest_route=%2Fwp%2Fv2%2Ftags&post=1641"}],"curies":[{"name":"wp","href":"https:\/\/api.w.org\/{rel}","templated":true}]}}