{"id":1594,"date":"2025-03-13T10:00:31","date_gmt":"2025-03-13T10:00:31","guid":{"rendered":"https:\/\/oma.skoletjenesten.no\/?p=1594"},"modified":"2025-09-17T14:22:56","modified_gmt":"2025-09-17T14:22:56","slug":"virtuell-virkelighet-11-25","status":"publish","type":"post","link":"https:\/\/oma.skoletjenesten.no\/?p=1594","title":{"rendered":"Virtuell virkelighet 11\/25"},"content":{"rendered":"\n<p><small>Denne spalten het tidligere <em>Alternative fakta<\/em>, som fortsatt er kategori-betegnelsen. I<em> Alternative fakta<\/em> l\u00e5 vekten ofte mer p\u00e5 det alternative enn p\u00e5 fakta. Her i <em>Virtuell virkelighet<\/em> kan vekten&nbsp; ligge mer p\u00e5 det virtuelle enn p\u00e5 virkeligheten.<\/small><\/p>\n\n\n\n<p><small>Navneskiftet ble forklart i <a href=\"http:\/\/ttt.skoletjenesten.no\/alternative-fakta-3-21\/\" target=\"_blank\" rel=\"noreferrer noopener\">siste utgave av Alternative fakta 15. januar 2021<\/a>.<\/small><\/p>\n\n\n\n<hr class=\"wp-block-separator has-alpha-channel-opacity\"\/>\n\n\n<div class=\"wp-block-image is-style-twentytwentyone-border\">\n<figure class=\"alignright size-full\"><a href=\"https:\/\/www.finn.no\/realestate\/businessrent\/ad.html?finnkode=343127316\" target=\"_blank\" rel=\" noreferrer noopener\"><img loading=\"lazy\" decoding=\"async\" width=\"983\" height=\"758\" src=\"https:\/\/oma.skoletjenesten.no\/wp-content\/uploads\/2025\/03\/10_Fredheim-Kontorutleie.jpg\" alt=\"\" class=\"wp-image-1609\" srcset=\"https:\/\/oma.skoletjenesten.no\/wp-content\/uploads\/2025\/03\/10_Fredheim-Kontorutleie.jpg 983w, https:\/\/oma.skoletjenesten.no\/wp-content\/uploads\/2025\/03\/10_Fredheim-Kontorutleie-300x231.jpg 300w, https:\/\/oma.skoletjenesten.no\/wp-content\/uploads\/2025\/03\/10_Fredheim-Kontorutleie-768x592.jpg 768w\" sizes=\"auto, (max-width: 983px) 100vw, 983px\" \/><\/a><figcaption class=\"wp-element-caption\">Klikk p\u00e5 bildet for \u00e5 se Finn-annonsen.<\/figcaption><\/figure>\n<\/div>\n\n\n<p><strong><em>Vv 1: Kontorutleie.<\/em><\/strong> Et par hundre meter oppover veien fra bloggens hovedkvarter ligger Villa Fredheim. Der er kontorlokaler ledig for utleie \u2013 i hvert fall ligger annonsen ute p\u00e5 Finn.no i skrivende stund. Bloggeren kan garantere en hyggelig utleier og godt naboskap.<\/p>\n\n\n\n<p><a href=\"mailto:ttt@skoletjenesten.no?cc=&amp;bcc=&amp;subject=Vv%201\/11&amp;amptarget=\"><em>Kommenter denne notisen<\/em><\/a><\/p>\n\n\n\n<p class=\"has-text-align-center\">\u058e\u058e\u058e<\/p>\n\n\n<div class=\"wp-block-image is-style-twentytwentyone-border\">\n<figure class=\"alignright size-full\"><a href=\"https:\/\/oma.skoletjenesten.no\/wp-content\/uploads\/2025\/03\/20_Konnerudkollen-Turisthotel-Annonse-1925-0314_Opera-Bilde_2025-03-11_122742_e-avis.aftenposten.no_.png\" target=\"_blank\" rel=\" noreferrer noopener\"><img loading=\"lazy\" decoding=\"async\" width=\"809\" height=\"196\" src=\"https:\/\/oma.skoletjenesten.no\/wp-content\/uploads\/2025\/03\/20_Konnerudkollen-Turisthotel-Annonse-1925-0314_Opera-Bilde_2025-03-11_122742_e-avis.aftenposten.no_.png\" alt=\"\" class=\"wp-image-1602\" srcset=\"https:\/\/oma.skoletjenesten.no\/wp-content\/uploads\/2025\/03\/20_Konnerudkollen-Turisthotel-Annonse-1925-0314_Opera-Bilde_2025-03-11_122742_e-avis.aftenposten.no_.png 809w, https:\/\/oma.skoletjenesten.no\/wp-content\/uploads\/2025\/03\/20_Konnerudkollen-Turisthotel-Annonse-1925-0314_Opera-Bilde_2025-03-11_122742_e-avis.aftenposten.no_-300x73.png 300w, https:\/\/oma.skoletjenesten.no\/wp-content\/uploads\/2025\/03\/20_Konnerudkollen-Turisthotel-Annonse-1925-0314_Opera-Bilde_2025-03-11_122742_e-avis.aftenposten.no_-768x186.png 768w\" sizes=\"auto, (max-width: 809px) 100vw, 809px\" \/><\/a><figcaption class=\"wp-element-caption\">Aftenposten 14. mars 1925.<\/figcaption><\/figure>\n<\/div>\n\n\n<p><strong><em>Vv 2: P\u00e5skeferie.<\/em><\/strong> Det er mulig at Konnerudkollen Turisthotell ved Drammen ikke lenger mottar bestillinger p\u00e5 v\u00e6relser til \u00abpaasken\u00bb. Telefonnummeret er i hvert fall feil.<\/p>\n\n\n\n<p><a href=\"mailto:ttt@skoletjenesten.no?cc=&amp;bcc=&amp;subject=Vv%202\/11&amp;amptarget=\"><em>Kommenter denne notisen<\/em><\/a><\/p>\n\n\n\n<p class=\"has-text-align-center\">\u058e\u058e\u058e<\/p>\n\n\n<div class=\"wp-block-image is-style-twentytwentyone-border\">\n<figure class=\"alignright size-full\"><img loading=\"lazy\" decoding=\"async\" width=\"416\" height=\"257\" src=\"https:\/\/oma.skoletjenesten.no\/wp-content\/uploads\/2025\/03\/25_Lommelerker_Opera-Bilde_2025-03-12_105640_ttt.skoletjenesten.no_.png\" alt=\"\" class=\"wp-image-1603\" srcset=\"https:\/\/oma.skoletjenesten.no\/wp-content\/uploads\/2025\/03\/25_Lommelerker_Opera-Bilde_2025-03-12_105640_ttt.skoletjenesten.no_.png 416w, https:\/\/oma.skoletjenesten.no\/wp-content\/uploads\/2025\/03\/25_Lommelerker_Opera-Bilde_2025-03-12_105640_ttt.skoletjenesten.no_-300x185.png 300w\" sizes=\"auto, (max-width: 416px) 100vw, 416px\" \/><\/figure>\n<\/div>\n\n\n<p><strong><em>Vv 3: Lerke.<\/em><\/strong> Som med alt annet m\u00e5 man n\u00e5 gj\u00f8re jobben selv ogs\u00e5 n\u00e5r det gjelder drikkevarer til Holmenkolldagen. Varer som den det averteres for i annonsen ved siden av, er ikke en gang \u00e5 f\u00e5 p\u00e5 Vinmonopolet.<\/p>\n\n\n\n<p><a href=\"mailto:ttt@skoletjenesten.no?cc=&amp;bcc=&amp;subject=Vv%203\/11&amp;amptarget=\"><em>Kommenter denne notisen<\/em><\/a><\/p>\n\n\n\n<p class=\"has-text-align-center\">\u058e\u058e\u058e<\/p>\n\n\n<div class=\"wp-block-image is-style-twentytwentyone-border\">\n<figure class=\"alignright size-full\"><a href=\"http:\/\/oma.skoletjenesten.no\/wp-content\/uploads\/2025\/03\/10_Nedtelling2.html\" target=\"_blank\" rel=\" noreferrer noopener\"><img loading=\"lazy\" decoding=\"async\" width=\"337\" height=\"59\" src=\"https:\/\/oma.skoletjenesten.no\/wp-content\/uploads\/2025\/03\/10_Nedtelling_Opera-Bilde_2025-03-13_235524_10_Nedtelling2.html.png\" alt=\"\" class=\"wp-image-1610\" srcset=\"https:\/\/oma.skoletjenesten.no\/wp-content\/uploads\/2025\/03\/10_Nedtelling_Opera-Bilde_2025-03-13_235524_10_Nedtelling2.html.png 337w, https:\/\/oma.skoletjenesten.no\/wp-content\/uploads\/2025\/03\/10_Nedtelling_Opera-Bilde_2025-03-13_235524_10_Nedtelling2.html-300x53.png 300w\" sizes=\"auto, (max-width: 337px) 100vw, 337px\" \/><\/a><figcaption class=\"wp-element-caption\">Klikk for \u00e5 se nedtellingen til f\u00f8rste presidentskifte i Sambandsstatene.<\/figcaption><\/figure>\n<\/div>\n\n\n<p id=\"trumpnedtelling\"><strong><em>Vv 4: Nedtelling.<\/em><\/strong> \u00abN\u00e5r skal dette v\u00e6re omme?\u00bb st\u00e5r det i Bj\u00f8rnsons dikt <em>Kantate ved hundre\u00e5rs-f\u00e6sten for \u00abNorges Vel\u00bb<\/em>. Mange stiller samme sp\u00f8rsm\u00e5l etter at president Donald har herjet i noen uker. Svaret er 20. januar 2029, og telleverket her viser hvor lang tid det er igjen. (justert til norsk tid).<\/p>\n\n\n\n<p><a href=\"mailto:ttt@skoletjenesten.no?cc=&amp;bcc=&amp;subject=Vv%204\/11&amp;amptarget=\"><em>Kommenter denne notisen<\/em><\/a><\/p>\n\n\n\n<p class=\"has-text-align-center\">\u058e\u058e\u058e<\/p>\n\n\n\n<p class=\"has-text-align-left\"><strong><em>Vv 5: \u00c5rsinntekt.<\/em><\/strong> Prisstigningen fra februar i fjor til februar i \u00e5r var st\u00f8rre enn ventet. Det er ingen grunn til \u00e5 klage. Les nedenfoe om \u00e5rsinntekt m.m. for hundre \u00e5r siden (klikk for st\u00f8rre teksta).<\/p>\n\n\n\n<div class=\"wp-block-columns is-layout-flex wp-container-core-columns-is-layout-9d6595d7 wp-block-columns-is-layout-flex\">\n<div class=\"wp-block-column is-layout-flow wp-block-column-is-layout-flow\" style=\"flex-basis:33.33%\">\n<figure class=\"wp-block-image size-full is-style-twentytwentyone-border\"><a href=\"https:\/\/oma.skoletjenesten.no\/wp-content\/uploads\/2025\/03\/40_Aarsinntekt-1925_1.jpg\" target=\"_blank\" rel=\" noreferrer noopener\"><img loading=\"lazy\" decoding=\"async\" width=\"629\" height=\"560\" src=\"https:\/\/oma.skoletjenesten.no\/wp-content\/uploads\/2025\/03\/40_Aarsinntekt-1925_1.jpg\" alt=\"\" class=\"wp-image-1604\" srcset=\"https:\/\/oma.skoletjenesten.no\/wp-content\/uploads\/2025\/03\/40_Aarsinntekt-1925_1.jpg 629w, https:\/\/oma.skoletjenesten.no\/wp-content\/uploads\/2025\/03\/40_Aarsinntekt-1925_1-300x267.jpg 300w\" sizes=\"auto, (max-width: 629px) 100vw, 629px\" \/><\/a><\/figure>\n<\/div>\n\n\n\n<div class=\"wp-block-column is-layout-flow wp-block-column-is-layout-flow\" style=\"flex-basis:66.66%\">\n<figure class=\"wp-block-image size-large is-style-twentytwentyone-border\"><a href=\"https:\/\/oma.skoletjenesten.no\/wp-content\/uploads\/2025\/03\/40_Aarsinntekt-1925_2_.jpg\" target=\"_blank\" rel=\" noreferrer noopener\"><img loading=\"lazy\" decoding=\"async\" width=\"1024\" height=\"508\" src=\"https:\/\/oma.skoletjenesten.no\/wp-content\/uploads\/2025\/03\/40_Aarsinntekt-1925_2_-1024x508.jpg\" alt=\"\" class=\"wp-image-1605\" srcset=\"https:\/\/oma.skoletjenesten.no\/wp-content\/uploads\/2025\/03\/40_Aarsinntekt-1925_2_-1024x508.jpg 1024w, https:\/\/oma.skoletjenesten.no\/wp-content\/uploads\/2025\/03\/40_Aarsinntekt-1925_2_-300x149.jpg 300w, https:\/\/oma.skoletjenesten.no\/wp-content\/uploads\/2025\/03\/40_Aarsinntekt-1925_2_-768x381.jpg 768w, https:\/\/oma.skoletjenesten.no\/wp-content\/uploads\/2025\/03\/40_Aarsinntekt-1925_2_.jpg 1459w\" sizes=\"auto, (max-width: 1024px) 100vw, 1024px\" \/><\/a><figcaption class=\"wp-element-caption\">Asker og B\u00e6rums Budstikke 16. mars 1925.<\/figcaption><\/figure>\n<\/div>\n<\/div>\n\n\n\n<div class=\"wp-block-columns is-layout-flex wp-container-core-columns-is-layout-9d6595d7 wp-block-columns-is-layout-flex\">\n<div class=\"wp-block-column is-layout-flow wp-block-column-is-layout-flow\"><\/div>\n\n\n\n<div class=\"wp-block-column is-layout-flow wp-block-column-is-layout-flow\"><\/div>\n<\/div>\n\n\n\n<p><a href=\"mailto:ttt@skoletjenesten.no?cc=&amp;bcc=&amp;subject=Vv%205\/11&amp;amptarget=\"><em>Kommenter denne notisen<\/em><\/a><\/p>\n\n\n\n<p class=\"has-text-align-center\">\u058e\u058e\u058e<\/p>\n\n\n<div class=\"wp-block-image is-style-twentytwentyone-border\">\n<figure class=\"alignright size-full\"><a href=\"http:\/\/oma.skoletjenesten.no\/wp-content\/uploads\/2025\/03\/50_Grunnundesoekelser-Oslo_Aftenposten%2014.%20mars%201925.pdf\" target=\"_blank\" rel=\" noreferrer noopener\"><img loading=\"lazy\" decoding=\"async\" width=\"518\" height=\"625\" src=\"https:\/\/oma.skoletjenesten.no\/wp-content\/uploads\/2025\/03\/50_Grunnundesoekelser-Oslo_OK_Aftenposten-14.-mars-1925.jpg\" alt=\"\" class=\"wp-image-1606\" srcset=\"https:\/\/oma.skoletjenesten.no\/wp-content\/uploads\/2025\/03\/50_Grunnundesoekelser-Oslo_OK_Aftenposten-14.-mars-1925.jpg 518w, https:\/\/oma.skoletjenesten.no\/wp-content\/uploads\/2025\/03\/50_Grunnundesoekelser-Oslo_OK_Aftenposten-14.-mars-1925-249x300.jpg 249w\" sizes=\"auto, (max-width: 518px) 100vw, 518px\" \/><\/a><figcaption class=\"wp-element-caption\">Aftenposten 14. mars 1925. Klikk for \u00e5 lese.<\/figcaption><\/figure>\n<\/div>\n\n\n<p><strong><em>Vv 6: Undergrunn.<\/em><\/strong> Under Oslo g\u00e5r b\u00e5de vei-, t-bane- og togtunnel. Det skulle de visst, de som for hundre \u00e5r siden bekymret seg for sviktende undergrunn (klippet ved siden av).<\/p>\n\n\n\n<p>.<\/p>\n\n\n\n<p>.<\/p>\n\n\n\n<p>.<\/p>\n\n\n\n<p><a href=\"mailto:ttt@skoletjenesten.no?cc=&amp;bcc=&amp;subject=Vv%206\/11&amp;amptarget=\"><em>Kommenter denne notisen<\/em><\/a><\/p>\n\n\n\n<p class=\"has-text-align-center\">\u058e\u058e\u058e<\/p>\n\n\n<div class=\"wp-block-image is-style-twentytwentyone-border\">\n<figure class=\"alignright size-full\"><a href=\"http:\/\/oma.skoletjenesten.no\/wp-content\/uploads\/2025\/03\/60_Elg-paa-Evje_1925-03-16_Budstikka_16-03-1925_print.pdf\" target=\"_blank\" rel=\" noreferrer noopener\"><img loading=\"lazy\" decoding=\"async\" width=\"559\" height=\"808\" src=\"https:\/\/oma.skoletjenesten.no\/wp-content\/uploads\/2025\/03\/60_Elg-paa-Evje_OK_1925-03-16_Budstikka_16-03-1925.jpg\" alt=\"\" class=\"wp-image-1607\" srcset=\"https:\/\/oma.skoletjenesten.no\/wp-content\/uploads\/2025\/03\/60_Elg-paa-Evje_OK_1925-03-16_Budstikka_16-03-1925.jpg 559w, https:\/\/oma.skoletjenesten.no\/wp-content\/uploads\/2025\/03\/60_Elg-paa-Evje_OK_1925-03-16_Budstikka_16-03-1925-208x300.jpg 208w\" sizes=\"auto, (max-width: 559px) 100vw, 559px\" \/><\/a><figcaption class=\"wp-element-caption\">Asker og B\u00e6rums Budstikke 16. mars 1925. Klikk for \u00e5 lese.<\/figcaption><\/figure>\n<\/div>\n\n\n<p><strong><em>Vv 7: Elg.<\/em><\/strong> Ogs\u00e5 her p\u00e5 Langset har det v\u00e6rt elgbes\u00f8k. Den forsynte seg en oktoberkveld av de eplene som hang s\u00e5 h\u00f8yt at vi ikke hadde n\u00e5dd opp til dem under innh\u00f8stingen. S\u00e5 ble den skremt og travet gjennom berberis-hekken og ut p\u00e5 Gamle Drammensvei. Elgen som Budstikka omtalte i klippet ved siden av, fikk ikke epler, men hjelp \u2013 formodentlig av noen som var ferdig med \u00e5rets elgjakt.<\/p>\n\n\n\n<p><a href=\"mailto:ttt@skoletjenesten.no?cc=&amp;bcc=&amp;subject=Vv%207\/11&amp;amptarget=\"><em>Kommenter denne notisen<\/em><\/a><\/p>\n\n\n\n<p class=\"has-text-align-center\">\u058e\u058e\u058e<\/p>\n\n\n<div class=\"wp-block-image is-style-twentytwentyone-border\">\n<figure class=\"alignright size-full\"><img loading=\"lazy\" decoding=\"async\" width=\"399\" height=\"69\" src=\"https:\/\/oma.skoletjenesten.no\/wp-content\/uploads\/2025\/03\/70_Nekrologuhell_Opera-Bilde_2025-03-09_122927_e-avis.aftenposten.no_.png\" alt=\"\" class=\"wp-image-1608\" srcset=\"https:\/\/oma.skoletjenesten.no\/wp-content\/uploads\/2025\/03\/70_Nekrologuhell_Opera-Bilde_2025-03-09_122927_e-avis.aftenposten.no_.png 399w, https:\/\/oma.skoletjenesten.no\/wp-content\/uploads\/2025\/03\/70_Nekrologuhell_Opera-Bilde_2025-03-09_122927_e-avis.aftenposten.no_-300x52.png 300w\" sizes=\"auto, (max-width: 399px) 100vw, 399px\" \/><figcaption class=\"wp-element-caption\">Aftenposten mars 2025.<\/figcaption><\/figure>\n<\/div>\n\n\n<p><strong><em>Vv 8: Tekstkritikk.<\/em><\/strong> I enkelte tekster, f. eks. i nekrologer, skal man v\u00e6re sv\u00e6rt n\u00f8ye med formuleringene. Bloggeren synes hosst\u00e5ende tekst, fra en her u-identifisert nekrolog, ikke faller helt heldig ut.<\/p>\n\n\n\n<p><a href=\"mailto:ttt@skoletjenesten.no?cc=&amp;bcc=&amp;subject=Vv%208\/11&amp;amptarget=\"><em>Kommenter denne notisen<\/em><\/a><\/p>\n\n\n\n<p class=\"has-text-align-center\">\u058e\u058e\u058e<\/p>\n\n\n\n<p><strong><em>Vv 9: Firehjulstrekker.<\/em><\/strong> Da bloggeren f\u00f8rste gang bes\u00f8kte Island, leide han bil og kj\u00f8pte et veikart. P\u00e5 kartet var veiene av tre typer. Type 1 var ringveien langs kysten rundt hele \u00f8ya. Type 2 var if\u00f8lge kartet farbar for alle kj\u00f8ret\u00f8yer. Type 3 var farbar bare for firehjulsdrevne kj\u00f8ret\u00f8yer, men med merknaden \u00abelvene kan v\u00e6re vanskelig \u00e5 krysse om vinteren\u00bb. Filmen nedenfor er tatt opp i sommerhalv\u00e5ret. Den er neppe fra Island, men sj\u00e5f\u00f8ren er kanskje derfra?<\/p>\n\n\n\n<figure class=\"wp-block-video\"><video controls src=\"http:\/\/oma.skoletjenesten.no\/wp-content\/uploads\/2025\/03\/90Bil-krysser-elv.mp4\"><\/video><\/figure>\n\n\n\n<p><a href=\"mailto:ttt@skoletjenesten.no?cc=&amp;bcc=&amp;subject=Vv%209\/11&amp;amptarget=\"><em>Kommenter denne notisen<\/em><\/a><\/p>\n\n\n\n<hr class=\"wp-block-separator has-alpha-channel-opacity\"\/>\n\n\n\n<p class=\"has-text-align-center\"><em><a href=\"https:\/\/oma.skoletjenesten.no\/?p=1589\">Til innholdsliste for denne utgaven<\/a><\/em><\/p>\n\n\n\n<p><\/p>\n","protected":false},"excerpt":{"rendered":"<p>Denne spalten het tidligere Alternative fakta, som fortsatt er kategori-betegnelsen. I Alternative fakta l\u00e5 vekten ofte mer p\u00e5 det alternative enn p\u00e5 fakta. Her i Virtuell virkelighet kan vekten&nbsp; ligge mer p\u00e5 det virtuelle enn p\u00e5 virkeligheten. Navneskiftet ble forklart i siste utgave av Alternative fakta 15. januar 2021. Vv 1: Kontorutleie. Et par hundre&hellip; <a class=\"more-link\" href=\"https:\/\/oma.skoletjenesten.no\/?p=1594\">Fortsett \u00e5 lese <span class=\"screen-reader-text\">Virtuell virkelighet 11\/25<\/span><\/a><\/p>\n","protected":false},"author":1,"featured_media":0,"comment_status":"open","ping_status":"open","sticky":false,"template":"","format":"standard","meta":{"footnotes":""},"categories":[11,1],"tags":[],"class_list":["post-1594","post","type-post","status-publish","format-standard","hentry","category-alternative-fakta","category-uncategorized","entry"],"_links":{"self":[{"href":"https:\/\/oma.skoletjenesten.no\/index.php?rest_route=\/wp\/v2\/posts\/1594","targetHints":{"allow":["GET"]}}],"collection":[{"href":"https:\/\/oma.skoletjenesten.no\/index.php?rest_route=\/wp\/v2\/posts"}],"about":[{"href":"https:\/\/oma.skoletjenesten.no\/index.php?rest_route=\/wp\/v2\/types\/post"}],"author":[{"embeddable":true,"href":"https:\/\/oma.skoletjenesten.no\/index.php?rest_route=\/wp\/v2\/users\/1"}],"replies":[{"embeddable":true,"href":"https:\/\/oma.skoletjenesten.no\/index.php?rest_route=%2Fwp%2Fv2%2Fcomments&post=1594"}],"version-history":[{"count":9,"href":"https:\/\/oma.skoletjenesten.no\/index.php?rest_route=\/wp\/v2\/posts\/1594\/revisions"}],"predecessor-version":[{"id":2915,"href":"https:\/\/oma.skoletjenesten.no\/index.php?rest_route=\/wp\/v2\/posts\/1594\/revisions\/2915"}],"wp:attachment":[{"href":"https:\/\/oma.skoletjenesten.no\/index.php?rest_route=%2Fwp%2Fv2%2Fmedia&parent=1594"}],"wp:term":[{"taxonomy":"category","embeddable":true,"href":"https:\/\/oma.skoletjenesten.no\/index.php?rest_route=%2Fwp%2Fv2%2Fcategories&post=1594"},{"taxonomy":"post_tag","embeddable":true,"href":"https:\/\/oma.skoletjenesten.no\/index.php?rest_route=%2Fwp%2Fv2%2Ftags&post=1594"}],"curies":[{"name":"wp","href":"https:\/\/api.w.org\/{rel}","templated":true}]}}