{"id":1562,"date":"2025-03-07T10:01:56","date_gmt":"2025-03-07T10:01:56","guid":{"rendered":"https:\/\/oma.skoletjenesten.no\/?p=1562"},"modified":"2026-01-05T14:54:07","modified_gmt":"2026-01-05T14:54:07","slug":"engstelige-eldres-forening","status":"publish","type":"post","link":"https:\/\/oma.skoletjenesten.no\/?p=1562","title":{"rendered":"Engstelige Eldres Forening"},"content":{"rendered":"<div class=\"wp-block-image\">\n<figure class=\"alignright size-full\"><a href=\"http:\/\/oma.skoletjenesten.no\/wp-content\/uploads\/2025\/03\/101_EEFkort_OK_mobil.jpg\" target=\"_blank\" rel=\" noreferrer noopener\"><img loading=\"lazy\" decoding=\"async\" width=\"497\" height=\"232\" src=\"https:\/\/oma.skoletjenesten.no\/wp-content\/uploads\/2025\/03\/102_EEFkort_OK.jpg\" alt=\"\" class=\"wp-image-1563\" srcset=\"https:\/\/oma.skoletjenesten.no\/wp-content\/uploads\/2025\/03\/102_EEFkort_OK.jpg 497w, https:\/\/oma.skoletjenesten.no\/wp-content\/uploads\/2025\/03\/102_EEFkort_OK-300x140.jpg 300w\" sizes=\"auto, (max-width: 497px) 100vw, 497px\" \/><\/a><figcaption class=\"wp-element-caption\">Klikk ovenfor for \u00e5 laste ned logo som passer til skjermen p\u00e5 en \u00absmart\u00bb-telefon.<\/figcaption><\/figure>\n<\/div>\n\n\n<p>Engstelige Eldres Forening (EEF) har til n\u00e5 hatt ett medlem og flere assosierte medlemmer. Foreningens logo ved siden av kan brukes av alle som assosierer seg med EEF.<\/p>\n\n\n\n<p>Det kan v\u00e6re nyttig med en viss begrepsavklaring, s\u00e6rlig om begrepene <em>angst<\/em> og <em>engstelse<\/em>. <em>Angst<\/em> oppfatter jeg som en medisinsk betegnelse p\u00e5 frykt for noe uspesifisert. <em>Engstelse<\/em> er for meg mer konkret og ikke medisinsk. Jeg har s\u00f8kt p\u00e5 internett og mener \u00e5 finne st\u00f8tte for dette skillet.<\/p>\n\n\n\n<p>Det finnes allerede flere landsdekkende organisasjoner for eldre, men de arbeider alle p\u00e5 et overordnet niv\u00e5 vis \u00e0 vis myndigheter og politikere. De tre store organisasjonene jeg har funnet, er <a href=\"https:\/\/www.pensjonistforbundet.no\/om-pensjonistforbundet\" data-type=\"link\" data-id=\"https:\/\/www.pensjonistforbundet.no\/om-pensjonistforbundet\" target=\"_blank\" rel=\"noreferrer noopener\">Pensjonistforbundet<\/a>, <a href=\"https:\/\/livsgledeforeldre.no\/vart-arbeid\/om-kontoret\/\" data-type=\"link\" data-id=\"https:\/\/livsgledeforeldre.no\/vart-arbeid\/om-kontoret\/\" target=\"_blank\" rel=\"noreferrer noopener\">Livsglede for eldre<\/a> og <a href=\"https:\/\/seniornorge.org\/om-oss\/\" data-type=\"link\" data-id=\"https:\/\/seniornorge.org\/om-oss\/\" target=\"_blank\" rel=\"noreferrer noopener\">Senior Norge<\/a>. Den siste er jeg medlem av, men det hindrer ikke at jeg samtidig kan ha medlemskap i Engstelige Eldres Forening.<\/p>\n\n\n\n<p>EEFs arbeidsomr\u00e5de er praktisk rettet mot dagliglivet for gamlinger som meg. N\u00e5r EEF-logoen heretter dukker opp i bloggen, blir det for \u00e5 formidle konkrete tiltak som kan lette hverdagen. Et eksempel er <a href=\"https:\/\/torgeirs-tanker.skoletjenesten.no\/virtuell-virkelighet-9-23\/#tetrapodestokk\" data-type=\"link\" data-id=\"https:\/\/torgeirs-tanker.skoletjenesten.no\/virtuell-virkelighet-9-23\/#tetrapodestokk\" target=\"_blank\" rel=\"noreferrer noopener\">tetrapode-stokken<\/a>, som var omtalt i bloggen i mars 2023.<\/p>\n\n\n\n<p>Under EEF-logoen her i bloggen er det selvsagt ogs\u00e5 plass for innspill fra assosierte medlemmer som vil formidle egne erfaringer eller sp\u00f8rre etter gode r\u00e5d.<\/p>\n\n\n\n<p>Selv om EEF ikke tar sikte p\u00e5 noen konkurranse med de etablerte, landsomfattende eldreforeningene, kan nok det uformelle tiltaket bli formalisert og bli registrert i foreningsregisteret i Br\u00f8nn\u00f8ysund., fortrinnsvis da med samme arbeidsrammer som n\u00e5.<\/p>\n\n\n\n<p><em><a href=\"https:\/\/oma.skoletjenesten.no\/?page_id=2072\" data-type=\"link\" data-id=\"https:\/\/oma.skoletjenesten.no\/?page_id=2072\" target=\"_blank\" rel=\"noreferrer noopener\">Alle EEF-innlegg<\/a><\/em><\/p>\n\n\n\n<hr class=\"wp-block-separator has-alpha-channel-opacity\"\/>\n\n\n\n<p class=\"has-text-align-center\"><em><a href=\"https:\/\/oma.skoletjenesten.no\/?p=1551\">Til innholdsliste for denne utgaven<\/a><\/em><\/p>\n","protected":false},"excerpt":{"rendered":"<p>Engstelige Eldres Forening (EEF) har til n\u00e5 hatt ett medlem og flere assosierte medlemmer. Foreningens logo ved siden av kan brukes av alle som assosierer seg med EEF. Det kan v\u00e6re nyttig med en viss begrepsavklaring, s\u00e6rlig om begrepene angst og engstelse. Angst oppfatter jeg som en medisinsk betegnelse p\u00e5 frykt for noe uspesifisert. Engstelse&hellip; <a class=\"more-link\" href=\"https:\/\/oma.skoletjenesten.no\/?p=1562\">Fortsett \u00e5 lese <span class=\"screen-reader-text\">Engstelige Eldres Forening<\/span><\/a><\/p>\n","protected":false},"author":1,"featured_media":0,"comment_status":"open","ping_status":"open","sticky":false,"template":"","format":"standard","meta":{"footnotes":""},"categories":[19],"tags":[],"class_list":["post-1562","post","type-post","status-publish","format-standard","hentry","category-engstelige-eldres-forening","entry"],"_links":{"self":[{"href":"https:\/\/oma.skoletjenesten.no\/index.php?rest_route=\/wp\/v2\/posts\/1562","targetHints":{"allow":["GET"]}}],"collection":[{"href":"https:\/\/oma.skoletjenesten.no\/index.php?rest_route=\/wp\/v2\/posts"}],"about":[{"href":"https:\/\/oma.skoletjenesten.no\/index.php?rest_route=\/wp\/v2\/types\/post"}],"author":[{"embeddable":true,"href":"https:\/\/oma.skoletjenesten.no\/index.php?rest_route=\/wp\/v2\/users\/1"}],"replies":[{"embeddable":true,"href":"https:\/\/oma.skoletjenesten.no\/index.php?rest_route=%2Fwp%2Fv2%2Fcomments&post=1562"}],"version-history":[{"count":4,"href":"https:\/\/oma.skoletjenesten.no\/index.php?rest_route=\/wp\/v2\/posts\/1562\/revisions"}],"predecessor-version":[{"id":3720,"href":"https:\/\/oma.skoletjenesten.no\/index.php?rest_route=\/wp\/v2\/posts\/1562\/revisions\/3720"}],"wp:attachment":[{"href":"https:\/\/oma.skoletjenesten.no\/index.php?rest_route=%2Fwp%2Fv2%2Fmedia&parent=1562"}],"wp:term":[{"taxonomy":"category","embeddable":true,"href":"https:\/\/oma.skoletjenesten.no\/index.php?rest_route=%2Fwp%2Fv2%2Fcategories&post=1562"},{"taxonomy":"post_tag","embeddable":true,"href":"https:\/\/oma.skoletjenesten.no\/index.php?rest_route=%2Fwp%2Fv2%2Ftags&post=1562"}],"curies":[{"name":"wp","href":"https:\/\/api.w.org\/{rel}","templated":true}]}}