{"id":151,"date":"2024-08-09T10:00:00","date_gmt":"2024-08-09T10:00:00","guid":{"rendered":"https:\/\/oma.skoletjenesten.no\/?p=151"},"modified":"2024-12-25T12:39:24","modified_gmt":"2024-12-25T12:39:24","slug":"virtuell-virkelighet-31-24","status":"publish","type":"post","link":"https:\/\/oma.skoletjenesten.no\/?p=151","title":{"rendered":"Virtuell virkelighet 31\/24"},"content":{"rendered":"\n<p><small>Denne spalten het tidligere <em>Alternative fakta<\/em>, som fortsatt er kategori-betegnelsen. I<em> Alternative fakta<\/em> l\u00e5 vekten ofte mer p\u00e5 det alternative enn p\u00e5 fakta. Her i <em>Virtuell virkelighet<\/em> kan vekten&nbsp; ligge mer p\u00e5 det virtuelle enn p\u00e5 virkeligheten.<\/small><\/p>\n\n\n\n<p><small>Navneskiftet ble forklart i <a href=\"http:\/\/ttt.skoletjenesten.no\/alternative-fakta-3-21\/\" target=\"_blank\" rel=\"noreferrer noopener\">siste utgave av Alternative fakta 15. januar 2021<\/a>.<\/small><\/p>\n\n\n\n<hr class=\"wp-block-separator has-alpha-channel-opacity\"\/>\n\n\n<div class=\"wp-block-image is-style-twentytwentyone-border\">\n<figure class=\"alignright size-full\"><a href=\"http:\/\/torgeirs-tanker.skoletjenesten.no\/wp-content\/uploads\/2024\/08\/10_Klimaendret-tid_Aftenposten%2020.%20juli%202024.pdf\" target=\"_blank\" rel=\"noreferrer noopener\"><img loading=\"lazy\" decoding=\"async\" width=\"607\" height=\"857\" src=\"https:\/\/oma.skoletjenesten.no\/wp-content\/uploads\/2024\/08\/10_Klimaendret-tid_Aftenposten-20.-juli-2024.jpg\" alt=\"\" class=\"wp-image-153\" srcset=\"https:\/\/oma.skoletjenesten.no\/wp-content\/uploads\/2024\/08\/10_Klimaendret-tid_Aftenposten-20.-juli-2024.jpg 607w, https:\/\/oma.skoletjenesten.no\/wp-content\/uploads\/2024\/08\/10_Klimaendret-tid_Aftenposten-20.-juli-2024-212x300.jpg 212w\" sizes=\"auto, (max-width: 607px) 100vw, 607px\" \/><\/a><figcaption class=\"wp-element-caption\">Aftenposten 20. juli 2024. Klikk for \u00e5 lese.<\/figcaption><\/figure>\n<\/div>\n\n\n<p><strong><em>Vv 1: Klimatid.<\/em><\/strong> Klimaendringene p\u00e5virker ogs\u00e5 tiden (den som vises p\u00e5 uret), if\u00f8lge Aftenposten. Dagen blir lengre fordi jordrotasjonen g\u00e5r langsommere. Men ta det med ro, det er forel\u00f8pig ikke n\u00f8dvendig \u00e5 st\u00e5 opp tidligere for \u00e5 n\u00e5 bussen til jobben.<\/p>\n\n\n\n<p>.<\/p>\n\n\n\n<p>.<\/p>\n\n\n\n<p><a href=\"mailto:ttt@skoletjenesten.no?cc=&amp;bcc=&amp;subject=Vv%201\/31&amp;amptarget=\"><em>Kommenter denne notisen<\/em><\/a><\/p>\n\n\n\n<p class=\"has-text-align-center\">\u058e\u058e\u058e<\/p>\n\n\n<div class=\"wp-block-image is-style-twentytwentyone-border\">\n<figure class=\"alignright size-full\"><img loading=\"lazy\" decoding=\"async\" width=\"429\" height=\"517\" src=\"https:\/\/oma.skoletjenesten.no\/wp-content\/uploads\/2024\/08\/20_Romfolk-vesener_Opera-Bilde_2024-07-28_131913_e-avis.aftenposten.no-2.png\" alt=\"\" class=\"wp-image-160\" srcset=\"https:\/\/oma.skoletjenesten.no\/wp-content\/uploads\/2024\/08\/20_Romfolk-vesener_Opera-Bilde_2024-07-28_131913_e-avis.aftenposten.no-2.png 429w, https:\/\/oma.skoletjenesten.no\/wp-content\/uploads\/2024\/08\/20_Romfolk-vesener_Opera-Bilde_2024-07-28_131913_e-avis.aftenposten.no-2-249x300.png 249w\" sizes=\"auto, (max-width: 429px) 100vw, 429px\" \/><figcaption class=\"wp-element-caption\">Aftenposten 26. juli 2024, <\/figcaption><\/figure>\n<\/div>\n\n\n<p><strong><em>Vv 2: Folkeslag.<\/em><\/strong> <em>Romfolk<\/em> er ikke det samme som <em>romvesener<\/em>, viser det seg. Det er derimot Aftenpostens betegnelse p\u00e5 det som tidligere kaltes sig\u00f8ynere. Men politiet har oversikt!<\/p>\n\n\n\n<p>.<\/p>\n\n\n\n<p>.<\/p>\n\n\n\n<p>.<\/p>\n\n\n\n<p><a href=\"mailto:ttt@skoletjenesten.no?cc=&amp;bcc=&amp;subject=Vv%202\/31&amp;amptarget=\"><em>Kommenter denne notisen<\/em><\/a><\/p>\n\n\n\n<p class=\"has-text-align-center\">\u058e\u058e\u058e<\/p>\n\n\n<div class=\"wp-block-image is-style-twentytwentyone-border\">\n<figure class=\"alignright size-full\"><img loading=\"lazy\" decoding=\"async\" width=\"762\" height=\"730\" src=\"https:\/\/oma.skoletjenesten.no\/wp-content\/uploads\/2024\/08\/30_Palestinaflagg_OK_IMG_20240705_112422068.jpg\" alt=\"\" class=\"wp-image-155\" srcset=\"https:\/\/oma.skoletjenesten.no\/wp-content\/uploads\/2024\/08\/30_Palestinaflagg_OK_IMG_20240705_112422068.jpg 762w, https:\/\/oma.skoletjenesten.no\/wp-content\/uploads\/2024\/08\/30_Palestinaflagg_OK_IMG_20240705_112422068-300x287.jpg 300w\" sizes=\"auto, (max-width: 762px) 100vw, 762px\" \/><\/figure>\n<\/div>\n\n\n<p id=\"gaza\"><strong><em>Vv 3: Flagg.<\/em><\/strong> Personen p\u00e5 bildet ved siden av ble observert for et par uker siden. Bloggeren har innsigelse mot flagget, eller rettere sagt mot hvordan det blir brukt. Forh\u00e5pentlig bruker ingen et norsk flagg som varmeteppe der flagget kommer fra.<\/p>\n\n\n\n<p><a href=\"mailto:ttt@skoletjenesten.no?cc=&amp;bcc=&amp;subject=Vv%203\/31&amp;amptarget=\"><em>Kommenter denne notisen<\/em><\/a><\/p>\n\n\n\n<p class=\"has-text-align-center\">\u058e\u058e\u058e<\/p>\n\n\n\n<p id=\"kjernekraft\"><strong><em>Vv 4: Kjernekraft.<\/em><\/strong> TV-programmet <em><a href=\"https:\/\/tv.nrk.no\/serie\/atomkraft-ja-takk\/sesong\/1\/episode\/KOID35002021\" target=\"_blank\" rel=\"noreferrer noopener\">Atomkraft, ja takk<\/a><\/em> gikk nylig i reprise. Det fikk bloggeren til \u00e5 tenke p\u00e5 det kommende <a href=\"https:\/\/torgeirs-tanker.skoletjenesten.no\/kadettangen-kjernekraftverk\/\" target=\"_blank\" rel=\"noreferrer noopener\">kjernekraftverket p\u00e5 Kadettangen<\/a> i B\u00e6rum (klimaklok kommune). Der blir det gressbane opp\u00e5 kraftverket med naturgress som f\u00e5r varme nedenfra og er gr\u00f8nt fra slutten av mars. Og spillernes fotballsko kan oppbevares slik at skoene blir selvlysende.<\/p>\n\n\n\n<p><a href=\"mailto:ttt@skoletjenesten.no?cc=&amp;bcc=&amp;subject=Vv%204\/31&amp;amptarget=\"><em>Kommenter denne notisen<\/em><\/a><\/p>\n\n\n\n<p class=\"has-text-align-center\">\u058e\u058e\u058e<\/p>\n\n\n<div class=\"wp-block-image is-style-twentytwentyone-border\">\n<figure class=\"alignright size-full\"><a href=\"http:\/\/torgeirs-tanker.skoletjenesten.no\/wp-content\/uploads\/2024\/08\/60_Barneoppdragelse_Aftenposten%2019.%20juli%202024.pdf\" target=\"_blank\" rel=\"noreferrer noopener\"><img loading=\"lazy\" decoding=\"async\" width=\"301\" height=\"532\" src=\"https:\/\/oma.skoletjenesten.no\/wp-content\/uploads\/2024\/08\/60_Barneoppdragelse_Aftenposten-19.-juli-2024.jpg\" alt=\"\" class=\"wp-image-156\" srcset=\"https:\/\/oma.skoletjenesten.no\/wp-content\/uploads\/2024\/08\/60_Barneoppdragelse_Aftenposten-19.-juli-2024.jpg 301w, https:\/\/oma.skoletjenesten.no\/wp-content\/uploads\/2024\/08\/60_Barneoppdragelse_Aftenposten-19.-juli-2024-170x300.jpg 170w\" sizes=\"auto, (max-width: 301px) 100vw, 301px\" \/><\/a><figcaption class=\"wp-element-caption\">Aftenposten 19. juli 2024. Klikk for \u00e5 lese.<\/figcaption><\/figure>\n<\/div>\n\n\n<p><strong><em>Vv 5: Barn.<\/em><\/strong> Fra en sikker kilde i det dav\u00e6rende Luftfartsverket fikk bloggeren opplyst det motsatte av hva Aftenposten forteller om norsk barneoppdragelse (klippet ved siden av). P\u00e5 den tiden var norske barn internasjonalt beryktet fordi ingen holdt styr p\u00e5 dem under en flyreise. De hylte og skrek og plaget de andre passasjerene uten at foreldrene grep inn.<\/p>\n\n\n\n<p>.<\/p>\n\n\n\n<p>.<\/p>\n\n\n\n<p><a href=\"mailto:ttt@skoletjenesten.no?cc=&amp;bcc=&amp;subject=Vv%205\/31&amp;amptarget=\"><em>Kommenter denne notisen<\/em><\/a><\/p>\n\n\n\n<p class=\"has-text-align-center\">\u058e\u058e\u058e<\/p>\n\n\n<div class=\"wp-block-image is-style-twentytwentyone-border\">\n<figure class=\"alignright size-full\"><img loading=\"lazy\" decoding=\"async\" width=\"745\" height=\"148\" src=\"https:\/\/oma.skoletjenesten.no\/wp-content\/uploads\/2024\/08\/70_Renspikket_Opera-Bilde_2024-07-21_130140_e-avis.aftenposten.no_.png\" alt=\"\" class=\"wp-image-158\" srcset=\"https:\/\/oma.skoletjenesten.no\/wp-content\/uploads\/2024\/08\/70_Renspikket_Opera-Bilde_2024-07-21_130140_e-avis.aftenposten.no_.png 745w, https:\/\/oma.skoletjenesten.no\/wp-content\/uploads\/2024\/08\/70_Renspikket_Opera-Bilde_2024-07-21_130140_e-avis.aftenposten.no_-300x60.png 300w\" sizes=\"auto, (max-width: 745px) 100vw, 745px\" \/><figcaption class=\"wp-element-caption\">Aftenposten 19. juli 2024.<\/figcaption><\/figure>\n<\/div>\n\n\n<p><strong><em>Vv 6: Riksm\u00e5l?<\/em><\/strong> <em>Reinspikka<\/em> er et <a href=\"https:\/\/naob.no\/ordbok\/reinspikka\" target=\"_blank\" rel=\"noreferrer noopener\">oppslagsord<\/a> i Det Norske Akademis Ordbok (NAOB \u2013 nettversjonen av Riksm\u00e5lsordboken). Men Aftenposten skriver <em>renspikket<\/em> (av gammel vane?).<\/p>\n\n\n\n<p><a href=\"mailto:ttt@skoletjenesten.no?cc=&amp;bcc=&amp;subject=Vv%206\/31&amp;amptarget=\"><em>Kommenter denne notisen<\/em><\/a><\/p>\n\n\n\n<p class=\"has-text-align-center\">\u058e\u058e\u058e<\/p>\n\n\n\n<p><strong><em>Vv 7: Merket.<\/em><\/strong> En av kandidatene ved det kommende presidentvalget i Sambandsstatene ble nylig utsatt for et attentat og fikk et s\u00e5r p\u00e5 \u00f8ret. Fra kyndig hold blir kandidaten advart mot \u00e5 bes\u00f8ke Finnmark, der samene merker reinen med hakk i \u00f8ret.<\/p>\n\n\n\n<p><a href=\"mailto:ttt@skoletjenesten.no?cc=&amp;bcc=&amp;subject=Vv%207\/31&amp;amptarget=\"><em>Kommenter denne notisen<\/em><\/a><\/p>\n\n\n\n<p class=\"has-text-align-center\">\u058e\u058e\u058e<\/p>\n\n\n\n<p><strong><em>Vv 8: Kvalitet?<\/em><\/strong> Talemaskinen som den skattefinansierte radiokanalen NRK bruker til \u00e5 lese oversettelser, er for bloggeren et klart bevis p\u00e5 at NRKs fremmedordbok slutter f\u00f8r bokstaven K, der ordet <em>kvalitet<\/em> st\u00e5r. P\u00e5 klippet nedenfor er TV-lyden erstattet av radiolyden (med talemaskin). F\u00f8lg tekstingen og h\u00f8r hvordan den blir lest!<\/p>\n\n\n\n<figure class=\"wp-block-video\"><video height=\"674\" style=\"aspect-ratio: 1194 \/ 674;\" width=\"1194\" controls src=\"https:\/\/oma.skoletjenesten.no\/wp-content\/uploads\/2024\/08\/90_Talemaskin-Linjedeling-i-tekst_240725_NRK-AlltidNyheter-TV-med-radiolyd_Maskin_Netanyahu.mp4\"><\/video><\/figure>\n\n\n\n<p><a href=\"mailto:ttt@skoletjenesten.no?cc=&amp;bcc=&amp;subject=Vv%208\/31&amp;amptarget=\"><em>Kommenter denne notisen<\/em><\/a><\/p>\n\n\n\n<hr class=\"wp-block-separator has-alpha-channel-opacity\"\/>\n\n\n\n<p class=\"has-text-align-center\"><em><a href=\"https:\/\/oma.skoletjenesten.no\/?p=165\">Til innholdsliste for denne utgaven<\/a><\/em><\/p>\n","protected":false},"excerpt":{"rendered":"<p>Denne spalten het tidligere Alternative fakta, som fortsatt er kategori-betegnelsen. I Alternative fakta l\u00e5 vekten ofte mer p\u00e5 det alternative enn p\u00e5 fakta. Her i Virtuell virkelighet kan vekten&nbsp; ligge mer p\u00e5 det virtuelle enn p\u00e5 virkeligheten. Navneskiftet ble forklart i siste utgave av Alternative fakta 15. januar 2021. Vv 1: Klimatid. Klimaendringene p\u00e5virker ogs\u00e5&hellip; <a class=\"more-link\" href=\"https:\/\/oma.skoletjenesten.no\/?p=151\">Fortsett \u00e5 lese <span class=\"screen-reader-text\">Virtuell virkelighet 31\/24<\/span><\/a><\/p>\n","protected":false},"author":1,"featured_media":0,"comment_status":"open","ping_status":"open","sticky":false,"template":"","format":"standard","meta":{"footnotes":""},"categories":[11],"tags":[],"class_list":["post-151","post","type-post","status-publish","format-standard","hentry","category-alternative-fakta","entry"],"_links":{"self":[{"href":"https:\/\/oma.skoletjenesten.no\/index.php?rest_route=\/wp\/v2\/posts\/151","targetHints":{"allow":["GET"]}}],"collection":[{"href":"https:\/\/oma.skoletjenesten.no\/index.php?rest_route=\/wp\/v2\/posts"}],"about":[{"href":"https:\/\/oma.skoletjenesten.no\/index.php?rest_route=\/wp\/v2\/types\/post"}],"author":[{"embeddable":true,"href":"https:\/\/oma.skoletjenesten.no\/index.php?rest_route=\/wp\/v2\/users\/1"}],"replies":[{"embeddable":true,"href":"https:\/\/oma.skoletjenesten.no\/index.php?rest_route=%2Fwp%2Fv2%2Fcomments&post=151"}],"version-history":[{"count":10,"href":"https:\/\/oma.skoletjenesten.no\/index.php?rest_route=\/wp\/v2\/posts\/151\/revisions"}],"predecessor-version":[{"id":1080,"href":"https:\/\/oma.skoletjenesten.no\/index.php?rest_route=\/wp\/v2\/posts\/151\/revisions\/1080"}],"wp:attachment":[{"href":"https:\/\/oma.skoletjenesten.no\/index.php?rest_route=%2Fwp%2Fv2%2Fmedia&parent=151"}],"wp:term":[{"taxonomy":"category","embeddable":true,"href":"https:\/\/oma.skoletjenesten.no\/index.php?rest_route=%2Fwp%2Fv2%2Fcategories&post=151"},{"taxonomy":"post_tag","embeddable":true,"href":"https:\/\/oma.skoletjenesten.no\/index.php?rest_route=%2Fwp%2Fv2%2Ftags&post=151"}],"curies":[{"name":"wp","href":"https:\/\/api.w.org\/{rel}","templated":true}]}}